{"id":593494,"date":"2025-12-11T19:55:17","date_gmt":"2025-12-11T19:55:17","guid":{"rendered":"https:\/\/www.europesays.com\/fr\/593494\/"},"modified":"2025-12-11T19:55:17","modified_gmt":"2025-12-11T19:55:17","slug":"sebastien-barles-se-lance-en-campagne-contre-les-nitrates-dammonium-a-marseille-nous-refusons-un-beyrouth-bis","status":"publish","type":"post","link":"https:\/\/www.europesays.com\/fr\/593494\/","title":{"rendered":"S\u00e9bastien Barles se lance en campagne contre les nitrates d&rsquo;ammonium \u00e0 Marseille : \u00ab\u00a0Nous refusons un Beyrouth-bis\u00a0\u00bb"},"content":{"rendered":"<p>\u00c0 Marseille \u00ab\u00a0tout peut exploser\u00a0\u00bb ? C&rsquo;est l&rsquo;adjoint (Va\u00ef) \u00e0 la transition \u00e9cologique <a href=\"https:\/\/www.laprovence.com\/article\/elections\/1271569872674714\/municipales-2026-a-marseille-l-ecologie-est-forcement-radicale-sebastien-barles-justifie-son-ralliement-a-lfi\" target=\"_blank\" rel=\"noopener\">S\u00e9bastien Barles<\/a> et Paul Poulain, sp\u00e9cialiste des risques industriels, qui le disent. Ce jeudi 11 d\u00e9cembre, avec le collectif Va\u00ef, le duo d\u00e9non\u00e7ait le stockage de 2 000\u00a0tonnes d&rsquo;engrais \u00e0 base d&rsquo;ammonitrates dans le bassin Mirabeau, sur le port de <a href=\"https:\/\/www.laprovence.com\/bouches-du-rhone\/marseille-13055\" target=\"_blank\" rel=\"noopener\">Marseille<\/a>.<\/p>\n<p>Des courriers ont \u00e9t\u00e9 envoy\u00e9s au pr\u00e9fet et \u00e0 la direction du Port, indique S\u00e9bastien Barles. Il esp\u00e8re aussi d\u00e9poser une proposition de loi contre les ammonitrates d&rsquo;ici janvier via les d\u00e9put\u00e9s (LFI) Manuel Bompard et S\u00e9bastien Delogu, qu&rsquo;il a rejoints dans la campagne des <a href=\"https:\/\/www.laprovence.com\/elections\/municipales\" target=\"_blank\" rel=\"noopener\">\u00e9lections municipales<\/a>.\u00a0<\/p>\n","protected":false},"excerpt":{"rendered":"\u00c0 Marseille \u00ab\u00a0tout peut exploser\u00a0\u00bb ? C&rsquo;est l&rsquo;adjoint (Va\u00ef) \u00e0 la transition \u00e9cologique S\u00e9bastien Barles et Paul Poulain,&hellip;\n","protected":false},"author":2,"featured_media":593495,"comment_status":"","ping_status":"","sticky":false,"template":"","format":"standard","meta":{"footnotes":""},"categories":[2814],"tags":[17,1111,11,47719,3226,1444,5949,1777,674,1011,27,9447,151,884,12,39789,882,25,17417],"class_list":{"0":"post-593494","1":"post","2":"type-post","3":"status-publish","4":"format-standard","5":"has-post-thumbnail","7":"category-marseille","8":"tag-17","9":"tag-actu","10":"tag-actualites","11":"tag-barles","12":"tag-campagne","13":"tag-contre","14":"tag-elections","15":"tag-eu","16":"tag-europe","17":"tag-fr","18":"tag-france","19":"tag-lance","20":"tag-les","21":"tag-marseille","22":"tag-news","23":"tag-nitrates","24":"tag-provence-alpes-cote-dazur","25":"tag-republique-francaise","26":"tag-sebastien"},"share_on_mastodon":{"url":"https:\/\/pubeurope.com\/@fr\/115702695451456107","error":""},"_links":{"self":[{"href":"https:\/\/www.europesays.com\/fr\/wp-json\/wp\/v2\/posts\/593494","targetHints":{"allow":["GET"]}}],"collection":[{"href":"https:\/\/www.europesays.com\/fr\/wp-json\/wp\/v2\/posts"}],"about":[{"href":"https:\/\/www.europesays.com\/fr\/wp-json\/wp\/v2\/types\/post"}],"author":[{"embeddable":true,"href":"https:\/\/www.europesays.com\/fr\/wp-json\/wp\/v2\/users\/2"}],"replies":[{"embeddable":true,"href":"https:\/\/www.europesays.com\/fr\/wp-json\/wp\/v2\/comments?post=593494"}],"version-history":[{"count":0,"href":"https:\/\/www.europesays.com\/fr\/wp-json\/wp\/v2\/posts\/593494\/revisions"}],"wp:featuredmedia":[{"embeddable":true,"href":"https:\/\/www.europesays.com\/fr\/wp-json\/wp\/v2\/media\/593495"}],"wp:attachment":[{"href":"https:\/\/www.europesays.com\/fr\/wp-json\/wp\/v2\/media?parent=593494"}],"wp:term":[{"taxonomy":"category","embeddable":true,"href":"https:\/\/www.europesays.com\/fr\/wp-json\/wp\/v2\/categories?post=593494"},{"taxonomy":"post_tag","embeddable":true,"href":"https:\/\/www.europesays.com\/fr\/wp-json\/wp\/v2\/tags?post=593494"}],"curies":[{"name":"wp","href":"https:\/\/api.w.org\/{rel}","templated":true}]}}