{"id":593498,"date":"2025-12-11T19:57:22","date_gmt":"2025-12-11T19:57:22","guid":{"rendered":"https:\/\/www.europesays.com\/fr\/593498\/"},"modified":"2025-12-11T19:57:22","modified_gmt":"2025-12-11T19:57:22","slug":"une-exposition-gratuite-dediee-aux-celebres-anooki-a-lyon-jusqua-janvier","status":"publish","type":"post","link":"https:\/\/www.europesays.com\/fr\/593498\/","title":{"rendered":"Une exposition gratuite d\u00e9di\u00e9e aux c\u00e9l\u00e8bres Anooki \u00e0 Lyon jusqu&rsquo;\u00e0 janvier"},"content":{"rendered":"<p data-start=\"309\" data-end=\"862\">Ils ont illumin\u00e9 l\u2019Op\u00e9ra, amus\u00e9 la gare Saint-Paul, fait fondre les foules avec leurs versions XXL au parc de la T\u00eate-d\u2019Or\u2026 <strong>Les Anooki reviennent faire craquer les Lyonnais, mais cette fois loin des projecteurs et des lasers.<\/strong> Leur terrain de jeu\u00a0: la galerie Estades, o\u00f9 Moetu Batlle et David Passegand d\u00e9voilent une exposition enti\u00e8rement d\u00e9di\u00e9e \u00e0 leurs deux esquimaux farceurs. <strong>Et bonne nouvelle\u00a0: c\u2019est gratuit, pile pour prolonger la magie de d\u00e9cembre.<\/strong><\/p>\n<p>&#13;<\/p>\n<p data-start=\"309\" data-end=\"862\"><strong><img loading=\"lazy\" decoding=\"async\" src=\"https:\/\/www.europesays.com\/fr\/wp-content\/uploads\/2025\/12\/exposition-anooki-lyon-2.jpg\" width=\"1280\" height=\"1280\" alt=\"exposition-anooki-lyon\"\/><\/strong><\/p>\n<p>&#13;<br \/>\n<strong>Une expo immersive dans l\u2019univers givr\u00e9 des Anooki<\/strong>&#13;<\/p>\n<p data-start=\"920\" data-end=\"1525\">N\u00e9s comme personnages d\u2019animation, les Anooki se sont mu\u00e9s au fil des \u00e9ditions en v\u00e9ritables mascottes de la Ville des Lumi\u00e8re. Pour cette expo baptis\u00e9e \u00ab\u00a0Les Anooki amusent la galerie\u00a0\u00bb, ils prennent enfin \u00ab\u00a0corps\u00a0\u00bb\u00a0: <strong>sculptures joyeuses, tableaux lumineux et sc\u00e8nes pleines de tendresse font plonger les visiteurs au c\u0153ur de leur monde espi\u00e8gle. <\/strong>On retrouve m\u00eame des r\u00e9f\u00e9rences \u00e0 Lyon diss\u00e9min\u00e9es dans les \u0153uvres, comme si les deux comp\u00e8res s\u2019\u00e9taient amus\u00e9s \u00e0 redessiner la ville \u00e0 leur sauce.<\/p>\n<p>&#13;<\/p>\n<p data-start=\"920\" data-end=\"1525\"><img loading=\"lazy\" decoding=\"async\" src=\"https:\/\/www.europesays.com\/fr\/wp-content\/uploads\/2025\/12\/exposition-anooki-lyon-3.jpg\" width=\"1280\" height=\"1280\" alt=\"exposition-anooki-lyon\"\/><\/p>\n<p>&#13;<\/p>\n<p data-start=\"1577\" data-end=\"2117\">Apr\u00e8s avoir succ\u00e9d\u00e9 au c\u00e9l\u00e8bre <a href=\"https:\/\/www.lebonbon.fr\/lyon\/culture\/exposition-philippe-geluck-chat-lyon\/\" target=\"_blank\" rel=\"noopener\">Chat de Philippe Geluck<\/a>, les petits esquimaux montrent qu\u2019ils ont clairement la carrure pour tenir la vedette. <strong>L\u2019exposition, inaugur\u00e9e le 22 novembre, est visible jusqu\u2019au 10 janvier 2026 <\/strong>pour illuminer les f\u00eates lyonnaises de sa magie. Familles, enfants, amoureux de la F\u00eate des Lumi\u00e8res\u00a0: tout le monde y trouve son compte. Et entre deux vitrines de No\u00ebl, c\u2019est l\u2019activit\u00e9 parfaite pour prolonger la magie hivernale sans mettre le nez dehors trop longtemps.<\/p>\n<p>&#13;<\/p>\n<p data-start=\"1577\" data-end=\"2117\"><img loading=\"lazy\" decoding=\"async\" src=\"https:\/\/www.europesays.com\/fr\/wp-content\/uploads\/2025\/12\/exposition-anooki-lyon.jpg\" width=\"1280\" height=\"1280\" alt=\"exposition-anooki-lyon\"\/><\/p>\n<p>&#13;<\/p>\n<p data-start=\"1577\" data-end=\"2117\"><strong>Galerie Estades &#8211; <\/strong><strong>61 quai Saint-Vincent -Lyon 1er<\/strong><br \/><strong>Lundi 14h-19h et du mardi au samedi 10h-13h et 14h-19h jusqu&rsquo;au 10 janvier 2026<\/strong><br \/><strong>Entr\u00e9e libre<\/strong><br \/><strong><a href=\"https:\/\/www.estades.com\/expositions\/exposition-lyon\/\" rel=\"nofollow noopener noreferrer\" target=\"_blank\">Plus d&rsquo;infos<\/a><\/strong><\/p>\n","protected":false},"excerpt":{"rendered":"Ils ont illumin\u00e9 l\u2019Op\u00e9ra, amus\u00e9 la gare Saint-Paul, fait fondre les foules avec leurs versions XXL au parc&hellip;\n","protected":false},"author":2,"featured_media":593499,"comment_status":"","ping_status":"","sticky":false,"template":"","format":"standard","meta":{"footnotes":""},"categories":[1889],"tags":[1111,11,2430,1777,674,1011,27,2428,12,25],"class_list":{"0":"post-593498","1":"post","2":"type-post","3":"status-publish","4":"format-standard","5":"has-post-thumbnail","7":"category-lyon","8":"tag-actu","9":"tag-actualites","10":"tag-auvergne-rhone-alpes","11":"tag-eu","12":"tag-europe","13":"tag-fr","14":"tag-france","15":"tag-lyon","16":"tag-news","17":"tag-republique-francaise"},"share_on_mastodon":{"url":"https:\/\/pubeurope.com\/@fr\/115702705557307505","error":""},"_links":{"self":[{"href":"https:\/\/www.europesays.com\/fr\/wp-json\/wp\/v2\/posts\/593498","targetHints":{"allow":["GET"]}}],"collection":[{"href":"https:\/\/www.europesays.com\/fr\/wp-json\/wp\/v2\/posts"}],"about":[{"href":"https:\/\/www.europesays.com\/fr\/wp-json\/wp\/v2\/types\/post"}],"author":[{"embeddable":true,"href":"https:\/\/www.europesays.com\/fr\/wp-json\/wp\/v2\/users\/2"}],"replies":[{"embeddable":true,"href":"https:\/\/www.europesays.com\/fr\/wp-json\/wp\/v2\/comments?post=593498"}],"version-history":[{"count":0,"href":"https:\/\/www.europesays.com\/fr\/wp-json\/wp\/v2\/posts\/593498\/revisions"}],"wp:featuredmedia":[{"embeddable":true,"href":"https:\/\/www.europesays.com\/fr\/wp-json\/wp\/v2\/media\/593499"}],"wp:attachment":[{"href":"https:\/\/www.europesays.com\/fr\/wp-json\/wp\/v2\/media?parent=593498"}],"wp:term":[{"taxonomy":"category","embeddable":true,"href":"https:\/\/www.europesays.com\/fr\/wp-json\/wp\/v2\/categories?post=593498"},{"taxonomy":"post_tag","embeddable":true,"href":"https:\/\/www.europesays.com\/fr\/wp-json\/wp\/v2\/tags?post=593498"}],"curies":[{"name":"wp","href":"https:\/\/api.w.org\/{rel}","templated":true}]}}