{"id":593500,"date":"2025-12-11T19:58:13","date_gmt":"2025-12-11T19:58:13","guid":{"rendered":"https:\/\/www.europesays.com\/fr\/593500\/"},"modified":"2025-12-11T19:58:13","modified_gmt":"2025-12-11T19:58:13","slug":"karim-benzema-apporte-son-soutien-a-jean-michel-aulas-pour-les-municipales","status":"publish","type":"post","link":"https:\/\/www.europesays.com\/fr\/593500\/","title":{"rendered":"Karim Benzema apporte son soutien \u00e0 Jean-Michel Aulas pour les municipales"},"content":{"rendered":"<p>Le joueur form\u00e9 \u00e0 l&rsquo;Olympique lyonnais estime que l&rsquo;ancien pr\u00e9sident du club pourrait \u00ab\u00a0faire avancer les choses\u00a0\u00bb \u00e0 Lyon.<\/p>\n<p>\u00ab\u00a0\u00c7a serait excellent pour la ville de Lyon\u00a0\u00bb. <a href=\"https:\/\/rmcsport.bfmtv.com\/football\/dembele-mbappe-benzema-hazard-des-stars-du-foot-repondent-a-l-appel-de-zack-nani-et-offrent-des-maillots-dedicaces-pendant-le-z-event_AV-202509080245.html\" title=\"Demb\u00e9l\u00e9, Mbapp\u00e9, Benzema, Hazard... Des stars du foot r\u00e9pondent \u00e0 l&#039;appel de Zack Nani et offrent des maillots d\u00e9dicac\u00e9s pendant le ZEvent\" class=\"internal_link\" target=\"_blank\" rel=\"noopener\">Karim Benzema<\/a> apporte ce jeudi 11 d\u00e9cembre son soutien \u00e0 <a href=\"https:\/\/www.bfmtv.com\/lyon\/le-senateur-lr-etienne-blanc-qui-voulait-rassembler-toutes-les-droites-exclu-de-la-campagne-de-jean-michel-aulas_AV-202512100520.html\" title=\"Le s\u00e9nateur LR \u00c9tienne Blanc, qui voulait &quot;rassembler toutes les droites&quot;, exclu de la campagne de Jean-Michel Aulas\" class=\"internal_link\" target=\"_blank\" rel=\"noopener\">Jean-Michel Aulas<\/a>, candidat soutenu par les R\u00e9publicains et le camp pr\u00e9sidentiel aux <a href=\"https:\/\/www.bfmtv.com\/politique\/elections\/municipales\/elections-municipales-a-lyon_DN-202506300310.html\" title=\"\u00c9lections municipales \u00e0 Lyon\" class=\"internal_link\" target=\"_blank\" rel=\"noopener\">\u00e9lections municipales de Lyon<\/a>, estimant que \u00ab\u00a0c&rsquo;est sa place\u00a0\u00bb.<\/p>\n<blockquote class=\"embed embed_quote\"><p>\u00ab\u00a0Il faut qu&rsquo;il devienne maire de Lyon, parce que c&rsquo;est sa place, en fait\u00a0\u00bb, a d\u00e9clar\u00e9 le joueur qui s&rsquo;est form\u00e9 \u00e0 l&rsquo;Olympique lyonnais dans un entretien accord\u00e9 \u00e0 <a href=\"https:\/\/www.lequipe.fr\/Football\/Article\/Grand-recit-karim-benzema-qui-peut-refuser-une-coupe-du-monde\/1616285\" target=\"_blank\" class=\"external_link\" rel=\"noopener\">L&rsquo;\u00c9quipe<\/a>. \u00ab\u00a0C&rsquo;est lui qui va faire avancer les choses, qui va les faire bouger.\u00a0\u00bb<\/p><\/blockquote>\n<p>\u00ab\u00a0\u00catre maire\u00a0\u00bb, Karim Benzema dit ne souhaiter \u00ab\u00a0que \u00e7a\u00a0\u00bb \u00e0 l&rsquo;ancien pr\u00e9sident de l&rsquo;OL. \u00ab\u00a0Si c&rsquo;est ce qu&rsquo;il veut vraiment, il faut qu&rsquo;il fonce. \u00c7a serait excellent pour la ville de Lyon\u00a0\u00bb, a-t-il ajout\u00e9.<\/p>\n<p>Jean-Michel Aulas en t\u00eate des sondages<\/p>\n<p>La course \u00e0 la mairie est bien lanc\u00e9e \u00e0 Lyon, o\u00f9 Jean-Michel Aulas a appel\u00e9 le 25 novembre dernier le maire \u00e9cologiste sortant Gr\u00e9gory Doucet et le pr\u00e9sident de la m\u00e9tropole de Lyon Bruno Bernard \u00e0 <a href=\"https:\/\/www.bfmtv.com\/lyon\/municipales-a-lyon-aulas-veut-un-audit-sur-l-ensemble-du-mandat-avant-d-accepter-un-debat-les-ecologistes-lui-repondent_AV-202511260558.html\" title=\"Municipales \u00e0 Lyon: Jean-Michel Aulas veut un audit sur &quot;l&#039;ensemble du mandat&quot; avant d&#039;accepter un d\u00e9bat, les \u00e9cologistes lui r\u00e9pondent\" class=\"internal_link\" target=\"_blank\" rel=\"noopener\">\u00ab\u00a0lancer un audit totalement ind\u00e9pendant\u00a0\u00bb<\/a> pour tirer le bilan de leur mandat.<\/p>\n<p>Un peu plus t\u00f4t, Gr\u00e9gory Doucet, candidat \u00e0 sa r\u00e9\u00e9lection, avait propos\u00e9 \u00e0 Jean-Michel Aulas un d\u00e9bat avant les f\u00eates. Une invitation d\u00e9clin\u00e9e par l&rsquo;ancien pr\u00e9sident de l&rsquo;OL qui avait indiqu\u00e9 que \u00ab\u00a0le moment du d\u00e9bat\u00a0\u00bb arriverait \u00ab\u00a0apr\u00e8s le d\u00e9p\u00f4t officiel des listes\u00a0\u00bb.<\/p>\n<p>Dans les derniers sondages, l&rsquo;homme de 76 ans arrive en t\u00eate des intentions de vote des Lyonnais. Le dernier en date, produit par Ifop-Fiducial pour <strong><a href=\"https:\/\/www.lyoncapitale.fr\/actualite\/sondage-municipales-a-lyon-la-deferlante-aulas-sabat-sur-doucet-et-les-ecologistes\" target=\"_blank\" class=\"external_link\" rel=\"noopener\">Lyon Capitale<\/a>, <\/strong>le donne <strong><a href=\"https:\/\/www.bfmtv.com\/lyon\/municipales-a-lyon-un-sondage-place-jean-michel-aulas-largement-en-tete-des-intentions-de-vote_AN-202511200777.html\" title=\"Municipales \u00e0 Lyon: un sondage place Jean-Michel Aulas largement en t\u00eate des intentions de vote\" class=\"internal_link\" target=\"_blank\" rel=\"noopener\">\u00e0 47% des intentions de vote<\/a><\/strong> au premier tour, tr\u00e8s loin devant Gr\u00e9gory Doucet (27%) et la d\u00e9put\u00e9e de La France insoumise, Ana\u00efs Belouassa-Cherifi (9%).<\/p>\n","protected":false},"excerpt":{"rendered":"Le joueur form\u00e9 \u00e0 l&rsquo;Olympique lyonnais estime que l&rsquo;ancien pr\u00e9sident du club pourrait \u00ab\u00a0faire avancer les choses\u00a0\u00bb \u00e0&hellip;\n","protected":false},"author":2,"featured_media":593501,"comment_status":"","ping_status":"","sticky":false,"template":"","format":"standard","meta":{"footnotes":""},"categories":[1889],"tags":[1111,11,2430,1777,674,1011,27,2428,12,25],"class_list":{"0":"post-593500","1":"post","2":"type-post","3":"status-publish","4":"format-standard","5":"has-post-thumbnail","7":"category-lyon","8":"tag-actu","9":"tag-actualites","10":"tag-auvergne-rhone-alpes","11":"tag-eu","12":"tag-europe","13":"tag-fr","14":"tag-france","15":"tag-lyon","16":"tag-news","17":"tag-republique-francaise"},"share_on_mastodon":{"url":"https:\/\/pubeurope.com\/@fr\/115702707189184239","error":""},"_links":{"self":[{"href":"https:\/\/www.europesays.com\/fr\/wp-json\/wp\/v2\/posts\/593500","targetHints":{"allow":["GET"]}}],"collection":[{"href":"https:\/\/www.europesays.com\/fr\/wp-json\/wp\/v2\/posts"}],"about":[{"href":"https:\/\/www.europesays.com\/fr\/wp-json\/wp\/v2\/types\/post"}],"author":[{"embeddable":true,"href":"https:\/\/www.europesays.com\/fr\/wp-json\/wp\/v2\/users\/2"}],"replies":[{"embeddable":true,"href":"https:\/\/www.europesays.com\/fr\/wp-json\/wp\/v2\/comments?post=593500"}],"version-history":[{"count":0,"href":"https:\/\/www.europesays.com\/fr\/wp-json\/wp\/v2\/posts\/593500\/revisions"}],"wp:featuredmedia":[{"embeddable":true,"href":"https:\/\/www.europesays.com\/fr\/wp-json\/wp\/v2\/media\/593501"}],"wp:attachment":[{"href":"https:\/\/www.europesays.com\/fr\/wp-json\/wp\/v2\/media?parent=593500"}],"wp:term":[{"taxonomy":"category","embeddable":true,"href":"https:\/\/www.europesays.com\/fr\/wp-json\/wp\/v2\/categories?post=593500"},{"taxonomy":"post_tag","embeddable":true,"href":"https:\/\/www.europesays.com\/fr\/wp-json\/wp\/v2\/tags?post=593500"}],"curies":[{"name":"wp","href":"https:\/\/api.w.org\/{rel}","templated":true}]}}