{"id":593504,"date":"2025-12-11T20:02:19","date_gmt":"2025-12-11T20:02:19","guid":{"rendered":"https:\/\/www.europesays.com\/fr\/593504\/"},"modified":"2025-12-11T20:02:19","modified_gmt":"2025-12-11T20:02:19","slug":"le-cio-prone-le-retour-sans-restriction-des-russes-et-des-bielorusses-dans-les-competitions-juniors","status":"publish","type":"post","link":"https:\/\/www.europesays.com\/fr\/593504\/","title":{"rendered":"Le CIO pr\u00f4ne le retour \u00ab\u00a0sans restriction\u00a0\u00bb des Russes et des Bi\u00e9lorusses dans les comp\u00e9titions juniors"},"content":{"rendered":"\n<p class=\"c-chapo \">\n  Les jeunes athl\u00e8tes russes et bi\u00e9lorusses pourront ainsi participer aux comp\u00e9titions sous les couleurs de leur nation, la diff\u00e9rence des s\u00e9niors qui restent autoris\u00e9s \u00e0 participer que sous certaines conditions.\n<\/p>\n<p>      lire plus tard<\/p>\n<p id=\"dialog__title\" class=\"dialog__title\">Pour sauvegarder cet article, connectez-vous ou cr\u00e9ez un compte franceinfo<\/p>\n<p class=\"dialog__description\">Sans paiement. Sans abonnement.<\/p>\n<p>        Fermer la fen\u00eatre d\u2019activation des notifications France Info<\/p>\n<p>      cr\u00e9er votre compte<\/p>\n<p>      se connecter<\/p>\n<p>      :<\/p>\n<p>        Fermer la fen\u00eatre de pr\u00e9sentation<\/p>\n<p>    <img loading=\"lazy\" decoding=\"async\" class=\"signature__image lazyload\" width=\"100\" height=\"100\" data- alt=\"\" src=\"https:\/\/www.europesays.com\/fr\/wp-content\/uploads\/2025\/07\/logosport-fond-blanc-68664bf99f8a0368288482.jpg\"\/><\/p>\n<p>          France T\u00e9l\u00e9visions &#8211; R\u00e9daction Sport<\/p>\n<p>    Publi\u00e9 le 11\/12\/2025 19:11<\/p>\n<p>      Mis \u00e0 jour le 11\/12\/2025 19:12<\/p>\n<p>        Temps de lecture : 1min<\/p>\n<p>    <img decoding=\"async\"  alt=\"Les logos des Jeux olympiques et paralympiques \u00e0 Cortina d'Ampezzo, ville h\u00f4te de l'\u00e9dition 2026. (TIZIANA FABI \/ AFP)\" width=\"432\" height=\"243\" src=\"https:\/\/www.europesays.com\/fr\/wp-content\/uploads\/2025\/12\/000-36un7wk-1-692ee405eded9043778503.jpg\" fetchpriority=\"high\"\/><\/p>\n<p>      Les logos des Jeux olympiques et paralympiques \u00e0 Cortina d&rsquo;Ampezzo, ville h\u00f4te de l&rsquo;\u00e9dition 2026. (TIZIANA FABI \/ AFP)<\/p>\n<p>Le Comit\u00e9 international olympique (CIO) recommande le retour avec hymne et drapeau des Russes et B\u00e9larusses dans les comp\u00e9titions juniors, <a href=\"https:\/\/www.franceinfo.fr\/les-jeux-olympiques\/milan-cortina-2026\/jo-d-hiver-2026-les-athletes-russes-seront-admis-sous-drapeau-neutre-comme-lors-de-paris-2024_7501708.html\" target=\"_blank\" rel=\"noopener\">\u00e0 la diff\u00e9rence des restrictions maintenues dans les \u00e9preuves seniors<\/a>, a-t-il annonc\u00e9 jeudi 11 d\u00e9cembre. D\u00e9cid\u00e9e mercredi \u00e0 huis clos par sa commission ex\u00e9cutive, cette proposition a \u00e9t\u00e9 approuv\u00e9e jeudi par les repr\u00e9sentants des f\u00e9d\u00e9rations internationales, qui ont cependant pr\u00e9venu que son application \u00ab\u00a0prendrait du temps\u00a0\u00bb, selon le communiqu\u00e9 de l&rsquo;instance.<\/p>\n<p>R\u00e9unis \u00e0 Lausanne pour le 14e \u00ab\u00a0sommet olympique\u00a0\u00bb, ses repr\u00e9sentants ainsi que ceux des comit\u00e9s nationaux olympiques, des athl\u00e8tes et des instances antidopage \u00ab\u00a0ont reconnu que les athl\u00e8tes, et en particulier les jeunes athl\u00e8tes, ne devaient pas \u00eatre tenus pour responsables des agissements de leur gouvernement\u00a0\u00bb, explique encore le CIO.<\/p>\n<p>\u00ab\u00a0Le sport est pour eux une source d&rsquo;espoir et le moyen de montrer que tous les athl\u00e8tes peuvent observer les m\u00eames r\u00e8gles et se respecter mutuellement\u00a0\u00bb, poursuit le texte. Les participants au 14e sommet olympique ont en revanche maintenu les conditions impos\u00e9es aux sportifs russes et bi\u00e9lorusses seniors, c&rsquo;est-\u00e0-dire une participation aux \u00e9preuves internationales uniquement sous banni\u00e8re neutre, \u00e0 titre individuel, et \u00e0 condition de n&rsquo;avoir pas publiquement soutenu la guerre en Ukraine et de n&rsquo;\u00eatre pas sous contrat avec l&rsquo;arm\u00e9e ou les services de s\u00e9curit\u00e9.<\/p>\n","protected":false},"excerpt":{"rendered":"Les jeunes athl\u00e8tes russes et bi\u00e9lorusses pourront ainsi participer aux comp\u00e9titions sous les couleurs de leur nation, la&hellip;\n","protected":false},"author":2,"featured_media":593505,"comment_status":"","ping_status":"","sticky":false,"template":"","format":"standard","meta":{"footnotes":""},"categories":[1888],"tags":[1111,1928,11,1927,1777,674,1011,27,12,1926,626,1925,25],"class_list":{"0":"post-593504","1":"post","2":"type-post","3":"status-publish","4":"format-standard","5":"has-post-thumbnail","7":"category-paris","8":"tag-actu","9":"tag-actu-paris","10":"tag-actualites","11":"tag-actualites-paris","12":"tag-eu","13":"tag-europe","14":"tag-fr","15":"tag-france","16":"tag-news","17":"tag-news-paris","18":"tag-paris","19":"tag-paris-news","20":"tag-republique-francaise"},"share_on_mastodon":{"url":"https:\/\/pubeurope.com\/@fr\/115702724389467783","error":""},"_links":{"self":[{"href":"https:\/\/www.europesays.com\/fr\/wp-json\/wp\/v2\/posts\/593504","targetHints":{"allow":["GET"]}}],"collection":[{"href":"https:\/\/www.europesays.com\/fr\/wp-json\/wp\/v2\/posts"}],"about":[{"href":"https:\/\/www.europesays.com\/fr\/wp-json\/wp\/v2\/types\/post"}],"author":[{"embeddable":true,"href":"https:\/\/www.europesays.com\/fr\/wp-json\/wp\/v2\/users\/2"}],"replies":[{"embeddable":true,"href":"https:\/\/www.europesays.com\/fr\/wp-json\/wp\/v2\/comments?post=593504"}],"version-history":[{"count":0,"href":"https:\/\/www.europesays.com\/fr\/wp-json\/wp\/v2\/posts\/593504\/revisions"}],"wp:featuredmedia":[{"embeddable":true,"href":"https:\/\/www.europesays.com\/fr\/wp-json\/wp\/v2\/media\/593505"}],"wp:attachment":[{"href":"https:\/\/www.europesays.com\/fr\/wp-json\/wp\/v2\/media?parent=593504"}],"wp:term":[{"taxonomy":"category","embeddable":true,"href":"https:\/\/www.europesays.com\/fr\/wp-json\/wp\/v2\/categories?post=593504"},{"taxonomy":"post_tag","embeddable":true,"href":"https:\/\/www.europesays.com\/fr\/wp-json\/wp\/v2\/tags?post=593504"}],"curies":[{"name":"wp","href":"https:\/\/api.w.org\/{rel}","templated":true}]}}