{"id":593506,"date":"2025-12-11T20:03:28","date_gmt":"2025-12-11T20:03:28","guid":{"rendered":"https:\/\/www.europesays.com\/fr\/593506\/"},"modified":"2025-12-11T20:03:28","modified_gmt":"2025-12-11T20:03:28","slug":"une-cour-oasis-a-lecole-amiral-roussin-15e","status":"publish","type":"post","link":"https:\/\/www.europesays.com\/fr\/593506\/","title":{"rendered":"Une cour oasis \u00e0 l&rsquo;\u00e9cole Amiral Roussin (15e)"},"content":{"rendered":"<p>\n  Les 270 \u00e9l\u00e8ves de l&rsquo;\u00e9cole Amiral Roussin b\u00e9n\u00e9ficient depuis septembre dernier d\u2019une nouvelle cour oasis offrant de nombreux espaces verts.\n<\/p>\n<p>\n  Les derni\u00e8res plantations ont \u00e9t\u00e9 r\u00e9alis\u00e9es pendant les vacances de<br \/>\nla Toussaint\u00a0! Massifs d&rsquo;arbustes, vivaces<br \/>\net herbac\u00e9s embellissent d\u00e9sormais la cour et auront, pendant les fortes chaleurs, le<br \/>\nr\u00f4le pr\u00e9cieux de la rafraichir.<\/p>\n<p>\n  El\u00e9ment cl\u00e9 des cours oasis, le sol a \u00e9t\u00e9<br \/>\nenti\u00e8rement refait pour assurer une meilleure gestion de l&rsquo;eau de pluie et<br \/>\n\u00e9viter l&#8217;emmagasinement de la chaleur. Une partie a \u00e9t\u00e9 pav\u00e9e de<br \/>\ngr\u00e8s et granit de r\u00e9emploi, provenant de chantiers de voirie de Paris. Une<br \/>\nautre partie a \u00e9t\u00e9 couverte de copeaux de bois.\n<\/p>\n<p>  Pergola v\u00e9g\u00e9talis\u00e9e, jeu pour grimper, cabane\u2026<\/p>\n<p>            <a data-lightbox=\"gallery-block-3672355255728\" data-title=\"Cr\u00e9dit photo : Laurent Bourgogne \/ Ville de Paris\" href=\"https:\/\/www.europesays.com\/fr\/wp-content\/uploads\/2025\/12\/original-53bd6cf3d26bbb444e9a2a64a65904b6.jpg\"><br \/>\n              <img decoding=\"async\" alt=\"Une enfant s'occupe de plantes dans la cour oasis de l'\u00e9cole Amiral Roussin (15e).  \" loading=\"lazy\" data-flickity-lazyload=\"https:\/\/www.europesays.com\/fr\/wp-content\/uploads\/2025\/12\/original-53bd6cf3d26bbb444e9a2a64a65904b6.jpg\" src=\"https:\/\/www.europesays.com\/fr\/wp-content\/uploads\/2025\/12\/original-53bd6cf3d26bbb444e9a2a64a65904b6.jpg\"\/><br \/>\n<\/a>        <\/p>\n<p>\n                Cr\u00e9dit photo :<br \/>\n                Laurent Bourgogne \/ Ville de Paris\n              <\/p>\n<p>            <a data-lightbox=\"gallery-block-3672355255728\" data-title=\"Cr\u00e9dit photo : Laurent Bourgogne \/ Ville de Paris\" href=\"https:\/\/www.europesays.com\/fr\/wp-content\/uploads\/2025\/12\/original-99c3110985f450654e809bf3a06545e1.jpg\"><br \/>\n              <img decoding=\"async\" alt=\"Des enfants jouent dans la cour oasis de l'\u00e9cole Amiral Roussin (15e).\" loading=\"lazy\" data-flickity-lazyload=\"https:\/\/www.europesays.com\/fr\/wp-content\/uploads\/2025\/12\/original-99c3110985f450654e809bf3a06545e1.jpg\" src=\"https:\/\/www.europesays.com\/fr\/wp-content\/uploads\/2025\/12\/original-99c3110985f450654e809bf3a06545e1.jpg\"\/><br \/>\n<\/a>        <\/p>\n<p>\n                Cr\u00e9dit photo :<br \/>\n                Laurent Bourgogne \/ Ville de Paris\n              <\/p>\n<p>            <a data-lightbox=\"gallery-block-3672355255728\" data-title=\"Cr\u00e9dit photo : Laurent Bourgogne \/ Ville de Paris\" href=\"https:\/\/www.europesays.com\/fr\/wp-content\/uploads\/2025\/12\/original-98c3da962492dabbf3bcb20245890255.jpg\"><br \/>\n              <img decoding=\"async\" alt=\"Des enfants s'occupent de plantes dans la cour oasis de l'\u00e9cole Amiral Roussin (15e).\" loading=\"lazy\" data-flickity-lazyload=\"https:\/\/www.europesays.com\/fr\/wp-content\/uploads\/2025\/12\/original-98c3da962492dabbf3bcb20245890255.jpg\" src=\"https:\/\/www.europesays.com\/fr\/wp-content\/uploads\/2025\/12\/original-98c3da962492dabbf3bcb20245890255.jpg\"\/><br \/>\n<\/a>        <\/p>\n<p>\n                Cr\u00e9dit photo :<br \/>\n                Laurent Bourgogne \/ Ville de Paris\n              <\/p>\n<p>            <a data-lightbox=\"gallery-block-3672355255728\" data-title=\"Cr\u00e9dit photo : Laurent Bourgogne \/ Ville de Paris\" href=\"https:\/\/www.europesays.com\/fr\/wp-content\/uploads\/2025\/12\/original-f83b5d4aa11c0297421d6bfb26f5f3a0.jpg\"><br \/>\n              <img decoding=\"async\" alt=\"Des enfants jouent dans la cour oasis de l'\u00e9cole Amiral Roussin (15e).\" loading=\"lazy\" data-flickity-lazyload=\"https:\/\/www.europesays.com\/fr\/wp-content\/uploads\/2025\/12\/original-f83b5d4aa11c0297421d6bfb26f5f3a0.jpg\" src=\"https:\/\/www.europesays.com\/fr\/wp-content\/uploads\/2025\/12\/original-f83b5d4aa11c0297421d6bfb26f5f3a0.jpg\"\/><br \/>\n<\/a>        <\/p>\n<p>\n                Cr\u00e9dit photo :<br \/>\n                Laurent Bourgogne \/ Ville de Paris\n              <\/p>\n<p>            <a data-lightbox=\"gallery-block-3672355255728\" data-title=\"Cr\u00e9dit photo : Laurent Bourgogne \/ Ville de Paris\" href=\"https:\/\/www.europesays.com\/fr\/wp-content\/uploads\/2025\/12\/original-aad57d0542ae916da98be8a1c0478d44.jpg\"><br \/>\n              <img decoding=\"async\" alt=\"Une enfant pr\u00e9sente son dessin dans la cour oasis de l'\u00e9cole Amiral Roussin (15e).  \" loading=\"lazy\" data-flickity-lazyload=\"https:\/\/www.europesays.com\/fr\/wp-content\/uploads\/2025\/12\/original-aad57d0542ae916da98be8a1c0478d44.jpg\" src=\"https:\/\/www.europesays.com\/fr\/wp-content\/uploads\/2025\/12\/original-aad57d0542ae916da98be8a1c0478d44.jpg\"\/><br \/>\n<\/a>        <\/p>\n<p>\n                Cr\u00e9dit photo :<br \/>\n                Laurent Bourgogne \/ Ville de Paris\n              <\/p>\n<p>\n  Plusieurs espaces avec diff\u00e9rentes fonctions ont \u00e9t\u00e9<br \/>\nam\u00e9nag\u00e9s. Une pergola v\u00e9g\u00e9talis\u00e9e avec bancs et boites \u00e0 livre pour la d\u00e9tente.<br \/>\nUn espace sur\u00e9lev\u00e9 \u00e9quip\u00e9 d&rsquo;un jeu pour grimper, d&rsquo;un tubophone (un jeu pour<br \/>\nenfants) et d&rsquo;une cabane en bois. Sans oublier un coin jardinage avec des bacs<br \/>\nde plantations, de compost et de r\u00e9cup\u00e9ration d&rsquo;eau de pluie.\n<\/p>\n<p>\n  Les enfants disposent aussi d&rsquo;un jeu \u00ab\u00a0puissance 4\u00a0\u00bb<br \/>\nmural, d&rsquo;une fontaine \u00e0 boire en mur carrel\u00e9, d&rsquo;un amphith\u00e9\u00e2tre en bois, de<br \/>\ndeux tables et d&rsquo;assises en rondins de bois.\n<\/p>\n<p>  Newsletter \u00ab\u00a0Paris pour vous\u00a0\u00bb<\/p>\n<p>\n  Envie d\u2019\u00eatre inform\u00e9 des perturbations et des \u00e9v\u00e9nements dans votre quartier\u00a0? Abonnez vous \u00e0 notre newsletter \u00ab\u00a0Paris pour vous\u00a0\u00bb.<\/p>\n","protected":false},"excerpt":{"rendered":"Les 270 \u00e9l\u00e8ves de l&rsquo;\u00e9cole Amiral Roussin b\u00e9n\u00e9ficient depuis septembre dernier d\u2019une nouvelle cour oasis offrant de nombreux&hellip;\n","protected":false},"author":2,"featured_media":593507,"comment_status":"","ping_status":"","sticky":false,"template":"","format":"standard","meta":{"footnotes":""},"categories":[1888],"tags":[1111,1928,11,1927,1777,674,1011,27,12,1926,626,1925,25],"class_list":{"0":"post-593506","1":"post","2":"type-post","3":"status-publish","4":"format-standard","5":"has-post-thumbnail","7":"category-paris","8":"tag-actu","9":"tag-actu-paris","10":"tag-actualites","11":"tag-actualites-paris","12":"tag-eu","13":"tag-europe","14":"tag-fr","15":"tag-france","16":"tag-news","17":"tag-news-paris","18":"tag-paris","19":"tag-paris-news","20":"tag-republique-francaise"},"share_on_mastodon":{"url":"https:\/\/pubeurope.com\/@fr\/115702728376611106","error":""},"_links":{"self":[{"href":"https:\/\/www.europesays.com\/fr\/wp-json\/wp\/v2\/posts\/593506","targetHints":{"allow":["GET"]}}],"collection":[{"href":"https:\/\/www.europesays.com\/fr\/wp-json\/wp\/v2\/posts"}],"about":[{"href":"https:\/\/www.europesays.com\/fr\/wp-json\/wp\/v2\/types\/post"}],"author":[{"embeddable":true,"href":"https:\/\/www.europesays.com\/fr\/wp-json\/wp\/v2\/users\/2"}],"replies":[{"embeddable":true,"href":"https:\/\/www.europesays.com\/fr\/wp-json\/wp\/v2\/comments?post=593506"}],"version-history":[{"count":0,"href":"https:\/\/www.europesays.com\/fr\/wp-json\/wp\/v2\/posts\/593506\/revisions"}],"wp:featuredmedia":[{"embeddable":true,"href":"https:\/\/www.europesays.com\/fr\/wp-json\/wp\/v2\/media\/593507"}],"wp:attachment":[{"href":"https:\/\/www.europesays.com\/fr\/wp-json\/wp\/v2\/media?parent=593506"}],"wp:term":[{"taxonomy":"category","embeddable":true,"href":"https:\/\/www.europesays.com\/fr\/wp-json\/wp\/v2\/categories?post=593506"},{"taxonomy":"post_tag","embeddable":true,"href":"https:\/\/www.europesays.com\/fr\/wp-json\/wp\/v2\/tags?post=593506"}],"curies":[{"name":"wp","href":"https:\/\/api.w.org\/{rel}","templated":true}]}}