{"id":593508,"date":"2025-12-11T20:04:21","date_gmt":"2025-12-11T20:04:21","guid":{"rendered":"https:\/\/www.europesays.com\/fr\/593508\/"},"modified":"2025-12-11T20:04:21","modified_gmt":"2025-12-11T20:04:21","slug":"salomon-densifie-la-connexion-entre-outdoor-et-urbain-dans-son-nouveau-hub-parisien","status":"publish","type":"post","link":"https:\/\/www.europesays.com\/fr\/593508\/","title":{"rendered":"Salomon densifie la connexion entre outdoor et urbain dans son nouveau hub parisien"},"content":{"rendered":"<p>\n                                    <b>Publi\u00e9 le<\/b><br \/>\n                                    <\/p>\n<p>                                        11 d\u00e9cembre 2025<\/p>\n<p class=\"article-content col-md-8 offset-md-1\">\n                                \u00ab\u00a0Un point de connexion o\u00f9 l&rsquo;ADN de la montagne rencontre l&rsquo;influence urbaine, o\u00f9 l&rsquo;innovation technique se m\u00eale \u00e0 la pertinence culturelle, et o\u00f9 les communaut\u00e9s peuvent se r\u00e9unir pour fa\u00e7onner ce que signifie aujourd&rsquo;hui le lifestyle outdoor moderne\u00a0\u00bb: quand <a class=\"fnwAddLinks\" href=\"https:\/\/lu.fashionnetwork.com\/tags-salomon\" title=\"Salomon\" target=\"_blank\" rel=\"noopener\">Salomon<\/a> quitte son univers alpin, c&rsquo;est avec de fortes ambitions.<\/p>\n<p><img decoding=\"async\" class=\"news-image\" style=\"width:100%;\" src=\"https:\/\/www.europesays.com\/fr\/wp-content\/uploads\/2025\/12\/0e2c.jpg\" alt=\"Le showroom Salomon dans le nouveau hub du Xe arrondissement\" loading=\"lazy\"\/>Le showroom Salomon dans le nouveau hub du Xe arrondissement &#8211; Salomon<\/p>\n<p class=\"col-md-8 offset-md-1 article-content--texte\">La marque de sports de pleine nature fran\u00e7aise, dont le si\u00e8ge se situe \u00e0 Annecy, au pied des Alpes, inaugure un nouveau site de 1.500 m\u00e8tres carr\u00e9s \u00e0 Paris, dans le vibrant Xe arrondissement. Apr\u00e8s avoir pr\u00e9sent\u00e9 son univers S\/Lab, sa ligne lifestyle pointue, durant les Fashion Weeks, ouvert des boutiques dans les quartiers cl\u00e9s de la capitale fran\u00e7aise et implant\u00e9 un flagship sur les Champs-\u00c9lys\u00e9es, Salomon donne un nouveau cocon \u00e0 ses \u00e9quipes pour pousser plus en avant les connexions entre univers outdoor et urbains.<\/p>\n<p>\u00ab\u00a0L&rsquo;ouverture du Salomon Paris Hub repr\u00e9sente un moment charni\u00e8re dans l&rsquo;\u00e9volution de Salomon\u00a0\u00bb, d\u00e9clare dans un communiqu\u00e9 Guillaume Meyzenq, pr\u00e9sident-directeur g\u00e9n\u00e9ral de Salomon. Paris est devenue centrale dans la strat\u00e9gie d&rsquo;expansion mondiale de Salomon. Le Salomon Paris Hub repr\u00e9sente notre engagement \u00e0 cr\u00e9er des exp\u00e9riences de marque authentiques dans les villes les plus influentes du monde, en reliant notre ADN de sports de montagne \u00e0 la culture contemporaine et \u00e0 l&rsquo;innovation.\u00a0\u00bb<\/p>\n<p><img decoding=\"async\" class=\"news-image\" style=\"width:100%;\" src=\"https:\/\/www.europesays.com\/fr\/wp-content\/uploads\/2025\/12\/2787.jpg\" alt=\"Les bureaux de la marque\" loading=\"lazy\"\/>Les bureaux de la marque &#8211; Salomon<\/p>\n<p class=\"col-md-8 offset-md-1 article-content--texte\">Le lieu compte des bureaux pour les salari\u00e9s de la marque mais aussi un showroom qui va permettre aux \u00e9quipes commerciales d&rsquo;accueillir au mieux les clients internationaux capt\u00e9s par l&rsquo;attractivit\u00e9 de Paris. C&rsquo;est \u00e9galement un lieu de connexion pour f\u00e9d\u00e9rer les talents.<\/p>\n<p>Dans sa qu\u00eate de s&rsquo;affirmer comme acteur du lifestyle, la marque du groupe <a class=\"fnwAddLinks\" href=\"https:\/\/lu.fashionnetwork.com\/tags-amer-sports\" title=\"Amer Sports\" target=\"_blank\" rel=\"noopener\">Amer Sports<\/a> a acc\u00e9l\u00e9r\u00e9 ses connexions avec les cr\u00e9atifs et cool kids de la capitale ces derni\u00e8res saisons. Ainsi, au printemps, sa campagne mettant les projecteurs sur son mod\u00e8le XT-6, imagin\u00e9e par l&rsquo;agence DDB, clamait \u00ab\u00a0Invent\u00e9e dans les montagnes \u2013 r\u00e9invent\u00e9e \u00e0 Paris\u00a0\u00bb avec pour visage le rappeur Mikano.<\/p>\n<p>Une communaut\u00e9 qui profitera de ce nouveau point de rassemblement, imagin\u00e9e par l&rsquo;agence <a class=\"fnwAddLinks\" href=\"https:\/\/lu.fashionnetwork.com\/tags-office\" title=\"Office\" target=\"_blank\" rel=\"noopener\">Office<\/a>-In, \u00e0 l&rsquo;occasion de la Fashion Week homme de Paris en janvier.<\/p>\n<p>Salomon revendique quelque 500 magasins dans le monde et ses ventes en Europe enregistrent une progression \u00e0 deux chiffres, selon <a href=\"https:\/\/fr.fashionnetwork.com\/news\/Les-performances-de-salomon-et-arc-teryx-entrainent-la-croissance-d-amer-sports,1784141.html\" target=\"_blank\" rel=\"noopener\">son propri\u00e9taire Amer Sports<\/a>.<br \/>\u00a0\n                            <\/p>\n<p>\n                                Tous droits de reproduction et de repr\u00e9sentation r\u00e9serv\u00e9s.<br \/>\u00a9 2025 FashionNetwork.com\n                            <\/p>\n","protected":false},"excerpt":{"rendered":"Publi\u00e9 le 11 d\u00e9cembre 2025 \u00ab\u00a0Un point de connexion o\u00f9 l&rsquo;ADN de la montagne rencontre l&rsquo;influence urbaine, o\u00f9&hellip;\n","protected":false},"author":2,"featured_media":593509,"comment_status":"","ping_status":"","sticky":false,"template":"","format":"standard","meta":{"footnotes":""},"categories":[1888],"tags":[11,70634,2424,537,2423,1777,674,992,1011,27,2425,985,12,2420,2298,626,2426,2427,25,2421,7911,2422],"class_list":{"0":"post-593508","1":"post","2":"type-post","3":"status-publish","4":"format-standard","5":"has-post-thumbnail","7":"category-paris","8":"tag-actualites","9":"tag-amer-sports","10":"tag-beaute","11":"tag-contact","12":"tag-cosmetiques","13":"tag-eu","14":"tag-europe","15":"tag-fashion-week","16":"tag-fr","17":"tag-france","18":"tag-luxe","19":"tag-mode","20":"tag-news","21":"tag-office","22":"tag-parfum","23":"tag-paris","24":"tag-professionnel","25":"tag-professionnels","26":"tag-republique-francaise","27":"tag-reseau","28":"tag-salomon","29":"tag-textile"},"share_on_mastodon":{"url":"https:\/\/pubeurope.com\/@fr\/115702731130993740","error":""},"_links":{"self":[{"href":"https:\/\/www.europesays.com\/fr\/wp-json\/wp\/v2\/posts\/593508","targetHints":{"allow":["GET"]}}],"collection":[{"href":"https:\/\/www.europesays.com\/fr\/wp-json\/wp\/v2\/posts"}],"about":[{"href":"https:\/\/www.europesays.com\/fr\/wp-json\/wp\/v2\/types\/post"}],"author":[{"embeddable":true,"href":"https:\/\/www.europesays.com\/fr\/wp-json\/wp\/v2\/users\/2"}],"replies":[{"embeddable":true,"href":"https:\/\/www.europesays.com\/fr\/wp-json\/wp\/v2\/comments?post=593508"}],"version-history":[{"count":0,"href":"https:\/\/www.europesays.com\/fr\/wp-json\/wp\/v2\/posts\/593508\/revisions"}],"wp:featuredmedia":[{"embeddable":true,"href":"https:\/\/www.europesays.com\/fr\/wp-json\/wp\/v2\/media\/593509"}],"wp:attachment":[{"href":"https:\/\/www.europesays.com\/fr\/wp-json\/wp\/v2\/media?parent=593508"}],"wp:term":[{"taxonomy":"category","embeddable":true,"href":"https:\/\/www.europesays.com\/fr\/wp-json\/wp\/v2\/categories?post=593508"},{"taxonomy":"post_tag","embeddable":true,"href":"https:\/\/www.europesays.com\/fr\/wp-json\/wp\/v2\/tags?post=593508"}],"curies":[{"name":"wp","href":"https:\/\/api.w.org\/{rel}","templated":true}]}}