{"id":593510,"date":"2025-12-11T20:06:17","date_gmt":"2025-12-11T20:06:17","guid":{"rendered":"https:\/\/www.europesays.com\/fr\/593510\/"},"modified":"2025-12-11T20:06:17","modified_gmt":"2025-12-11T20:06:17","slug":"lvmh-celebre-les-life-360-awards-a-paris","status":"publish","type":"post","link":"https:\/\/www.europesays.com\/fr\/593510\/","title":{"rendered":"LVMH c\u00e9l\u00e8bre les Life 360 Awards \u00e0 Paris"},"content":{"rendered":"<p>\n                                        <b>Traduit par<\/b><br \/>\n                                        <br \/>Cecile Herrero\n                                    <\/p>\n<p>\n                                    <b>Publi\u00e9 le<\/b><br \/>\n                                    <\/p>\n<p>                                        11 d\u00e9cembre 2025<\/p>\n<p class=\"article-content col-md-8 offset-md-1\">\n                                <a class=\"fnwAddLinks\" href=\"https:\/\/fr.fashionnetwork.com\/tags-lvmh\" title=\"LVMH\" target=\"_blank\" rel=\"noopener\">LVMH<\/a> Mo\u00ebt Hennessy <a class=\"fnwAddLinks\" href=\"https:\/\/fr.fashionnetwork.com\/tags-louis-vuitton\" title=\"Louis Vuitton\" target=\"_blank\" rel=\"noopener\">Louis Vuitton<\/a> a d\u00e9cern\u00e9 ses premiers Life 360 Awards, qui saluent les progr\u00e8s environnementaux r\u00e9alis\u00e9s au sein du groupe, lors d&rsquo;une semaine marqu\u00e9e par l\u2019obtention de la tr\u00e8s convoit\u00e9e note \u00ab\u00a0triple A\u00a0\u00bb du CDP.<\/p>\n<p><img decoding=\"async\" class=\"news-image\" style=\"width:100%;\" src=\"https:\/\/www.europesays.com\/fr\/wp-content\/uploads\/2025\/12\/3f38.jpg\" alt=\"Un aper\u00e7u des Life 360 Awards de LVMH\" loading=\"lazy\"\/>Un aper\u00e7u des Life 360 Awards de LVMH &#8211; Lucas Barioulet<\/p>\n<p class=\"col-md-8 offset-md-1 article-content--texte\">Mercredi soir, au si\u00e8ge mondial de LVMH, avenue <a class=\"fnwAddLinks\" href=\"https:\/\/fr.fashionnetwork.com\/tags-montaigne\" title=\"Montaigne\" target=\"_blank\" rel=\"noopener\">Montaigne<\/a> \u00e0 Paris, le groupe a r\u00e9compens\u00e9 13 initiatives laur\u00e9ates. Celles-ci ont \u00e9t\u00e9 retenues parmi 187 projets soumis par 41 Maisons, lors d\u2019une pr\u00e9sentation soigneusement orchestr\u00e9e pour mettre en lumi\u00e8re la transformation environnementale engag\u00e9e par LVMH.<\/p>\n<p>Les \u00e9quipes des Maisons LVMH de plusieurs continents ont particip\u00e9 par liaison vid\u00e9o \u2013 de Tiffany \u00e0 New York et Chandon \u00e0 S\u00e3o Paulo \u00e0 Loro Piana \u00e0 Milan, ainsi qu\u2019aux maisons de champagne r\u00e9unies \u00e0 \u00c9pernay.<\/p>\n<p class=\"col-md-8 offset-md-1 article-content--texte\">\u00ab\u00a0Les Life 360 Awards illustrent la mani\u00e8re dont nos Maisons font progresser la feuille de route environnementale du groupe. Cet \u00e9lan collectif confirme que ces enjeux sont au c\u0153ur de notre strat\u00e9gie\u2026 Les initiatives r\u00e9compens\u00e9es nous indiquent une direction claire : un luxe responsable, soutenu par des actions concr\u00e8tes et ambitieuses\u00a0\u00bb, a d\u00e9clar\u00e9 <a class=\"fnwAddLinks\" href=\"https:\/\/fr.fashionnetwork.com\/tags-antoine-arnault\" title=\"Antoine Arnault\" target=\"_blank\" rel=\"noopener\">Antoine Arnault<\/a>, directeur de l\u2019image et de l\u2019environnement de LVMH, et ma\u00eetre d\u2019\u0153uvre du projet.<\/p>\n<p>Antoine Arnault, fils a\u00een\u00e9 du pr\u00e9sident et actionnaire majoritaire de LVMH, <a class=\"fnwAddLinks\" href=\"https:\/\/fr.fashionnetwork.com\/tags-bernard-arnault\" title=\"Bernard Arnault\" target=\"_blank\" rel=\"noopener\">Bernard Arnault<\/a>, s\u2019est notamment r\u00e9joui que LVMH ait \u00e9t\u00e9 \u00e0 nouveau distingu\u00e9 par le CDP avec la note \u00ab\u00a0triple A\u00a0\u00bb pour ses actions en faveur du climat, des for\u00eats et de l\u2019eau.<\/p>\n<p>Le g\u00e9ant fran\u00e7ais du luxe a soulign\u00e9 que son programme environnemental Life 360 (LVMH Initiatives pour l\u2019Environnement) est structur\u00e9 autour de cinq piliers: Climat, Biodiversit\u00e9, Circularit\u00e9 cr\u00e9ative, Tra\u00e7abilit\u00e9 &amp; transparence, et Parties prenantes, le groupe souhaitant mettre publiquement en avant les initiatives r\u00e9ussies et leurs r\u00e9sultats.<\/p>\n<p>Au total, il affirme avoir r\u00e9duit de 55% ses \u00e9missions directes de gaz \u00e0 effet de serre, atteignant son objectif 2026 avec deux ans d\u2019avance ; il fait \u00e9galement \u00e9tat de la pr\u00e9servation et de la r\u00e9g\u00e9n\u00e9ration de plus de 3,8 millions d\u2019hectares d\u2019habitats naturels, d\u2019une hausse \u00e0 33% de la part des mat\u00e9riaux recycl\u00e9s utilis\u00e9s dans les produits et les emballages, ainsi que d\u2019une r\u00e9duction d\u2019environ un tiers de ses \u00e9missions indirectes.<\/p>\n<p>\u00ab\u00a0Les initiatives prim\u00e9es refl\u00e8tent la qualit\u00e9 du travail r\u00e9alis\u00e9 collectivement autour de Life 360. Elles d\u00e9montrent des progr\u00e8s tangibles et cr\u00e9ent une v\u00e9ritable dynamique au sein du groupe en encourageant le partage des solutions les plus efficaces entre nos Maisons et avec nos partenaires fournisseurs\u00a0\u00bb, a d\u00e9clar\u00e9 H\u00e9l\u00e8ne Valade, directrice du d\u00e9veloppement environnemental de LVMH.<\/p>\n<p>Les projets laur\u00e9ats ont \u00e9t\u00e9 s\u00e9lectionn\u00e9s par un jury compos\u00e9 de dirigeants et d\u2019experts du groupe.<\/p>\n<p>Parmi les laur\u00e9ats, Tiffany &amp; Co. a d\u00e9ploy\u00e9 d\u2019importantes installations solaires sur le site de taille et de polissage de diamants de la Maison au Botswana, r\u00e9duisant ainsi les \u00e9missions de gaz \u00e0 effet de serre, tout en formant et en embauchant des artisans locaux pour le projet.<\/p>\n<p>Mo\u00ebt Hennessy a r\u00e9duit son empreinte carbone li\u00e9e au transport, en augmentant notamment la part du maritime et du ferroviaire. Cela s\u2019est traduit, en 2025, par une baisse de pr\u00e8s de 50 % des \u00e9missions de carbone li\u00e9es au transport par rapport \u00e0 2019.<\/p>\n<p>D\u2019autres prix ont \u00e9t\u00e9 d\u00e9cern\u00e9s \u00e0 <a class=\"fnwAddLinks\" href=\"https:\/\/fr.fashionnetwork.com\/tags-celine\" title=\"Celine\" target=\"_blank\" rel=\"noopener\">Celine<\/a>, Louis Vuitton, Rimowa, <a class=\"fnwAddLinks\" href=\"https:\/\/fr.fashionnetwork.com\/tags-chaumet\" title=\"Chaumet\" target=\"_blank\" rel=\"noopener\">Chaumet<\/a>, <a class=\"fnwAddLinks\" href=\"https:\/\/fr.fashionnetwork.com\/tags-christian-dior-couture\" title=\"Christian Dior Couture\" target=\"_blank\" rel=\"noopener\">Christian Dior Couture<\/a> et <a class=\"fnwAddLinks\" href=\"https:\/\/fr.fashionnetwork.com\/tags-christian-dior-parfums\" title=\"Christian Dior Parfums\" target=\"_blank\" rel=\"noopener\">Christian Dior Parfums<\/a>, ce dernier pour une strat\u00e9gie ambitieuse visant \u00e0 \u00e9liminer progressivement les plastiques vierges d\u2019origine fossile de ses produits.<\/p>\n<p><a class=\"fnwAddLinks\" href=\"https:\/\/fr.fashionnetwork.com\/tags-guerlain\" title=\"Guerlain\" target=\"_blank\" rel=\"noopener\">Guerlain<\/a> a mis \u00e0 profit ses liens historiques avec les abeilles dans le cadre d\u2019une initiative de sensibilisation au r\u00f4le de ces insectes, anim\u00e9e par des employ\u00e9s et destin\u00e9e aux \u00e9l\u00e8ves des \u00e9coles primaires du monde entier. Par ailleurs, via Women For Bees, un programme en partenariat avec l\u2019<a class=\"fnwAddLinks\" href=\"https:\/\/fr.fashionnetwork.com\/tags-unesco\" title=\"UNESCO\" target=\"_blank\" rel=\"noopener\">UNESCO<\/a>, des femmes sont form\u00e9es pour devenir apicultrices.<\/p>\n<p>En mati\u00e8re de transparence, <a class=\"fnwAddLinks\" href=\"https:\/\/fr.fashionnetwork.com\/tags-bulgari\" title=\"Bulgari\" target=\"_blank\" rel=\"noopener\">Bulgari<\/a> a imagin\u00e9 son propre passeport num\u00e9rique, gr\u00e2ce \u00e0 une microgravure sur chaque cr\u00e9ation, lisible via un scan sur smartphone \u00e0 l\u2019aide de l\u2019IA, r\u00e9v\u00e9lant les certificats gemmologiques, l\u2019origine et le savoir-faire.<\/p>\n<p>Outre ces r\u00e9compenses, le jury a d\u00e9cern\u00e9 un prix sp\u00e9cial \u00ab coup de c\u0153ur \u00bb \u00e0 Mo\u00ebt Hennessy en reconnaissance de son programme Living Soils, Living Together, dans le cadre duquel les marques de champagne et de vins &amp; spiritueux \u0153uvrent \u00e0 r\u00e9duire leur empreinte environnementale.<\/p>\n<p>Parmi elles, Ch\u00e2teau Galoupet, un Cru Class\u00e9 C\u00f4tes de Provence acquis par LVMH en 2019, est d\u00e9j\u00e0 certifi\u00e9 bio depuis 2023 et d\u00e9ploie une approche de viticulture r\u00e9g\u00e9n\u00e9ratrice : couverts v\u00e9g\u00e9taux sur 100% du vignoble, plus de 2,6 km de haies agroforesti\u00e8res, am\u00e9nagements hydrologiques r\u00e9g\u00e9n\u00e9ratifs, augmentation de la mati\u00e8re organique des sols et installation de nombreux abris pour la biodiversit\u00e9.<\/p>\n<p>Si, par moments, l&rsquo;ambiance semblait un peu complaisante parmi les dirigeants de LVMH, on \u00e9tait toutefois frapp\u00e9 par le sentiment que la direction du groupe avait exerc\u00e9 une r\u00e9elle pression sur de nombreuses marques pour qu&rsquo;elles proposent des solutions v\u00e9ritablement respectueuses de l&rsquo;environnement. Ce qui a fait de cet \u00e9v\u00e9nement une occasion l\u00e9gitime pour applaudir et se montrer optimiste.\n                            <\/p>\n<p>\n                                Cet article est une traduction automatique.<br \/>\n                                    <a href=\"https:\/\/ww.fashionnetwork.com\/news\/Lvmh-fetes-life-360-awards-in-paris,1790994.html\" target=\"_blank\" rel=\"noopener\">Cliquez ici<\/a> pour consulter l&rsquo;article d&rsquo;origine.\n                            <\/p>\n<p>\n                                Tous droits de reproduction et de repr\u00e9sentation r\u00e9serv\u00e9s.<br \/>\u00a9 2025 FashionNetwork.com\n                            <\/p>\n","protected":false},"excerpt":{"rendered":"Traduit par Cecile Herrero Publi\u00e9 le 11 d\u00e9cembre 2025 LVMH Mo\u00ebt Hennessy Louis Vuitton a d\u00e9cern\u00e9 ses premiers&hellip;\n","protected":false},"author":2,"featured_media":593511,"comment_status":"","ping_status":"","sticky":false,"template":"","format":"standard","meta":{"footnotes":""},"categories":[1888],"tags":[11,18011,2424,3820,21474,6859,39187,70635,30547,537,2423,1777,674,1011,27,65410,3797,2425,7484,985,70636,24261,12,2298,626,2426,2427,25,2421,2422,21759,12077],"class_list":{"0":"post-593510","1":"post","2":"type-post","3":"status-publish","4":"format-standard","5":"has-post-thumbnail","7":"category-paris","8":"tag-actualites","9":"tag-antoine-arnault","10":"tag-beaute","11":"tag-bernard-arnault","12":"tag-bulgari","13":"tag-celine","14":"tag-chaumet","15":"tag-christian-dior-couture","16":"tag-christian-dior-parfums","17":"tag-contact","18":"tag-cosmetiques","19":"tag-eu","20":"tag-europe","21":"tag-fr","22":"tag-france","23":"tag-guerlain","24":"tag-louis-vuitton","25":"tag-luxe","26":"tag-lvmh","27":"tag-mode","28":"tag-moet-chandon","29":"tag-montaigne","30":"tag-news","31":"tag-parfum","32":"tag-paris","33":"tag-professionnel","34":"tag-professionnels","35":"tag-republique-francaise","36":"tag-reseau","37":"tag-textile","38":"tag-tiffany-co","39":"tag-unesco"},"share_on_mastodon":{"url":"https:\/\/pubeurope.com\/@fr\/115702739729878205","error":""},"_links":{"self":[{"href":"https:\/\/www.europesays.com\/fr\/wp-json\/wp\/v2\/posts\/593510","targetHints":{"allow":["GET"]}}],"collection":[{"href":"https:\/\/www.europesays.com\/fr\/wp-json\/wp\/v2\/posts"}],"about":[{"href":"https:\/\/www.europesays.com\/fr\/wp-json\/wp\/v2\/types\/post"}],"author":[{"embeddable":true,"href":"https:\/\/www.europesays.com\/fr\/wp-json\/wp\/v2\/users\/2"}],"replies":[{"embeddable":true,"href":"https:\/\/www.europesays.com\/fr\/wp-json\/wp\/v2\/comments?post=593510"}],"version-history":[{"count":0,"href":"https:\/\/www.europesays.com\/fr\/wp-json\/wp\/v2\/posts\/593510\/revisions"}],"wp:featuredmedia":[{"embeddable":true,"href":"https:\/\/www.europesays.com\/fr\/wp-json\/wp\/v2\/media\/593511"}],"wp:attachment":[{"href":"https:\/\/www.europesays.com\/fr\/wp-json\/wp\/v2\/media?parent=593510"}],"wp:term":[{"taxonomy":"category","embeddable":true,"href":"https:\/\/www.europesays.com\/fr\/wp-json\/wp\/v2\/categories?post=593510"},{"taxonomy":"post_tag","embeddable":true,"href":"https:\/\/www.europesays.com\/fr\/wp-json\/wp\/v2\/tags?post=593510"}],"curies":[{"name":"wp","href":"https:\/\/api.w.org\/{rel}","templated":true}]}}