{"id":593512,"date":"2025-12-11T20:07:13","date_gmt":"2025-12-11T20:07:13","guid":{"rendered":"https:\/\/www.europesays.com\/fr\/593512\/"},"modified":"2025-12-11T20:07:13","modified_gmt":"2025-12-11T20:07:13","slug":"plus-de-paroles-des-actes-donald-trump-extremement-frustre-par-lukraine-et-la-russie","status":"publish","type":"post","link":"https:\/\/www.europesays.com\/fr\/593512\/","title":{"rendered":"\u00ab\u00a0Plus de paroles, des actes\u00a0\u00bb\u00a0: Donald Trump \u00ab\u00a0extr\u00eamement frustr\u00e9\u00a0\u00bb par l\u2019Ukraine et la Russie"},"content":{"rendered":"<p>Soulignant qu\u2019il voulait \u00e0 pr\u00e9sent \u00ab\u00a0des actes\u00a0\u00bb pour mettre fin \u00e0 la guerre, la porte-parole de la Maison Blanche a indiqu\u00e9, ce jeudi 11 d\u00e9cembre, que Donald Trump \u00e9tait \u00ab\u00a0extr\u00eamement frustr\u00e9\u00a0\u00bb par l\u2019Ukraine et la Russie. \u00ab\u00a0Le pr\u00e9sident est extr\u00eamement frustr\u00e9 par les deux camps impliqu\u00e9s dans cette guerre, et il en a assez des r\u00e9unions qui n\u2019ont d\u2019autre but que de se r\u00e9unir\u00a0\u00bb, a d\u00e9clar\u00e9 Karoline Leavitt. \u00ab\u00a0Il ne veut plus des paroles. Il veut des actes. Il veut que cette guerre prenne fin\u00a0\u00bb, a-t-elle poursuivi. \u00ab\u00a0Son \u00e9missaire (Steve) Witkoff et son \u00e9quipe continuent les discussions avec les deux camps au moment m\u00eame o\u00f9 nous parlons\u00a0\u00bb, a pr\u00e9cis\u00e9 la porte-parole.<\/p>\n<p>Mercredi, Donald Trump avait d\u00e9clar\u00e9 que les dirigeants europ\u00e9ens voulaient organiser une r\u00e9union sur l\u2019Ukraine ce week-end, mais que la participation am\u00e9ricaine n\u2019\u00e9tait pas acquise. \u00ab\u00a0S\u2019il y a une r\u00e9elle chance de signer un accord de paix, si nous sentons que ces r\u00e9unions m\u00e9ritent que quelqu\u2019un des \u00c9tats-Unis y consacre son temps ce week-end, alors nous enverrons un repr\u00e9sentant\u00a0\u00bb, a repris la porte-parole de l\u2019ex\u00e9cutif am\u00e9ricain. \u00ab\u00a0Nous ne sommes toujours pas s\u00fbrs de savoir si une paix r\u00e9elle peut \u00eatre obtenue et si nous pouvons v\u00e9ritablement faire avancer les choses\u00a0\u00bb, a-t-elle conclu.<\/p>\n","protected":false},"excerpt":{"rendered":"Soulignant qu\u2019il voulait \u00e0 pr\u00e9sent \u00ab\u00a0des actes\u00a0\u00bb pour mettre fin \u00e0 la guerre, la porte-parole de la Maison&hellip;\n","protected":false},"author":2,"featured_media":593513,"comment_status":"","ping_status":"","sticky":false,"template":"","format":"standard","meta":{"footnotes":""},"categories":[1591],"tags":[11,765,1887,2069,74,12,1885,1886,132],"class_list":{"0":"post-593512","1":"post","2":"type-post","3":"status-publish","4":"format-standard","5":"has-post-thumbnail","7":"category-russie","8":"tag-actualites","9":"tag-en-continu","10":"tag-federation-de-russie","11":"tag-guerre-ukraine-russie","12":"tag-monde","13":"tag-news","14":"tag-russia","15":"tag-russian-federation","16":"tag-russie"},"share_on_mastodon":{"url":"https:\/\/pubeurope.com\/@fr\/115702742741940832","error":""},"_links":{"self":[{"href":"https:\/\/www.europesays.com\/fr\/wp-json\/wp\/v2\/posts\/593512","targetHints":{"allow":["GET"]}}],"collection":[{"href":"https:\/\/www.europesays.com\/fr\/wp-json\/wp\/v2\/posts"}],"about":[{"href":"https:\/\/www.europesays.com\/fr\/wp-json\/wp\/v2\/types\/post"}],"author":[{"embeddable":true,"href":"https:\/\/www.europesays.com\/fr\/wp-json\/wp\/v2\/users\/2"}],"replies":[{"embeddable":true,"href":"https:\/\/www.europesays.com\/fr\/wp-json\/wp\/v2\/comments?post=593512"}],"version-history":[{"count":0,"href":"https:\/\/www.europesays.com\/fr\/wp-json\/wp\/v2\/posts\/593512\/revisions"}],"wp:featuredmedia":[{"embeddable":true,"href":"https:\/\/www.europesays.com\/fr\/wp-json\/wp\/v2\/media\/593513"}],"wp:attachment":[{"href":"https:\/\/www.europesays.com\/fr\/wp-json\/wp\/v2\/media?parent=593512"}],"wp:term":[{"taxonomy":"category","embeddable":true,"href":"https:\/\/www.europesays.com\/fr\/wp-json\/wp\/v2\/categories?post=593512"},{"taxonomy":"post_tag","embeddable":true,"href":"https:\/\/www.europesays.com\/fr\/wp-json\/wp\/v2\/tags?post=593512"}],"curies":[{"name":"wp","href":"https:\/\/api.w.org\/{rel}","templated":true}]}}