{"id":593514,"date":"2025-12-11T20:08:15","date_gmt":"2025-12-11T20:08:15","guid":{"rendered":"https:\/\/www.europesays.com\/fr\/593514\/"},"modified":"2025-12-11T20:08:15","modified_gmt":"2025-12-11T20:08:15","slug":"guerre-en-ukraine-le-general-valeri-zaloujny-futur-president-a-la-place-de-volodymyr-zelensky","status":"publish","type":"post","link":"https:\/\/www.europesays.com\/fr\/593514\/","title":{"rendered":"Guerre en Ukraine\u00a0: Le g\u00e9n\u00e9ral Valeri Zaloujny, futur pr\u00e9sident \u00e0 la place de Volodymyr Zelensky\u00a0?"},"content":{"rendered":"<p>\n                                                                    l&rsquo;essentiel<br \/>\n                                                                Sous la pression de Donald Trump, le pr\u00e9sident ukrainien Volodymyr Zelensky se dit pr\u00eat \u00e0 organiser des \u00e9lections, \u00e0 condition que les \u00c9tats-Unis garantissent la s\u00e9curit\u00e9 du scrutin. En cas de duel, il pourrait faire face \u00e0 la candidature redout\u00e9e de l\u2019ancien commandant en chef de l\u2019arm\u00e9e, le g\u00e9n\u00e9ral Valeri Zaloujny.\n                            <\/p>\n<p>La question d\u2019un scrutin en Ukraine est relanc\u00e9e. L\u2019ancien pr\u00e9sident am\u00e9ricain Donald Trump a r\u00e9cemment intensifi\u00e9 ses attaques, accusant publiquement le pr\u00e9sident Volodymyr Zelensky d\u2019utiliser le conflit arm\u00e9 comme pr\u00e9texte pour suspendre la d\u00e9mocratie.<\/p>\n<p>Face \u00e0 ces pressions, le dirigeant ukrainien\u00a0a ouvert la porte\u00a0mais seulement si\u00a0la s\u00e9curit\u00e9 du suffrage est assur\u00e9e par les Am\u00e9ricains. \u00ab\u00a0Je suis pr\u00eat pour des \u00e9lections [\u2026]. Je demande ouvertement aux \u00c9tats-Unis de m\u2019aider, \u00e9ventuellement avec les coll\u00e8gues europ\u00e9ens, \u00e0 garantir la s\u00e9curit\u00e9 pour la tenue d\u2019\u00e9lections\u00a0\u00bb, a-t-il d\u00e9clar\u00e9 cette semaine.<\/p>\n<p>Zaloujny, le \u00ab\u00a0g\u00e9n\u00e9ral de fer\u00a0\u00bb pr\u00eat \u00e0 d\u00e9fier Zelensky<\/p>\n<p>Si un scrutin venait \u00e0 se tenir, le pr\u00e9sident ukrainien pourrait se retrouver face \u00e0 un adversaire de taille\u00a0: le g\u00e9n\u00e9ral Valeri Zaloujny. Les r\u00e9cents sondages, bien que pla\u00e7ant Zelensky en t\u00eate au premier tour, indiquent que le populaire \u00ab\u00a0g\u00e9n\u00e9ral de fer\u00a0\u00bb pourrait remporter une victoire \u00e9crasante en cas de duel final, indique le <a href=\"https:\/\/www.theguardian.com\/world\/ng-interactive\/2025\/aug\/25\/general-envoy-future-ukraine-president-valerii-zaluzhnyi-london-waiting-game\" target=\"_blank\" rel=\"noopener\">Guardian<\/a>.<\/p>\n<p><a href=\"https:\/\/www.ladepeche.fr\/2025\/08\/30\/ukraine-ambassadeur-heros-de-guerre-apprecie-de-jd-vance-qui-est-valeri-zaloujny-potentiel-candidat-pour-succeder-a-zelensky-12899665.php\" target=\"_blank\" rel=\"noopener\">Ancien commandant<\/a> en chef des forces arm\u00e9es ukrainiennes, le g\u00e9n\u00e9ral de 52 ans est d\u00e9sormais ambassadeur de Kiev \u00e0 Londres. Nomm\u00e9 en juillet\u00a02021, ce natif de Zviahel avait r\u00e9ussi \u00e0 stabiliser le front pendant de longs mois face \u00e0 l\u2019invasion russe. Toutefois, sa trajectoire fut ponctu\u00e9e de d\u00e9saccords tactiques avec le pouvoir ex\u00e9cutif, conduisant \u00e0 son limogeage en f\u00e9vrier\u00a02024 et \u00e0 sa nomination prestigieuse mais lointaine \u00e0 Londres.<\/p>\n<p>Le front comme priorit\u00e9<\/p>\n<p>Malgr\u00e9 l\u2019enjeu \u00e9lectoral, le front reste la priorit\u00e9. S\u2019exprimant sur l\u2019\u00e9pineuse question des territoires de l\u2019Est, le pr\u00e9sident Zelensky a affirm\u00e9 ce jeudi 11\u00a0novembre que les \u00c9tats-Unis ont <a href=\"https:\/\/www.ladepeche.fr\/2025\/12\/11\/direct-guerre-en-ukraine-attaque-de-drone-massive-de-kiev-trump-dit-avoir-eu-des-mots-assez-forts-aux-europeens-13104046.php\" target=\"_blank\" rel=\"noopener\">propos\u00e9 un plan<\/a> impliquant le retrait de l\u2019arm\u00e9e ukrainienne du Donbass, sans exiger le m\u00eame retrait des forces russes.<\/p>\n<p class=\"std-elt__inline\">\n        <strong>\u00c0 lire aussi :<\/strong><br \/>\n        <a href=\"https:\/\/www.ladepeche.fr\/2025\/12\/11\/guerre-en-ukraine-manger-ou-mourir-ils-ont-survecu-165-jours-au-front-traques-par-les-drones-fpv-russes-13104775.php\" target=\"_blank\" rel=\"noopener\">Guerre en Ukraine\u00a0: \u00ab\u00a0Manger ou mourir\u00a0\u00bb, 165 jours dans l\u2019enfer du front, pi\u00e9g\u00e9s et traqu\u00e9s par les drones FPV russes<\/a>\n    <\/p>\n<p>Sur la question de l\u2019avenir de ces territoires, le pr\u00e9sident ukrainien a insist\u00e9 sur la n\u00e9cessit\u00e9 de l\u2019aval populaire\u00a0: \u00ab\u00a0Il faudra une \u00e9lection ou un r\u00e9f\u00e9rendum\u00a0\u00bb. Il a pr\u00e9cis\u00e9 que Washington envisage la cr\u00e9ation d\u2019une \u00ab\u00a0zone \u00e9conomique libre\u00a0\u00bb ou \u00ab\u00a0zone d\u00e9militaris\u00e9e\u00a0\u00bb dans la partie de la r\u00e9gion de Donetsk d\u2019o\u00f9 les forces ukrainiennes devraient se retirer. Les \u00c9tats-Unis proposent aussi de laisser les r\u00e9gions du sud \u00e0 l\u2019arm\u00e9e russe, dont Zaporijia, selon Kiev.<\/p>\n","protected":false},"excerpt":{"rendered":"l&rsquo;essentiel Sous la pression de Donald Trump, le pr\u00e9sident ukrainien Volodymyr Zelensky se dit pr\u00eat \u00e0 organiser des&hellip;\n","protected":false},"author":2,"featured_media":593515,"comment_status":"","ping_status":"","sticky":false,"template":"","format":"standard","meta":{"footnotes":""},"categories":[1590],"tags":[11,1777,674,329,131,14,12,220],"class_list":{"0":"post-593514","1":"post","2":"type-post","3":"status-publish","4":"format-standard","5":"has-post-thumbnail","7":"category-ukraine","8":"tag-actualites","9":"tag-eu","10":"tag-europe","11":"tag-france-monde","12":"tag-guerre-en-ukraine","13":"tag-international","14":"tag-news","15":"tag-ukraine"},"share_on_mastodon":{"url":"https:\/\/pubeurope.com\/@fr\/115702746888817011","error":""},"_links":{"self":[{"href":"https:\/\/www.europesays.com\/fr\/wp-json\/wp\/v2\/posts\/593514","targetHints":{"allow":["GET"]}}],"collection":[{"href":"https:\/\/www.europesays.com\/fr\/wp-json\/wp\/v2\/posts"}],"about":[{"href":"https:\/\/www.europesays.com\/fr\/wp-json\/wp\/v2\/types\/post"}],"author":[{"embeddable":true,"href":"https:\/\/www.europesays.com\/fr\/wp-json\/wp\/v2\/users\/2"}],"replies":[{"embeddable":true,"href":"https:\/\/www.europesays.com\/fr\/wp-json\/wp\/v2\/comments?post=593514"}],"version-history":[{"count":0,"href":"https:\/\/www.europesays.com\/fr\/wp-json\/wp\/v2\/posts\/593514\/revisions"}],"wp:featuredmedia":[{"embeddable":true,"href":"https:\/\/www.europesays.com\/fr\/wp-json\/wp\/v2\/media\/593515"}],"wp:attachment":[{"href":"https:\/\/www.europesays.com\/fr\/wp-json\/wp\/v2\/media?parent=593514"}],"wp:term":[{"taxonomy":"category","embeddable":true,"href":"https:\/\/www.europesays.com\/fr\/wp-json\/wp\/v2\/categories?post=593514"},{"taxonomy":"post_tag","embeddable":true,"href":"https:\/\/www.europesays.com\/fr\/wp-json\/wp\/v2\/tags?post=593514"}],"curies":[{"name":"wp","href":"https:\/\/api.w.org\/{rel}","templated":true}]}}