{"id":593516,"date":"2025-12-11T20:09:15","date_gmt":"2025-12-11T20:09:15","guid":{"rendered":"https:\/\/www.europesays.com\/fr\/593516\/"},"modified":"2025-12-11T20:09:15","modified_gmt":"2025-12-11T20:09:15","slug":"stellantis-delocalise-aux-usa-et-se-met-le-canada-a-dos","status":"publish","type":"post","link":"https:\/\/www.europesays.com\/fr\/593516\/","title":{"rendered":"Stellantis d\u00e9localise aux USA et se met le Canada \u00e0 dos"},"content":{"rendered":"<p itemprop=\"description\">C\u2019est un bras de fer \u00e0 plusieurs<br \/>\ncentaines de millions de dollars qui vient de s\u2019engager. Stellantis<br \/>\na choisi de plaire \u00e0 Donald Trump en rapatriant sa production aux<br \/>\n\u00c9tats-Unis, mais le Canada ne compte pas se laisser faire.<\/p>\n<p>La guerre commerciale entre le Canada et Stellantis est<br \/>\nofficiellement d\u00e9clar\u00e9e. Ottawa vient de mettre le constructeur en<br \/>\ndemeure pour rupture de contrat qui menace 3000 emplois canadiens<br \/>\net viole les accords li\u00e9s \u00e0 des centaines de millions de dollars<br \/>\nd\u00a0\u00bbaides publiques. En repr\u00e9sailles, le Canada exige le<br \/>\nremboursement des sommes vers\u00e9es et serre la vis sur les droits de<br \/>\ndouane.<\/p>\n<p>Une trahison !<\/p>\n<p>L&rsquo;annonce est tomb\u00e9e comme un couperet jeudi dernier. M\u00e9lanie<br \/>\nJoly, la ministre canadienne de l&rsquo;Industrie, n&rsquo;a pas pris de gants<br \/>\ndevant le comit\u00e9 parlementaire. <strong>Stellantis est<br \/>\nofficiellement \u00ab\u00a0en d\u00e9faut de paiement\u00a0\u00bb a-t-elle<br \/>\nd\u00e9clar\u00e9<\/strong>. Le constructeur franco-italo-am\u00e9ricain a re\u00e7u une<br \/>\nmise en demeure. La raison de cette col\u00e8re ? La d\u00e9cision de<br \/>\n<a href=\"https:\/\/www.autoplus.fr\/marque\/stellantis\" target=\"_blank\" rel=\"noopener\">Stellantis<\/a><br \/>\nd&rsquo;abandonner son projet de r\u00e9outillage de l&rsquo;usine de Brampton, pr\u00e8s<br \/>\nde Toronto, pour transf\u00e9rer la production du futur <a href=\"https:\/\/www.autoplus.fr\/essai\/essai-jeep-compass-le-suv-qui-veut-seduire-leurope\" target=\"_blank\" rel=\"noopener\"><br \/>\nJeep Compass<\/a> vers l&rsquo;Illinois, aux \u00c9tats-Unis. <strong>Pour le<br \/>\nCanada, c&rsquo;est une trahison pure et simple<\/strong>. Pourtant,<br \/>\nStellantis avait sign\u00e9 des accords.<\/p>\n<p>En \u00e9change de pr\u00eats et d&rsquo;aides gouvernementales (dont environ<br \/>\n157 millions de dollars d\u00e9j\u00e0 vers\u00e9s sur un total promis de 380<br \/>\nmillions), l&rsquo;entreprise s&rsquo;engageait \u00e0 moderniser le site ontarien<br \/>\npour y fabriquer le Compass en versions thermique et \u00e9lectrique. En<br \/>\nrompant cet engagement, <strong>le groupe laisse 3000 employ\u00e9s sur<br \/>\nle carreau et viole les conditions de son financement<br \/>\npublic<\/strong>. <a href=\"https:\/\/www.noscommunes.ca\/members\/fr\/melanie-joly(88384)\" target=\"_blank\" rel=\"noopener\">M\u00e9lanie<br \/>\nJoly<\/a> a ajout\u00e9 : \u00ab\u00a0Nous tiendrons bon pour nos travailleurs<br \/>\n(&#8230;) car d\u00e9fendre ces emplois, c&rsquo;est d\u00e9fendre la colonne<br \/>\nvert\u00e9brale \u00e9conomique du Canada\u00a0\u00bb. Stellantis doit soit<br \/>\nrespecter son contrat, soit rembourser l&rsquo;argent. Pire encore pour<br \/>\nle constructeur, la ministre a soulign\u00e9 que les aides vers\u00e9es pour<br \/>\nla construction de la gigantesque usine de batteries de Windsor (en<br \/>\npartenariat avec LG) \u00e9taient elles aussi li\u00e9es au maintien de<br \/>\nl&rsquo;activit\u00e9 \u00e0 Brampton.<\/p>\n<p>Pourquoi un tel risque ?<\/p>\n<p>Pourquoi Stellantis prendrait-il un tel risque ? La r\u00e9ponse<br \/>\ntient en un nom, <a href=\"https:\/\/www.autoplus.fr\/actualite\/donald-trump-veut-produire-et-vendre-des-kei-cars-aux-usa-1412959.html\" target=\"_blank\" rel=\"noopener\"><br \/>\nDonald Trump<\/a>. Le pr\u00e9sident am\u00e9ricain m\u00e8ne une campagne<br \/>\nagressive pour forcer les constructeurs \u00e0 rapatrier leur production<br \/>\nsur le sol am\u00e9ricain, n&rsquo;h\u00e9sitant pas \u00e0 brandir la menace de droits<br \/>\nde douane. Stellantis a donc choisi son camp et se plie illico<br \/>\npresto aux exigences de la Maison Blanche. Mais ce calcul pourrait<br \/>\nco\u00fbter cher au groupe. Le Canada a d\u00e9j\u00e0 commenc\u00e9 \u00e0 riposter et a<br \/>\nd\u00e9cid\u00e9 de <strong>r\u00e9duire de moiti\u00e9 le quota de v\u00e9hicules<br \/>\nStellantis pouvant entrer au Canada sans droits de<br \/>\ndouane<\/strong>.<\/p>\n<p>Du c\u00f4t\u00e9 de Stellantis, on tente de calmer le jeu en jouant sur<br \/>\nles mots. Teresa Piruzza, directrice des affaires ext\u00e9rieures,<br \/>\nrefuse de parler de fermeture et \u00e9voque une \u00ab\u00a0pause<br \/>\nop\u00e9rationnelle\u00a0\u00bb pour l&rsquo;usine de Brampton. Elle assure ainsi<br \/>\nque les employ\u00e9s restent salari\u00e9s du groupe. \u00ab\u00a0Stellantis est au<br \/>\nCanada depuis plus de cent ans, et nous restons engag\u00e9s envers le<br \/>\nCanada\u00a0\u00bb, a-t-elle plaid\u00e9. Sa d\u00e9claration sonne un peu creux<br \/>\nface \u00e0 la r\u00e9alit\u00e9 des cha\u00eenes de montage qui sont\u2026 \u00e0 l&rsquo;arr\u00eat !<br \/>\n<a href=\"https:\/\/www.autoplus.fr\/actualite\/comment-le-geant-americain-general-motors-envisage-lavenir-de-lautomobile-au-dela-du-mode-de-transport-1413020.html\" target=\"_blank\" rel=\"noopener\"><br \/>\nGeneral Motors<\/a> suit le m\u00eame chemin, et a lui aussi r\u00e9duit la<br \/>\nvoilure en fermant une usine de fourgons \u00e9lectriques en Ontario. La<br \/>\nguerre commerciale nord-am\u00e9ricaine ne fait que commencer.<\/p>\n","protected":false},"excerpt":{"rendered":"C\u2019est un bras de fer \u00e0 plusieurs centaines de millions de dollars qui vient de s\u2019engager. Stellantis a&hellip;\n","protected":false},"author":2,"featured_media":593517,"comment_status":"","ping_status":"","sticky":false,"template":"","format":"standard","meta":{"footnotes":""},"categories":[1589],"tags":[11,73,1866,1638,12,1864,1865,1863,308],"class_list":{"0":"post-593516","1":"post","2":"type-post","3":"status-publish","4":"format-standard","5":"has-post-thumbnail","7":"category-etats-unis","8":"tag-actualites","9":"tag-etats-unis","10":"tag-etats-unis-damerique","11":"tag-has_diapo","12":"tag-news","13":"tag-united-states","14":"tag-united-states-of-america","15":"tag-us","16":"tag-usa"},"share_on_mastodon":{"url":"https:\/\/pubeurope.com\/@fr\/115702750552968785","error":""},"_links":{"self":[{"href":"https:\/\/www.europesays.com\/fr\/wp-json\/wp\/v2\/posts\/593516","targetHints":{"allow":["GET"]}}],"collection":[{"href":"https:\/\/www.europesays.com\/fr\/wp-json\/wp\/v2\/posts"}],"about":[{"href":"https:\/\/www.europesays.com\/fr\/wp-json\/wp\/v2\/types\/post"}],"author":[{"embeddable":true,"href":"https:\/\/www.europesays.com\/fr\/wp-json\/wp\/v2\/users\/2"}],"replies":[{"embeddable":true,"href":"https:\/\/www.europesays.com\/fr\/wp-json\/wp\/v2\/comments?post=593516"}],"version-history":[{"count":0,"href":"https:\/\/www.europesays.com\/fr\/wp-json\/wp\/v2\/posts\/593516\/revisions"}],"wp:featuredmedia":[{"embeddable":true,"href":"https:\/\/www.europesays.com\/fr\/wp-json\/wp\/v2\/media\/593517"}],"wp:attachment":[{"href":"https:\/\/www.europesays.com\/fr\/wp-json\/wp\/v2\/media?parent=593516"}],"wp:term":[{"taxonomy":"category","embeddable":true,"href":"https:\/\/www.europesays.com\/fr\/wp-json\/wp\/v2\/categories?post=593516"},{"taxonomy":"post_tag","embeddable":true,"href":"https:\/\/www.europesays.com\/fr\/wp-json\/wp\/v2\/tags?post=593516"}],"curies":[{"name":"wp","href":"https:\/\/api.w.org\/{rel}","templated":true}]}}