{"id":593522,"date":"2025-12-11T20:12:24","date_gmt":"2025-12-11T20:12:24","guid":{"rendered":"https:\/\/www.europesays.com\/fr\/593522\/"},"modified":"2025-12-11T20:12:24","modified_gmt":"2025-12-11T20:12:24","slug":"selon-politico-la-personnalite-la-plus-influente-en-europe-est-donald-trump","status":"publish","type":"post","link":"https:\/\/www.europesays.com\/fr\/593522\/","title":{"rendered":"Selon Politico, la personnalit\u00e9 la plus influente en Europe est&#8230; Donald Trump"},"content":{"rendered":"<ul class=\"jsx-862013697 ArticleChapo__List\">\n<li class=\"jsx-862013697 ArticleChapo__List_Item flex\">Politico d\u00e9voile les 28 personnalit\u00e9s les plus influentes en Europe en 2026.<\/li>\n<li class=\"jsx-862013697 ArticleChapo__List_Item flex\">\u00c9tonnamment, la premi\u00e8re place du classement est occup\u00e9e par Donald Trump.<\/li>\n<li class=\"jsx-862013697 ArticleChapo__List_Item flex\">Quatre Fran\u00e7ais font partie de ce top.<\/li>\n<\/ul>\n<p data-module=\"article-paragraph\" class=\"jsx-3046738180 Paragraph Paragraph__End\">\u00c0 l&rsquo;approche de la nouvelle ann\u00e9e, le journal Politico a publi\u00e9 le classement des 28 personnalit\u00e9s les plus influentes qui fa\u00e7onneront la politique europ\u00e9enne lors de l&rsquo;ann\u00e9e \u00e0 venir. La personne en t\u00eate de ce classement peut surprendre, puisqu&rsquo;il s&rsquo;agit du pr\u00e9sident des \u00c9tats-Unis <a href=\"https:\/\/www.tf1info.fr\/international\/j-adorais-paris-donald-trump-etrille-la-politique-migratoire-de-l-europe-2411860.html\" target=\"_blank\" rel=\"noopener\">Donald Trump<\/a>. \u00ab\u00a0Personne n&rsquo;a exerc\u00e9 plus d&rsquo;influence en Europe ou sur l&rsquo;Europe cette ann\u00e9e que le pr\u00e9sident am\u00e9ricain\u00a0\u00bb, a not\u00e9 le magazine, qui n&rsquo;a pas respect\u00e9 la r\u00e8gle qu&rsquo;il s&rsquo;\u00e9tait lui-m\u00eame fix\u00e9e, \u00e0 savoir mettre uniquement des personnalit\u00e9s europ\u00e9ennes dans son classement. \u00ab\u00a0L&rsquo;ombre de Trump plane tellement sur les capitales que ses d\u00e9cisions, ou ses \u00e9clats, ont tout boulevers\u00e9, des budgets de d\u00e9fense \u00e0 la politique commerciale en passant par la politique int\u00e9rieure\u00a0\u00bb, d\u00e9veloppe <a href=\"https:\/\/www.politico.eu\/politico-28-class-of-2026\/#list\" target=\"_blank\" rel=\"noopener\">Politico (nouvelle fen\u00eatre)<\/a>. Le magazine souligne comment l&rsquo;attitude du pr\u00e9sident des \u00c9tats-Unis concernant la guerre en Ukraine a chang\u00e9 la politique de d\u00e9fense europ\u00e9enne, mais \u00e9galement comment les d\u00e9cisions am\u00e9ricaines ont remodel\u00e9 l&rsquo;\u00e9conomie europ\u00e9enne et sa diplomatie.\u00a0<\/p>\n<p>Les autres personnalit\u00e9s du top 5<\/p>\n<p data-module=\"article-paragraph\" class=\"jsx-3046738180 Paragraph Paragraph__End\">Mette Frederiksen, Premi\u00e8re ministre du Danemark depuis 2019, est la deuxi\u00e8me personnalit\u00e9 du classement de Politico, qui explique qu&rsquo;elle \u00ab\u00a0a discr\u00e8tement export\u00e9 sa propre conception de la social-d\u00e9mocratie \u00e0 travers le continent\u00a0\u00bb. Le chancelier allemand Friedrich Merz est le troisi\u00e8me de ce classement. Il est d\u00e9crit par Politico comme \u00e9tant \u00ab\u00a0l&rsquo;homme qui brise les tabous de l&rsquo;apr\u00e8s-guerre en Allemagne\u00a0\u00bb, apr\u00e8s avoir incit\u00e9 son pays et l&rsquo;Europe \u00e0 se r\u00e9armer. La quatri\u00e8me personnalit\u00e9 de ce classement, et la premi\u00e8re fran\u00e7aise, est <a href=\"https:\/\/www.tf1info.fr\/politique\/jordan-bardella-seule-option-rn-testee-par-un-sondage-sur-l-election-presidentielle-ca-ne-me-traumatise-pas-repond-marine-le-pen-2409710.html\" target=\"_blank\" rel=\"noopener\">Marine Le Pen<\/a>. Elle est qualifi\u00e9e de \u00ab\u00a0cheval de guerre\u00a0\u00bb par Politico, qui souligne qu&rsquo;elle \u00ab\u00a0s&rsquo;appr\u00eate \u00e0 faire l&rsquo;un de ses l\u00e9gendaires retours\u00a0\u00bb, malgr\u00e9 une condamnation assortie d&rsquo;une peine d&rsquo;in\u00e9ligibilit\u00e9 au mois de mars. Le journal politique estime que, bien qu&rsquo;elle ait \u00e9t\u00e9 affaiblie, Marine Le Pen n&rsquo;a pas cess\u00e9 de mettre la pression sur le gouvernement en contribuant \u00e0 la chute de Fran\u00e7ois Bayrou au mois de septembre 2025. Enfin, la cinqui\u00e8me personnalit\u00e9 la plus influente en Europe, selon Politico, est le pr\u00e9sident russe Vladimir Poutine qui est qualifi\u00e9 par le magazine comme \u00e9tant \u00ab\u00a0le principal perturbateur de l&rsquo;Europe depuis plus d&rsquo;une d\u00e9cennie\u00a0\u00bb.\u00a0<\/p>\n<p><a href=\"https:\/\/www.tf1info.fr\/international\/gisele-pelicot-et-leon-marchand-figurent-parmi-les-100-personnalites-les-plus-influentes-de-2025-selon-le-time-magazine-2365547.html\" rel=\"noopener\" class=\"jsx-3308031228 Link flex\" target=\"_blank\"><img decoding=\"async\" src=\"https:\/\/www.europesays.com\/fr\/wp-content\/uploads\/2025\/12\/gisele-pelicot-le-19-decembre-2024-ec5b68-1@1x.jpeg\" alt=\"Gis\u00e8le P\u00e9licot le 19 d\u00e9cembre 2024.\" loading=\"lazy\" importance=\"low\" fetchpriority=\"low\" class=\"\" aria-hidden=\"true\"\/><\/p>\n<p class=\"jsx-3657663356 ReadMoreArticle__Title\">Lire aussi<\/p>\n<p class=\"jsx-3657663356\"> Gis\u00e8le Pelicot et L\u00e9on Marchand dans la liste du \u00ab\u00a0Time\u00a0\u00bb des 100 personnalit\u00e9s les plus influentes de 2025<\/p>\n<p><\/a>Quels sont les autres Fran\u00e7ais du classement ?<\/p>\n<p data-module=\"article-paragraph\" class=\"jsx-3046738180 Paragraph Paragraph__End\">Plusieurs Fran\u00e7ais font partie du classement des 28 personnalit\u00e9s les plus influentes d&rsquo;Europe. Ainsi, l&rsquo;\u00e9conomiste Gabriel Zucman appara\u00eet en 15\u1d49\u00a0position de ce top. Appel\u00e9 le \u00ab\u00a0chasseur de millionnaires\u00a0\u00bb par le magazine, il a r\u00e9ussi \u00e0 mettre la question des in\u00e9galit\u00e9s au c\u0153ur des d\u00e9bats, estime Politico. Le pr\u00e9sident fran\u00e7ais Emmanuel Macron, qualifi\u00e9 de \u00ab\u00a0coq bless\u00e9\u00a0\u00bb, est \u00e0 la 19\u1d49\u00a0place du classement. Politico estime qu&rsquo;il a perdu en influence apr\u00e8s la dissolution de l&rsquo;Assembl\u00e9e nationale et la crise politique que cela a engendr\u00e9e. Enfin, la d\u00e9put\u00e9e europ\u00e9enne Rima Hassan est la 26\u1d49\u00a0personnalit\u00e9 de ce classement. Elle est qualifi\u00e9e par le magazine de \u00ab\u00a0championne la plus visible de la cause palestinienne en Europe\u00a0\u00bb.\u00a0<\/p>\n<p>Caroline FRUHAUF pour TF1 INFO<\/p>\n","protected":false},"excerpt":{"rendered":"Politico d\u00e9voile les 28 personnalit\u00e9s les plus influentes en Europe en 2026. \u00c9tonnamment, la premi\u00e8re place du classement&hellip;\n","protected":false},"author":2,"featured_media":593523,"comment_status":"","ping_status":"","sticky":false,"template":"","format":"standard","meta":{"footnotes":""},"categories":[1586],"tags":[1111,11,1921,75,1073,73,1777,674,1011,27,1922,430,12,25,133,5010],"class_list":{"0":"post-593522","1":"post","2":"type-post","3":"status-publish","4":"format-standard","5":"has-post-thumbnail","7":"category-europe","8":"tag-actu","9":"tag-actualites","10":"tag-article-video","11":"tag-donald-trump","12":"tag-emmanuel-macron","13":"tag-etats-unis","14":"tag-eu","15":"tag-europe","16":"tag-fr","17":"tag-france","18":"tag-info","19":"tag-marine-le-pen","20":"tag-news","21":"tag-republique-francaise","22":"tag-video","23":"tag-video-sujets-de-societe"},"share_on_mastodon":{"url":"https:\/\/pubeurope.com\/@fr\/115702763389677037","error":""},"_links":{"self":[{"href":"https:\/\/www.europesays.com\/fr\/wp-json\/wp\/v2\/posts\/593522","targetHints":{"allow":["GET"]}}],"collection":[{"href":"https:\/\/www.europesays.com\/fr\/wp-json\/wp\/v2\/posts"}],"about":[{"href":"https:\/\/www.europesays.com\/fr\/wp-json\/wp\/v2\/types\/post"}],"author":[{"embeddable":true,"href":"https:\/\/www.europesays.com\/fr\/wp-json\/wp\/v2\/users\/2"}],"replies":[{"embeddable":true,"href":"https:\/\/www.europesays.com\/fr\/wp-json\/wp\/v2\/comments?post=593522"}],"version-history":[{"count":0,"href":"https:\/\/www.europesays.com\/fr\/wp-json\/wp\/v2\/posts\/593522\/revisions"}],"wp:featuredmedia":[{"embeddable":true,"href":"https:\/\/www.europesays.com\/fr\/wp-json\/wp\/v2\/media\/593523"}],"wp:attachment":[{"href":"https:\/\/www.europesays.com\/fr\/wp-json\/wp\/v2\/media?parent=593522"}],"wp:term":[{"taxonomy":"category","embeddable":true,"href":"https:\/\/www.europesays.com\/fr\/wp-json\/wp\/v2\/categories?post=593522"},{"taxonomy":"post_tag","embeddable":true,"href":"https:\/\/www.europesays.com\/fr\/wp-json\/wp\/v2\/tags?post=593522"}],"curies":[{"name":"wp","href":"https:\/\/api.w.org\/{rel}","templated":true}]}}