{"id":593535,"date":"2025-12-11T20:20:15","date_gmt":"2025-12-11T20:20:15","guid":{"rendered":"https:\/\/www.europesays.com\/fr\/593535\/"},"modified":"2025-12-11T20:20:15","modified_gmt":"2025-12-11T20:20:15","slug":"raphael-collignon-va-disputer-une-exhibition-par-equipe-avec-le-veteran-stan-wawrinka-une-annee-de-tennis-coute-cher","status":"publish","type":"post","link":"https:\/\/www.europesays.com\/fr\/593535\/","title":{"rendered":"Rapha\u00ebl Collignon va disputer une exhibition par \u00e9quipe avec le v\u00e9t\u00e9ran Stan Wawrinka : \u00ab\u00a0Une ann\u00e9e de tennis co\u00fbte cher&#8230;\u00a0\u00bb"},"content":{"rendered":"<p class=\"ap-StoryElement ap-StoryElement--mb ap-StoryText\">\u00ab\u00a0On a \u00e9t\u00e9 contact\u00e9s par l&rsquo;organisateur apr\u00e8s le forfait de David, nous confirme Steve Darcis, son entra\u00eeneur. Raph&rsquo; avait envie d&rsquo;y aller. Personnellement, je n&rsquo;\u00e9tais pas particuli\u00e8rement emball\u00e9, surtout qu&rsquo;on est en train de modifier un ou deux \u00e9l\u00e9ments techniques dans son jeu et qu&rsquo;on n&rsquo;en est qu&rsquo;au tout d\u00e9but de la pr\u00e9paration. Reste que l&rsquo;exhibition peut devenir int\u00e9ressante s&rsquo;il l&rsquo;utilise \u00e0 bon escient. Aller en France juste pour gagner le tournoi sans appliquer ce que l&rsquo;on travaille aux entra\u00eenements, ce serait contre-productif. Je suis aussi conscient qu&rsquo;il s&rsquo;agit de sa carri\u00e8re et qu&rsquo;une ann\u00e9e de tennis co\u00fbte cher, il ne faut pas se leurrer. Il a besoin d&rsquo;argent pour vivre\u2026\u00a0\u00bb<\/p>\n<p><a href=\"https:\/\/www.dhnet.be\/sports\/tennis\/2024\/10\/16\/voici-pourquoi-les-joueurs-de-tennis-ralent-sur-le-calendrier-surcharge-de-latp-mais-participent-a-des-exhibitions-XIBYHHM2WBA7RKHEEFVKZR6DQ4\/\" target=\"_self\" class=\"ap-StoryInterstitialLink ap-StoryElement ap-StoryElement--mb\" rel=\"noopener\">Voici pourquoi les joueurs de tennis r\u00e2lent sur le calendrier surcharg\u00e9 de l&rsquo;ATP mais participent \u00e0 des exhibitions<\/a><\/p>\n<p class=\"ap-StoryElement ap-StoryElement--mb ap-StoryText\">En face, l&rsquo;\u00e9quipe de France s&rsquo;appuiera sur Ga\u00ebl Monfils (ATP 68), Adrian Mannarino (ATP 69), Quentin Halys (ATP 91), Leolia Jeanjean (WTA 103) et\u2026 Elina Svitolina (WTA 14). Une pr\u00e9sence atypique, la joueuse \u00e9tant ukrainienne, mais elle remplace au pied lev\u00e9 Lo\u00efs Boisson (WTA 36), r\u00e9v\u00e9lation fran\u00e7aise de 2025. Demi-finaliste \u00e0 Roland-Garros, elle indique \u00eatre en retard dans sa r\u00e9cup\u00e9ration en vue de la tourn\u00e9e australienne. Pour la petite histoire, notons tout de m\u00eame que <a href=\"https:\/\/www.dhnet.be\/sports\/tennis\/2022\/10\/15\/elina-svitolina-et-gael-monfils-parents-de-leur-premier-enfant-37M2A2V5CVEKTE5HBFMQYW63VI\/\" target=\"_self\" rel=\"noopener\">Svitolina est mari\u00e9e \u00e0 un certain Ga\u00ebl Monfils<\/a>.<\/p>\n<p class=\"ap-StoryElement ap-StoryElement--mb ap-StoryText\">De son c\u00f4t\u00e9, Rapha\u00ebl Collignon disputera deux rencontres : vendredi (pas avant 21 h) contre Quentin Halys, puis dimanche (pas avant 15 h) face \u00e0 Ga\u00ebl Monfils, dans le complexe Vercors de Bourg-de-P\u00e9age, o\u00f9 il ne reste que quelques places disponibles.<\/p>\n<p><a href=\"https:\/\/www.dhnet.be\/sports\/tennis\/2025\/11\/19\/coupe-davis-la-lettre-ouverte-de-corentin-moutet-je-reviendrai-plus-fort-pour-mon-drapeau-2NWGREZWUZDA5BNKGXYGXLVF5Y\/\" target=\"_self\" class=\"ap-StoryInterstitialLink ap-StoryElement ap-StoryElement--mb\" rel=\"noopener\">Coupe Davis \u2013 La lettre ouverte de Corentin Moutet : \u00ab\u00a0Je reviendrai plus fort pour mon drapeau\u00a0\u00bb<\/a><\/p>\n","protected":false},"excerpt":{"rendered":"\u00ab\u00a0On a \u00e9t\u00e9 contact\u00e9s par l&rsquo;organisateur apr\u00e8s le forfait de David, nous confirme Steve Darcis, son entra\u00eeneur. Raph&rsquo;&hellip;\n","protected":false},"author":2,"featured_media":593536,"comment_status":"","ping_status":"","sticky":false,"template":"","format":"standard","meta":{"footnotes":""},"categories":[1415],"tags":[1011,27,52084,70639,4171,60,1467],"class_list":{"0":"post-593535","1":"post","2":"type-post","3":"status-publish","4":"format-standard","5":"has-post-thumbnail","7":"category-tennis","8":"tag-fr","9":"tag-france","10":"tag-huy","11":"tag-les-bleus-equipe-de-france","12":"tag-roland-garros","13":"tag-sports","14":"tag-tennis"},"share_on_mastodon":{"url":"https:\/\/pubeurope.com\/@fr\/115702793730709585","error":""},"_links":{"self":[{"href":"https:\/\/www.europesays.com\/fr\/wp-json\/wp\/v2\/posts\/593535","targetHints":{"allow":["GET"]}}],"collection":[{"href":"https:\/\/www.europesays.com\/fr\/wp-json\/wp\/v2\/posts"}],"about":[{"href":"https:\/\/www.europesays.com\/fr\/wp-json\/wp\/v2\/types\/post"}],"author":[{"embeddable":true,"href":"https:\/\/www.europesays.com\/fr\/wp-json\/wp\/v2\/users\/2"}],"replies":[{"embeddable":true,"href":"https:\/\/www.europesays.com\/fr\/wp-json\/wp\/v2\/comments?post=593535"}],"version-history":[{"count":0,"href":"https:\/\/www.europesays.com\/fr\/wp-json\/wp\/v2\/posts\/593535\/revisions"}],"wp:featuredmedia":[{"embeddable":true,"href":"https:\/\/www.europesays.com\/fr\/wp-json\/wp\/v2\/media\/593536"}],"wp:attachment":[{"href":"https:\/\/www.europesays.com\/fr\/wp-json\/wp\/v2\/media?parent=593535"}],"wp:term":[{"taxonomy":"category","embeddable":true,"href":"https:\/\/www.europesays.com\/fr\/wp-json\/wp\/v2\/categories?post=593535"},{"taxonomy":"post_tag","embeddable":true,"href":"https:\/\/www.europesays.com\/fr\/wp-json\/wp\/v2\/tags?post=593535"}],"curies":[{"name":"wp","href":"https:\/\/api.w.org\/{rel}","templated":true}]}}