{"id":593537,"date":"2025-12-11T20:24:16","date_gmt":"2025-12-11T20:24:16","guid":{"rendered":"https:\/\/www.europesays.com\/fr\/593537\/"},"modified":"2025-12-11T20:24:16","modified_gmt":"2025-12-11T20:24:16","slug":"cic-pro-cycling-academy-officialise-ses-deux-dernieres-recrues-actualite","status":"publish","type":"post","link":"https:\/\/www.europesays.com\/fr\/593537\/","title":{"rendered":"CIC Pro Cycling Academy officialise ses deux derni\u00e8res recrues &#8211; Actualit\u00e9"},"content":{"rendered":"<p style=\"text-align: justify;\">CIC Pro Cycling Academy, le nouveau nom de<strong>\u00a0<a href=\"https:\/\/www.directvelo.com\/equipe\/8270\/cic-u-nantes\" target=\"_blank\" rel=\"noopener\">CIC U Nantes<\/a><\/strong>, a annonc\u00e9 ce jeudi soir lors de sa pr\u00e9sentation l&rsquo;arriv\u00e9e de deux derniers renforts pour 2026. Victor Guernalec et L\u00e9andre Lozouet trouvent refuge dans l&rsquo;\u00e9quipe Continentale apr\u00e8s l&rsquo;arr\u00eat d&rsquo;Ark\u00e9a-B&amp;B H\u00f4tels.\u00a0<\/p>\n<p style=\"text-align: justify;\"><strong><a href=\"https:\/\/www.directvelo.com\/coureur\/18647\/victor-guernalec\" target=\"_blank\" rel=\"noopener\">Victor Guernalec<\/a>\u00a0<\/strong>&#8211; notre photo -, 25 ans, a d\u00e9croch\u00e9 un succ\u00e8s chez les pros, pour sa premi\u00e8re ann\u00e9e dans l&rsquo;\u00e9lite, puisqu&rsquo;il s&rsquo;\u00e9tait impos\u00e9 sur une \u00e9tape du R\u00e9gion Pays de la Loire Tour. Il a \u00e9galement pris la 6e place de la Mercan&rsquo;Tour Classic Alpes-Maritimes, une 12e place au Tour de l&rsquo;Ain (23e du g\u00e9n\u00e9ral) ou encore une 14e place d&rsquo;\u00e9tape sur la Vuelta.<\/p>\n<p>\u00c0 l&rsquo;\u00e9poque o\u00f9 il \u00e9voluait chez les amateurs, il avait cumul\u00e9 sept succ\u00e8s en 2024 avec Bourg-en-Bresse Ain Cyclisme. En Classe 2, il avait termin\u00e9 3e du Kreiz Breizh Elites, avec des 2e et 8e places d&rsquo;\u00e9tape, ou encore 2e d&rsquo;une \u00e9tape de l&rsquo;Alpes Is\u00e8re Tour, dont il a pris la 23e place finale. Pour rappel, il a sign\u00e9 l&rsquo;an pass\u00e9 au CIC U Nantes avant de filer chez Ark\u00e9a-B&amp;B H\u00f4tels.<\/p>\n<p><strong><a href=\"https:\/\/www.directvelo.com\/coureur\/37746\/leandre-lozouet\" target=\"_blank\" rel=\"noopener\">L\u00e9andre Lozouet<\/a><\/strong>, 21 ans, a termin\u00e9 9e d&rsquo;une \u00e9tape du Tour de Guangxi, en cette fin de saison. Il a \u00e9galement disput\u00e9 son premier Grand Tour, sur la derni\u00e8re Vuelta, o\u00f9 il a termin\u00e9 trois fois dans le Top 20 d&rsquo;\u00e9tape.<\/p>\n<p>Arriv\u00e9 dans la Conti d&rsquo;Ark\u00e9a-B&amp;B H\u00f4tels en 2024, il avait fait le bond avec la WorldTeam apr\u00e8s une saison o\u00f9 il avait notamment \u00e9t\u00e9 m\u00e9daill\u00e9 de bronze au Championnat d&rsquo;Europe Espoirs, en plus de nombreux accessits en Classe 2.<\/p>\n<p>Retrouvez tous les transferts du peloton pro <strong><a href=\"https:\/\/www.directvelo.com\/mutations\/2026#teams-pro\" target=\"_blank\" rel=\"noopener\">en cliquant ici<\/a><\/strong>.<\/p>\n","protected":false},"excerpt":{"rendered":"CIC Pro Cycling Academy, le nouveau nom de\u00a0CIC U Nantes, a annonc\u00e9 ce jeudi soir lors de sa&hellip;\n","protected":false},"author":2,"featured_media":593538,"comment_status":"","ping_status":"","sticky":false,"template":"","format":"standard","meta":{"footnotes":""},"categories":[1411],"tags":[834,828,836,829,837,827,83,826,824,823,1154,207,814,817,815,816,822,821,832,211,839,1011,27,820,818,819,835,831,830,833,838,60,212,208,825],"class_list":{"0":"post-593537","1":"post","2":"type-post","3":"status-publish","4":"format-standard","5":"has-post-thumbnail","7":"category-cyclisme","8":"tag-attaque","9":"tag-belgique","10":"tag-braquet","11":"tag-bretagne","12":"tag-chute","13":"tag-competition","14":"tag-coupe-de-france","15":"tag-coureur","16":"tag-course-cyclisme","17":"tag-course-cycliste","18":"tag-cycling","19":"tag-cyclisme","20":"tag-direct","21":"tag-direct-velo","22":"tag-directvelo","23":"tag-directvelo-com","24":"tag-epreuve","25":"tag-epreuve-cycliste","26":"tag-federation-francaise-de-cyclisme","27":"tag-ffc","28":"tag-flandres","29":"tag-fr","30":"tag-france","31":"tag-live","32":"tag-live-course","33":"tag-live-epreuve","34":"tag-peloton","35":"tag-radio-peloton","36":"tag-radio-tour","37":"tag-ravitaillement","38":"tag-relance","39":"tag-sports","40":"tag-uci","41":"tag-velo","42":"tag-velos"},"share_on_mastodon":{"url":"https:\/\/pubeurope.com\/@fr\/115702809858535447","error":""},"_links":{"self":[{"href":"https:\/\/www.europesays.com\/fr\/wp-json\/wp\/v2\/posts\/593537","targetHints":{"allow":["GET"]}}],"collection":[{"href":"https:\/\/www.europesays.com\/fr\/wp-json\/wp\/v2\/posts"}],"about":[{"href":"https:\/\/www.europesays.com\/fr\/wp-json\/wp\/v2\/types\/post"}],"author":[{"embeddable":true,"href":"https:\/\/www.europesays.com\/fr\/wp-json\/wp\/v2\/users\/2"}],"replies":[{"embeddable":true,"href":"https:\/\/www.europesays.com\/fr\/wp-json\/wp\/v2\/comments?post=593537"}],"version-history":[{"count":0,"href":"https:\/\/www.europesays.com\/fr\/wp-json\/wp\/v2\/posts\/593537\/revisions"}],"wp:featuredmedia":[{"embeddable":true,"href":"https:\/\/www.europesays.com\/fr\/wp-json\/wp\/v2\/media\/593538"}],"wp:attachment":[{"href":"https:\/\/www.europesays.com\/fr\/wp-json\/wp\/v2\/media?parent=593537"}],"wp:term":[{"taxonomy":"category","embeddable":true,"href":"https:\/\/www.europesays.com\/fr\/wp-json\/wp\/v2\/categories?post=593537"},{"taxonomy":"post_tag","embeddable":true,"href":"https:\/\/www.europesays.com\/fr\/wp-json\/wp\/v2\/tags?post=593537"}],"curies":[{"name":"wp","href":"https:\/\/api.w.org\/{rel}","templated":true}]}}