{"id":593540,"date":"2025-12-11T20:26:13","date_gmt":"2025-12-11T20:26:13","guid":{"rendered":"https:\/\/www.europesays.com\/fr\/593540\/"},"modified":"2025-12-11T20:26:13","modified_gmt":"2025-12-11T20:26:13","slug":"laura-smet-enfin-liberee-dune-terrible-addiction-qui-aurait-pu-la-detruire-6-ans-sans","status":"publish","type":"post","link":"https:\/\/www.europesays.com\/fr\/593540\/","title":{"rendered":"Laura Smet enfin lib\u00e9r\u00e9e d&rsquo;une terrible addiction qui aurait pu la d\u00e9truire, \u00ab\u00a06 ans sans&#8230;\u00a0\u00bb"},"content":{"rendered":"<p>Ce mercredi 10 d\u00e9cembre 2025, le clan Hallyday \u00e9tait \u00e0 l\u00a0\u00bbhonneur<br \/>\nsur M6 avec la diffusion du documentaire Hallyday par<br \/>\nDavid. Dans cette r\u00e9alisation sign\u00e9e Vanessa Antelme,<br \/>\nl&rsquo;interpr\u00e8te de Tu ne m\u2019as pas laiss\u00e9 le temps est<br \/>\nnotamment revenu sur son enfance en tant qu&rsquo;enfant de stars. Outre<br \/>\nle fils a\u00een\u00e9 de Johnny Hallyday, sa fille <a href=\"https:\/\/www.melty.fr\/people\/fille-de-johnny-hallyday-laura-smet-balance-sur-son-pere-cest-tres-malsain-2239175.html\" target=\"_blank\" rel=\"noopener\"><br \/>\nLaura Smet a \u00e9galement pris la parole<\/a> devant les cam\u00e9ras de la<br \/>\ncin\u00e9aste. Et comme son fr\u00e8re, la com\u00e9dienne a longuement \u00e9voqu\u00e9 son<br \/>\npaternel. \u00c0 commencer par son combat contre le cancer et ses<br \/>\nderniers instants.<\/p>\n<p>Laura Smet tire un trait d\u00e9finitif sur son addiction au<br \/>\ntabac<\/p>\n<p>Ce n&rsquo;est \u00e9videmment pas la premi\u00e8re fois que <a href=\"https:\/\/www.melty.fr\/tag\/laura-smet\" target=\"_blank\" rel=\"noopener\">Laura Smet ouvre son c\u0153ur<\/a><br \/>\ndans les m\u00e9dias. En mai 2023, la fille de Johnny Hallyday et<br \/>\nNathalie Baye s&rsquo;\u00e9tait d&rsquo;ailleurs empar\u00e9e de ses propres r\u00e9seaux<br \/>\nsociaux afin d&rsquo;annoncer une grande nouvelle \u00e0 ses abonn\u00e9s. Sur<br \/>\nInstagram, elle avait en effet publi\u00e9 une photo d&rsquo;elle en vacances<br \/>\ndans les Pouilles. Sur l&rsquo;image, elle s&rsquo;affichait les cheveux au<br \/>\nvent et une cigarette dans la bouche. Une addiction sur laquelle<br \/>\nelle a tir\u00e9 un trait. \u00ab\u00a0Souvenir d&rsquo;Italie o\u00f9 je fumais<br \/>\nencore\u00a0\u00bb, a-t-elle \u00e9crit sur la plateforme. \u00c0 l&rsquo;\u00e9poque,<br \/>\nl&rsquo;\u00e9pouse de\u00a0Rapha\u00ebl Lancrey-Javal \u00e9tait visiblement fi\u00e8re de<br \/>\nc\u00e9l\u00e9brer ses \u00ab\u00a0six ans sans tabac\u00a0\u00bb.<\/p>\n<p>\u00c9mus, les fans avaient aussit\u00f4t salu\u00e9 la d\u00e9termination de Laura<br \/>\nSmet lorsqu&rsquo;elle avait annonc\u00e9 avoir d\u00e9finitivement arr\u00eat\u00e9 la<br \/>\ncigarette. D\u00e9j\u00e0 en 2018, la fille de Nathalie Baye avait fi\u00e8rement<br \/>\npartag\u00e9 sur les r\u00e9seaux sociaux son avanc\u00e9e dans ce combat. Elle<br \/>\navait r\u00e9v\u00e9l\u00e9 n&rsquo;avoir pas fum\u00e9 depuis 331 jours. La jolie blonde<br \/>\navait ensuite expliqu\u00e9 avoir \u00e9vit\u00e9 plus de 6 600 cigarettes et<br \/>\n\u00e9conomis\u00e9 plus de 2 000 euros. Un choix b\u00e9n\u00e9fique autant pour son<br \/>\nporte-monnaie que pour sa sant\u00e9, qui avait suscit\u00e9 de nombreuses<br \/>\nr\u00e9actions positives.<\/p>\n<p>Une m\u00e8re de famille \u00e0 la fois sportive<br \/>\net d\u00e9termin\u00e9e<\/p>\n<p>Maman d&rsquo;un petit gar\u00e7on pr\u00e9nomm\u00e9 L\u00e9o (n\u00e9 le 7 octobre 2020),<br \/>\nLaura Smet semble \u00e9galement tr\u00e8s attentive \u00e0 son bien-\u00eatre<br \/>\nphysique. Elle partage d&rsquo;ailleurs r\u00e9guli\u00e8rement des instants de ses<br \/>\nentra\u00eenements sportifs sur la Toile. Le 13 janvier 2023, elle avait<br \/>\nnotamment publi\u00e9 en story Instagram un selfie captur\u00e9 juste avant<br \/>\nun cours de boxe, v\u00eatue d&rsquo;une tenue confortable qui laissait<br \/>\nappara\u00eetre une silhouette \u00e9lanc\u00e9e et tonique. \u00ab\u00a0Toujours du<br \/>\nsport\u00a0\u00bb, avait-elle \u00e9crit en l\u00e9gende. Quelques mois plus tard,<br \/>\nen avril, elle avait d\u00e9voil\u00e9 une autre photo sur laquelle ses fans<br \/>\npouvaient l&rsquo;apercevoir en maillot de bain. Un look qui laissait<br \/>\nentrevoir son ventre incroyablement plat, difficile \u00e0 imaginer<br \/>\napr\u00e8s une grossesse.<\/p>\n","protected":false},"excerpt":{"rendered":"Ce mercredi 10 d\u00e9cembre 2025, le clan Hallyday \u00e9tait \u00e0 l\u00a0\u00bbhonneur sur M6 avec la diffusion du documentaire&hellip;\n","protected":false},"author":2,"featured_media":593541,"comment_status":"","ping_status":"","sticky":false,"template":"","format":"standard","meta":{"footnotes":""},"categories":[1359],"tags":[58,59,1011,27,15910,973,65861],"class_list":{"0":"post-593540","1":"post","2":"type-post","3":"status-publish","4":"format-standard","5":"has-post-thumbnail","7":"category-people","8":"tag-divertissement","9":"tag-entertainment","10":"tag-fr","11":"tag-france","12":"tag-laura-smet","13":"tag-people","14":"tag-trend"},"share_on_mastodon":{"url":"https:\/\/pubeurope.com\/@fr\/115702817438510732","error":""},"_links":{"self":[{"href":"https:\/\/www.europesays.com\/fr\/wp-json\/wp\/v2\/posts\/593540","targetHints":{"allow":["GET"]}}],"collection":[{"href":"https:\/\/www.europesays.com\/fr\/wp-json\/wp\/v2\/posts"}],"about":[{"href":"https:\/\/www.europesays.com\/fr\/wp-json\/wp\/v2\/types\/post"}],"author":[{"embeddable":true,"href":"https:\/\/www.europesays.com\/fr\/wp-json\/wp\/v2\/users\/2"}],"replies":[{"embeddable":true,"href":"https:\/\/www.europesays.com\/fr\/wp-json\/wp\/v2\/comments?post=593540"}],"version-history":[{"count":0,"href":"https:\/\/www.europesays.com\/fr\/wp-json\/wp\/v2\/posts\/593540\/revisions"}],"wp:featuredmedia":[{"embeddable":true,"href":"https:\/\/www.europesays.com\/fr\/wp-json\/wp\/v2\/media\/593541"}],"wp:attachment":[{"href":"https:\/\/www.europesays.com\/fr\/wp-json\/wp\/v2\/media?parent=593540"}],"wp:term":[{"taxonomy":"category","embeddable":true,"href":"https:\/\/www.europesays.com\/fr\/wp-json\/wp\/v2\/categories?post=593540"},{"taxonomy":"post_tag","embeddable":true,"href":"https:\/\/www.europesays.com\/fr\/wp-json\/wp\/v2\/tags?post=593540"}],"curies":[{"name":"wp","href":"https:\/\/api.w.org\/{rel}","templated":true}]}}