{"id":593550,"date":"2025-12-11T20:33:11","date_gmt":"2025-12-11T20:33:11","guid":{"rendered":"https:\/\/www.europesays.com\/fr\/593550\/"},"modified":"2025-12-11T20:33:11","modified_gmt":"2025-12-11T20:33:11","slug":"ce-deficit-invisible-touche-1-francais-sur-2-en-hiver-etes-vous-concerne-par-cette-carence-qui-fait-baisser-votre-moral-journal-des-seniors","status":"publish","type":"post","link":"https:\/\/www.europesays.com\/fr\/593550\/","title":{"rendered":"Ce d\u00e9ficit invisible touche 1 Fran\u00e7ais sur 2 en hiver : \u00eates-vous concern\u00e9 par cette carence qui fait baisser votre moral &#8211; Journal des seniors"},"content":{"rendered":"<ol>\n<li><a href=\"https:\/\/news.google.com\/rss\/articles\/CBMi-AFBVV95cUxNZEhSaGdkUjVsNVNpZnpYT2RsNENCQUNCSnNSd3ExQUdaUmIxbnA4Qkg5dkZtQllRSmh6RTRtSGNwM21UdDZTYTYwbXVYRjZwV1dFYjJxejlnc1VrM21RNTJDZUFIM24yY2VBTnR0em8wNklKVXpVZ2owbV94cG9kMFFMTFNRWDREa0xsRHJUTy1DVEd2d0hXbEI4c01jdW4zTTN3Zk54X0ViUnA3X0E1b1U4dWdjVEszYjdZZ2ZnT3doWEItU2hEN1JZU19TWTZXbnE5aVJWOHFnSmJycTNqSkQzVmlVa2t5aE1ZUEdyMnJaelNSdFJQbw?oc=5\" target=\"_blank\" rel=\"noopener\">Ce d\u00e9ficit invisible touche 1 Fran\u00e7ais sur 2 en hiver : \u00eates-vous concern\u00e9 par cette carence qui fait baisser votre moral<\/a>&nbsp;&nbsp;Journal des seniors<\/li>\n<li><a href=\"https:\/\/news.google.com\/rss\/articles\/CBMi_AFBVV95cUxQVmJGMlRfbnVCWDhiNlVhRkNwU2taRVI3SWNVM0Fub3hLdlFQM2xtSlU4bzRlOHFRNE9NSXp0WlpPc2JYUS1wbFFzbS1LWFJaSUVNRlhmeE1sQU9RZVlRLVJROE0xdkN5RWswN01jYWxtbUI5THBHRGdtTmVYOG11S2tQQlc3WVRpcU05RnNLWUdieU84bjlNS0JpRHRhbnhIb0RIZ1REbnNJbEM1bGYtbEpsT2dlNWpKa1A0MDJ5RzFaNzdRNFpPSFJIUGk4alFkc2xnaVI0aUxBRDgzOUNrSklVRXF5UWdfMzhiVjhiTW1LN0dwa240N19QT0k?oc=5\" target=\"_blank\" rel=\"noopener\">Blues d\u2019hiver : pourquoi \u00e7a arrive\u2026 et les astuces simples pour retrouver le sourire<\/a>&nbsp;&nbsp;francebleu.fr<\/li>\n<li><a href=\"https:\/\/news.google.com\/rss\/articles\/CBMilgFBVV95cUxOdktLbnBYMnV5bk5OSGIyVlBDMjhueXF5NlF3TndMd0RvZ3lUU2ROY0l5Q3FqWVk5WWkxbHpNendibElfbnpCTHNZdEY1VzQ1Yko0cXp1WUlrWVJDVmZMb19VYlJ6aDZzenlJZk8zRXlsZzVaSkpVSGFPZzNtX29Kc25uYlJuMGM3UFM2eEdjcDQwS0tmM3c?oc=5\" target=\"_blank\" rel=\"noopener\">Une \u00e9tude invite \u00e0 repenser nos \u00e9clairages matinaux pour lutter contre la d\u00e9pression<\/a>&nbsp;&nbsp;Yahoo Life France<\/li>\n<li><a href=\"https:\/\/news.google.com\/rss\/articles\/CBMi4wFBVV95cUxQQ2NTT1VtSXdXRGVDcmo3NjIzYWNrSWR6ak9QR1hJaXBHcEI5R3dnNTgyN293NGZvcjkxRjdnc19DeTdsU3lxbzNRMjY2X2k5WHpvRjZqTmpja2FzZWhZZkZ0OFEydGRsNTBFNXFQaGlHNGJtc2o1WXZiQ3pWSzk3S3hpcGJDSDJvajktaVk0N3VUOFJmSGltcktjZ29MZkVSUUNpZGFQcVc0WGNOZXlYOEM2dExzV19pWnJUUTBVWFE1am05RG9LbkhheW9wZDMwd1Z3aDRVRnUxSzVpQ1ZVS0pacw?oc=5\" target=\"_blank\" rel=\"noopener\">Le manque de ce nutriment fait baisser votre moral : rem\u00e9diez \u00e0 cette carence et retrouvez votre bonne humeur en moins d&rsquo;un mois !<\/a>&nbsp;&nbsp;Sciencepost<\/li>\n<li><a href=\"https:\/\/news.google.com\/rss\/articles\/CBMitgFBVV95cUxNTFBiVTg3RUVyak5US3pUcktDeWhWU3hQcThMYlZheVlTRzJ4eVVnQjljWkxfc0djVWpnRjNHeHNNb3BJeGNsa0FISGE2ZWxiVWlXWktFSG9yN3ZJS3RVd1lPdFliZWN1YV9yNkczdHkyRzNzdmlManhEM0dCRjM0RVYtX2NZaW9nV3pzNHRoak9uRHZGeDhtaDVKNnp3RWhVd0hiaWxDT3ZnQVJINHFWeDNTYnM1UQ?oc=5\" target=\"_blank\" rel=\"noopener\">Dans les pays nordiques, on sait vaincre la d\u00e9prime hivernale : voici comment<\/a>&nbsp;&nbsp;Euronews.com<\/li>\n<\/ol>\n","protected":false},"excerpt":{"rendered":"Ce d\u00e9ficit invisible touche 1 Fran\u00e7ais sur 2 en hiver : \u00eates-vous concern\u00e9 par cette carence qui fait&hellip;\n","protected":false},"author":2,"featured_media":395849,"comment_status":"","ping_status":"","sticky":false,"template":"","format":"standard","meta":{"footnotes":""},"categories":[10],"tags":[1011,27,72,71],"class_list":{"0":"post-593550","1":"post","2":"type-post","3":"status-publish","4":"format-standard","5":"has-post-thumbnail","7":"category-sante","8":"tag-fr","9":"tag-france","10":"tag-health","11":"tag-sante"},"share_on_mastodon":{"url":"https:\/\/pubeurope.com\/@fr\/115702844891203994","error":""},"_links":{"self":[{"href":"https:\/\/www.europesays.com\/fr\/wp-json\/wp\/v2\/posts\/593550","targetHints":{"allow":["GET"]}}],"collection":[{"href":"https:\/\/www.europesays.com\/fr\/wp-json\/wp\/v2\/posts"}],"about":[{"href":"https:\/\/www.europesays.com\/fr\/wp-json\/wp\/v2\/types\/post"}],"author":[{"embeddable":true,"href":"https:\/\/www.europesays.com\/fr\/wp-json\/wp\/v2\/users\/2"}],"replies":[{"embeddable":true,"href":"https:\/\/www.europesays.com\/fr\/wp-json\/wp\/v2\/comments?post=593550"}],"version-history":[{"count":0,"href":"https:\/\/www.europesays.com\/fr\/wp-json\/wp\/v2\/posts\/593550\/revisions"}],"wp:featuredmedia":[{"embeddable":true,"href":"https:\/\/www.europesays.com\/fr\/wp-json\/wp\/v2\/media\/395849"}],"wp:attachment":[{"href":"https:\/\/www.europesays.com\/fr\/wp-json\/wp\/v2\/media?parent=593550"}],"wp:term":[{"taxonomy":"category","embeddable":true,"href":"https:\/\/www.europesays.com\/fr\/wp-json\/wp\/v2\/categories?post=593550"},{"taxonomy":"post_tag","embeddable":true,"href":"https:\/\/www.europesays.com\/fr\/wp-json\/wp\/v2\/tags?post=593550"}],"curies":[{"name":"wp","href":"https:\/\/api.w.org\/{rel}","templated":true}]}}