{"id":593557,"date":"2025-12-11T20:37:21","date_gmt":"2025-12-11T20:37:21","guid":{"rendered":"https:\/\/www.europesays.com\/fr\/593557\/"},"modified":"2025-12-11T20:37:21","modified_gmt":"2025-12-11T20:37:21","slug":"la-reponse-de-chatgpt-a-google-gemini-3-frandroid","status":"publish","type":"post","link":"https:\/\/www.europesays.com\/fr\/593557\/","title":{"rendered":"la r\u00e9ponse de ChatGPT \u00e0 Google Gemini 3 \u2014 Frandroid"},"content":{"rendered":"<p>OpenAI a d\u00e9voil\u00e9 GPT-5.2, son nouveau LLM le plus puissant \u00e0 ce jour. La firme esp\u00e8re rattraper l\u2019avance prise par Google avec Gemini 3 Pro.<\/p>\n<p><a target=\"_blank\" href=\"https:\/\/images.frandroid.com\/wp-content\/uploads\/2024\/01\/ilgmyzin-agfmimwypso-unsplash.jpg\" class=\"article-content__figure\" rel=\"noopener\"><img fetchpriority=\"high\" loading=\"eager\" decoding=\"async\" width=\"1200\" height=\"675\" src=\"https:\/\/www.europesays.com\/fr\/wp-content\/uploads\/2025\/12\/ilgmyzin-agfmimwypso-unsplash-1200x675.jpg\" alt=\"\" class=\"wp-image-1920637 wp-image\"  \/><\/a>Le logo de ChatGPT \/\/ Source : <a target=\"_blank\" href=\"https:\/\/unsplash.com\/fr\/photos\/un-carre-vert-avec-un-noeud-blanc-dessus-agFmImWyPso\" rel=\"noopener\">ilgmyzin via Unsplash<\/a><\/p>\n<p>Depuis le lancement avec succ\u00e8s de Gemini 3 Pro par Google, on attendait la r\u00e9ponse d\u2019OpenAI. De l\u2019aveu m\u00eame de Sam Altman, <a href=\"https:\/\/www.frandroid.com\/marques\/google\/2896017_openai-declare-lalerte-rouge-chatgpt-menace-par-la-montee-en-puissance-de-google-gemini\" target=\"_blank\" rel=\"noopener\">l\u2019entreprise \u00e9tait en alerte rouge<\/a> depuis plusieurs semaines pour mettre au point au plus vite GPT 5.2.<\/p>\n<p>Ce jeudi 11 d\u00e9cembre 2025, OpenAI d\u00e9voile officiellement GPT 5.2.<\/p>\n<p>Un nouveau champion des benchmarks<\/p>\n<p>Comme toujours entre OpenAI, Gemini et Grok, le dernier en date qui d\u00e9voile son mod\u00e8le peut se vanter de faire mieux que les autres. Pour OpenAI, GPT 5.2 est \u00e9videmment \u00ab le meilleur mod\u00e8le \u00e0 ce jour pour une utilisation professionnelle dans le monde r\u00e9el \u00bb.<\/p>\n<p>Pour le d\u00e9montrer, OpenAI d\u00e9voile les r\u00e9sultats de GPT 5.2 dans une s\u00e9rie de benchmarks.<\/p>\n<p><a target=\"_blank\" href=\"https:\/\/www.europesays.com\/fr\/wp-content\/uploads\/2025\/12\/1765485437_651_image-21.png\" class=\"article-content__figure\"><img loading=\"lazy\" decoding=\"async\" width=\"782\" height=\"1006\" src=\"https:\/\/www.europesays.com\/fr\/wp-content\/uploads\/2025\/12\/1765485437_651_image-21.png\" alt=\"\" class=\"wp-image-2907123 wp-image\"  \/><\/a><\/p>\n<p>Pour pousser l\u2019usage dans le monde professionnel, OpenAI met en avant la r\u00e9duction du nombre d\u2019hallucinations dans GPT 5.2, mais aussi la possibilit\u00e9 de lui donner un contexte plus large. <\/p>\n<p>Traduction : GPT-5.2 peut avaler de plus gros documents de travail pour g\u00e9n\u00e9rer des graphiques, des r\u00e9sum\u00e9s et vous assister.<\/p>\n<p><a target=\"_blank\" href=\"https:\/\/images.frandroid.com\/wp-content\/uploads\/2025\/12\/image-22.jpg\" class=\"article-content__figure\" rel=\"noopener\"><img loading=\"lazy\" decoding=\"async\" width=\"1200\" height=\"686\" src=\"https:\/\/www.europesays.com\/fr\/wp-content\/uploads\/2025\/12\/image-22-1200x686.jpg\" alt=\"\" class=\"wp-image-2907125 wp-image\"  \/><\/a><\/p>\n<p>OpenAI a \u00e9galement travaill\u00e9 les capacit\u00e9s de compr\u00e9hension visuelle de son LLM pour qu\u2019il soit plus pr\u00e9cis.<\/p>\n<p><a target=\"_blank\" href=\"https:\/\/www.europesays.com\/fr\/wp-content\/uploads\/2025\/12\/image-22-1.jpg\" class=\"article-content__figure\"><img loading=\"lazy\" decoding=\"async\" width=\"768\" height=\"1365\" src=\"https:\/\/www.europesays.com\/fr\/wp-content\/uploads\/2025\/12\/image-22-1.jpg\" alt=\"\" class=\"wp-image-2907127 wp-image\"  \/><\/a><\/p>\n<p>Avec GPT-5.2, OpenAI estime proposer un mod\u00e8le plus performant que <a href=\"https:\/\/www.frandroid.com\/culture-tech\/intelligence-artificielle\/apple-intelligence\/2884067_plus-fort-quun-ingenieur-senior-claude-opus-4-5-est-officiel-anthropic-repond-a-gpt-5-1-et-gemini-3\" target=\"_blank\" rel=\"noopener\">Claude Opus 4.5 <\/a>d\u2019Anthropic et <a href=\"https:\/\/www.frandroid.com\/culture-tech\/intelligence-artificielle\/google-gemini\/2880253_test-de-gemini-3-pro-jai-cree-un-jeu-video-et-un-site-web-pro-sans-ecrire-une-ligne-de-code-essayez-les\" target=\"_blank\" rel=\"noopener\">Google Gemini 3 Pro<\/a>.<\/p>\n<p>Les trois mod\u00e8les d\u00e9voil\u00e9s<\/p>\n<p>Avec GPT-5.2, OpenAI lance en r\u00e9alit\u00e9 trois mod\u00e8les.<\/p>\n<ul class=\"wp-block-list\">\n<li>GPT 5.2 Instant : con\u00e7u pour vous r\u00e9pondre rapidement, avec peu de raisonnement. Pratique pour les r\u00e9ponses type \u00ab recherche sur le web \u00bb.<\/li>\n<li>GPT 5.2 Thinking : version plus puissante, avec raisonnement, notamment pour des t\u00e2ches plus complexes ou pour faire du vibe coding.<\/li>\n<li>GPT 5.2 Pro : le mod\u00e8le le plus lourd, le plus lent, mais aussi le plus puissant. OpenAI le conseille pour des probl\u00e8mes de science ou de math\u00e9matiques, ainsi que pour la programmation avanc\u00e9e.<\/li>\n<\/ul>\n<p>D\u00e9ploiement d\u00e8s maintenant<\/p>\n<p>Comme toujours, le d\u00e9ploiement d\u2019un nouveau LLM prend du temps. OpenAI annonce que GPT 5.2 est en cours de d\u00e9ploiement d\u00e8s maintenant, \u00e0 travers tous les forfaits, en commen\u00e7ant par les abonn\u00e9s payants.<\/p>\n","protected":false},"excerpt":{"rendered":"OpenAI a d\u00e9voil\u00e9 GPT-5.2, son nouveau LLM le plus puissant \u00e0 ce jour. La firme esp\u00e8re rattraper l\u2019avance&hellip;\n","protected":false},"author":2,"featured_media":593558,"comment_status":"","ping_status":"","sticky":false,"template":"","format":"standard","meta":{"footnotes":""},"categories":[6],"tags":[270,35,33,34,1011,27],"class_list":{"0":"post-593557","1":"post","2":"type-post","3":"status-publish","4":"format-standard","5":"has-post-thumbnail","7":"category-economie","8":"tag-breaking","9":"tag-business","10":"tag-economie","11":"tag-economy","12":"tag-fr","13":"tag-france"},"share_on_mastodon":{"url":"https:\/\/pubeurope.com\/@fr\/115702862671732255","error":""},"_links":{"self":[{"href":"https:\/\/www.europesays.com\/fr\/wp-json\/wp\/v2\/posts\/593557","targetHints":{"allow":["GET"]}}],"collection":[{"href":"https:\/\/www.europesays.com\/fr\/wp-json\/wp\/v2\/posts"}],"about":[{"href":"https:\/\/www.europesays.com\/fr\/wp-json\/wp\/v2\/types\/post"}],"author":[{"embeddable":true,"href":"https:\/\/www.europesays.com\/fr\/wp-json\/wp\/v2\/users\/2"}],"replies":[{"embeddable":true,"href":"https:\/\/www.europesays.com\/fr\/wp-json\/wp\/v2\/comments?post=593557"}],"version-history":[{"count":0,"href":"https:\/\/www.europesays.com\/fr\/wp-json\/wp\/v2\/posts\/593557\/revisions"}],"wp:featuredmedia":[{"embeddable":true,"href":"https:\/\/www.europesays.com\/fr\/wp-json\/wp\/v2\/media\/593558"}],"wp:attachment":[{"href":"https:\/\/www.europesays.com\/fr\/wp-json\/wp\/v2\/media?parent=593557"}],"wp:term":[{"taxonomy":"category","embeddable":true,"href":"https:\/\/www.europesays.com\/fr\/wp-json\/wp\/v2\/categories?post=593557"},{"taxonomy":"post_tag","embeddable":true,"href":"https:\/\/www.europesays.com\/fr\/wp-json\/wp\/v2\/tags?post=593557"}],"curies":[{"name":"wp","href":"https:\/\/api.w.org\/{rel}","templated":true}]}}