{"id":593559,"date":"2025-12-11T20:38:16","date_gmt":"2025-12-11T20:38:16","guid":{"rendered":"https:\/\/www.europesays.com\/fr\/593559\/"},"modified":"2025-12-11T20:38:16","modified_gmt":"2025-12-11T20:38:16","slug":"des-pluies-diluviennes-et-des-vents-puissants-frappent-la-bande-de-gaza","status":"publish","type":"post","link":"https:\/\/www.europesays.com\/fr\/593559\/","title":{"rendered":"Des pluies diluviennes et des vents puissants frappent la bande de Gaza"},"content":{"rendered":"<p>\n    D\u00e8s mercredi soir, la temp\u00eate Byron a balay\u00e9 le territoire palestinien, bord\u00e9 par la mer M\u00e9diterran\u00e9e, inondant les campements de fortune et ajoutant \u00e0 la d\u00e9tresse de la population.<\/p>\n<p class=\"fig-paragraph\">Pelle \u00e0 la main, des Palestiniens portant des sandales en plastique et des pulls fins creusent des tranch\u00e9es autour de leurs tentes dans le quartier de Zeitoun, \u00e0 Gaza-ville, rempart d\u00e9risoire face aux pluies torrentielles qui s&rsquo;abattent depuis des heures. D\u00e8s mercredi soir, la temp\u00eate Byron a balay\u00e9 le territoire palestinien, bord\u00e9 par la mer M\u00e9diterran\u00e9e, inondant les campements de fortune et ajoutant \u00e0 la d\u00e9tresse de la population, d\u00e9plac\u00e9e en masse depuis le d\u00e9but de la guerre entre Isra\u00ebl et le Hamas, le 7 octobre 2023.<\/p>\n<p class=\"fig-paragraph\">\u00c0 Zeitoun, le campement plant\u00e9 au milieu des d\u00e9combres a des allures cauchemardesques, sous un ciel charg\u00e9 de gros nuages gris et blancs. Sous des trombes d&rsquo;eau, l&rsquo;oc\u00e9an de toile et de b\u00e2ches s&rsquo;est transform\u00e9 en mar\u00e9cage. Tous les auvents d\u00e9goulinent \u00e0 grosses gouttes. Accroupis sur des briques pos\u00e9es dans la boue, un groupe d&rsquo;enfants mangent \u00e0 m\u00eame des faitouts en m\u00e9tal devant l&rsquo;ouverture d&rsquo;un petit abri en plastique, en regardant le ciel s&rsquo;abattre sur le quartier.<\/p>\n<p>    Un camp de tentes \u00e0 Gaza.<br \/>\n                DAWOUD ABU ALKAS \/ REUTERS<\/p>\n<p>                                            <a class=\"fig-a11y-skip\" href=\"#fig-a11y-skip-main-inarticle\" data-module=\"a11y-skip\" data-context=\"was @visible\"><br \/>\n    Passer la publicit\u00e9<br \/>\n<\/a>            <\/p>\n<p>                                            \u00abNous ne savions pas o\u00f9 aller\u00bb<\/p>\n<p class=\"fig-paragraph\">\u00c0 al-Zawaida, dans le centre de la bande de Gaza, des mares forcent les gens \u00e0 marcher dans l&rsquo;eau stagnante, qui leur arrive aux chevilles, ou \u00e0 sauter d&rsquo;un \u00eelot de sable \u00e9merg\u00e9 \u00e0 un autre. \u00abLa nuit derni\u00e8re a \u00e9t\u00e9 terrible pour nous et pour nos enfants \u00e0 cause des fortes pluies et du froid, les enfants ont \u00e9t\u00e9 tremp\u00e9s, les couvertures et les matelas aussi. Nous ne savions pas o\u00f9 aller\u00bb, raconte \u00e0 l&rsquo;AFP Souad Mouslim, qui vit sous une tente avec sa famille.<\/p>\n<p class=\"fig-paragraph\">\u00abDonnez-nous une tente d\u00e9cente, des couvertures pour nos enfants, des v\u00eatements \u00e0 porter, je le jure, ils ont les pieds nus, ils n&rsquo;ont pas de chaussures\u00bb, implore-t-elle. \u00abJusqu&rsquo;\u00e0 quand allons-nous rester comme \u00e7a? C&rsquo;est injuste\u00bb, dit-elle en \u00e9levant la voix pour couvrir le bruit des gouttes frappant la toile. Selon un rapport de l&rsquo;ONU, 761 sites, abritant environ 850.000 d\u00e9plac\u00e9s, pr\u00e9sentent un risque \u00e9lev\u00e9 d&rsquo;inondation dans la bande de Gaza.<\/p>\n<p class=\"fig-paragraph\">Le territoire connait g\u00e9n\u00e9ralement un \u00e9pisode de fortes pluies en fin d&rsquo;automne et en hiver, mais la d\u00e9vastation massive due \u00e0 la guerre l&rsquo;a rendu plus vuln\u00e9rable. \u00abLa situation est d\u00e9sesp\u00e9r\u00e9e\u00bb, r\u00e9sume Chourouk Mouslim, une d\u00e9plac\u00e9e originaire de Beit Lahia, dans le nord de Gaza, elle aussi sous une tente \u00e0 al-Zawaida. \u00abNous ne pouvons m\u00eame pas sortir pour allumer un feu\u00bb pour cuisiner ou se chauffer, d\u00e9plore-t-elle, avant d&rsquo;ajouter qu&rsquo;elle n&rsquo;a de toutes les mani\u00e8res ni bois, ni gaz.<\/p>\n<p class=\"fig-paragraph\">Dans ce territoire dont les fronti\u00e8res sont ferm\u00e9es, o\u00f9 l&rsquo;aide humanitaire arrive en quantit\u00e9 insuffisante selon l&rsquo;ONU, malgr\u00e9 l&rsquo;entr\u00e9e en vigueur d&rsquo;une tr\u00eave le 10 octobre, les p\u00e9nuries emp\u00eachent une population d\u00e9j\u00e0 d\u00e9munie de faire face \u00e0 ce nouveau probl\u00e8me.<\/p>\n<p>                                            Lointaine reconstruction<\/p>\n<p class=\"fig-paragraph\">Sous les tentes, les plus chanceux b\u00e2chent le sol ou le recouvrent de briques pour emp\u00eacher que le sable humide ne d\u00e9trempe leurs affaires. Dans les zones o\u00f9 le bitume n&rsquo;a pas \u00e9t\u00e9 arrach\u00e9, des bulldozers continuent de d\u00e9blayer les d\u00e9combres des b\u00e2timents d\u00e9truits. Beaucoup de gens restent debout, \u00e0 l&rsquo;entr\u00e9e des abris, plut\u00f4t que de s&rsquo;asseoir sur une surface mouill\u00e9e.<\/p>\n<p>                                            <a class=\"fig-a11y-skip\" href=\"#fig-a11y-skip-main-inarticle_mtf\" data-module=\"a11y-skip\" data-context=\"was @visible\"><br \/>\n    Passer la publicit\u00e9<br \/>\n<\/a>            <\/p>\n<p class=\"fig-paragraph\">\u00abLa temp\u00eate a eu un impact grave sur la population, des b\u00e2timents se sont effondr\u00e9s et une grande partie des infrastructures \u00e9tant d\u00e9truite, elles ne permettent plus d&rsquo;absorber cet important volume de pluie\u00bb, note Mahmoud Bassal, le porte-parole de la D\u00e9fense civile de Gaza. Cette organisation, qui dispense des premiers secours sous l&rsquo;autorit\u00e9 du Hamas, a affirm\u00e9 que la temp\u00eate avait caus\u00e9 la mort d&rsquo;une personne, \u00e9cras\u00e9e par un mur ayant c\u00e9d\u00e9. Elle a ajout\u00e9 que ses \u00e9quipes \u00e9taient intervenues apr\u00e8s l&rsquo;effondrement partiel de trois maisons durant les fortes pluies.<\/p>\n<p class=\"fig-paragraph\">La D\u00e9fense civile a averti les habitants rest\u00e9s dans des logements partiellement d\u00e9truits ou fragilis\u00e9s par les bombardements qu&rsquo;ils se mettaient en danger. \u00abLes tentes, c&rsquo;est inacceptable\u00bb, estime Mahmoud Bassal, \u00abce qui doit \u00eatre fourni maintenant, ce sont des abris qu&rsquo;on peut d\u00e9placer, \u00e9quip\u00e9s de panneaux solaires, avec deux pi\u00e8ces, une salle de bains et toutes les installations n\u00e9cessaires pour les habitants. Seulement \u00e0 ce moment-l\u00e0, la reconstruction pourra commencer\u00bb.<\/p>\n","protected":false},"excerpt":{"rendered":"D\u00e8s mercredi soir, la temp\u00eate Byron a balay\u00e9 le territoire palestinien, bord\u00e9 par la mer M\u00e9diterran\u00e9e, inondant les&hellip;\n","protected":false},"author":2,"featured_media":593560,"comment_status":"","ping_status":"","sticky":false,"template":"","format":"standard","meta":{"footnotes":""},"categories":[5],"tags":[11,1011,27,665,14,12,28],"class_list":{"0":"post-593559","1":"post","2":"type-post","3":"status-publish","4":"format-standard","5":"has-post-thumbnail","7":"category-international","8":"tag-actualites","9":"tag-fr","10":"tag-france","11":"tag-gaza","12":"tag-international","13":"tag-news","14":"tag-world"},"share_on_mastodon":{"url":"https:\/\/pubeurope.com\/@fr\/115702864639339717","error":""},"_links":{"self":[{"href":"https:\/\/www.europesays.com\/fr\/wp-json\/wp\/v2\/posts\/593559","targetHints":{"allow":["GET"]}}],"collection":[{"href":"https:\/\/www.europesays.com\/fr\/wp-json\/wp\/v2\/posts"}],"about":[{"href":"https:\/\/www.europesays.com\/fr\/wp-json\/wp\/v2\/types\/post"}],"author":[{"embeddable":true,"href":"https:\/\/www.europesays.com\/fr\/wp-json\/wp\/v2\/users\/2"}],"replies":[{"embeddable":true,"href":"https:\/\/www.europesays.com\/fr\/wp-json\/wp\/v2\/comments?post=593559"}],"version-history":[{"count":0,"href":"https:\/\/www.europesays.com\/fr\/wp-json\/wp\/v2\/posts\/593559\/revisions"}],"wp:featuredmedia":[{"embeddable":true,"href":"https:\/\/www.europesays.com\/fr\/wp-json\/wp\/v2\/media\/593560"}],"wp:attachment":[{"href":"https:\/\/www.europesays.com\/fr\/wp-json\/wp\/v2\/media?parent=593559"}],"wp:term":[{"taxonomy":"category","embeddable":true,"href":"https:\/\/www.europesays.com\/fr\/wp-json\/wp\/v2\/categories?post=593559"},{"taxonomy":"post_tag","embeddable":true,"href":"https:\/\/www.europesays.com\/fr\/wp-json\/wp\/v2\/tags?post=593559"}],"curies":[{"name":"wp","href":"https:\/\/api.w.org\/{rel}","templated":true}]}}