{"id":593561,"date":"2025-12-11T20:39:15","date_gmt":"2025-12-11T20:39:15","guid":{"rendered":"https:\/\/www.europesays.com\/fr\/593561\/"},"modified":"2025-12-11T20:39:15","modified_gmt":"2025-12-11T20:39:15","slug":"dermatose-nodulaire-la-colere-des-agriculteurs-monte-des-affrontements-en-ariege-des-blocages-en-occitanie","status":"publish","type":"post","link":"https:\/\/www.europesays.com\/fr\/593561\/","title":{"rendered":"Dermatose nodulaire. La col\u00e8re des agriculteurs monte, des affrontements en Ari\u00e8ge, des blocages en Occitanie"},"content":{"rendered":"<p>                    Par<br \/>\n        <strong><br \/>\n            <a href=\"https:\/\/actu.fr\/auteur\/david-saint-sernin\" title=\"Consulter tous les articles de David Saint-Sernin\" target=\"_blank\" rel=\"noopener\">David Saint-Sernin<\/a><br \/>\n                    <\/strong><\/p>\n<p>        Publi\u00e9 le<\/p>\n<p>            11 d\u00e9c. 2025 \u00e0 20h39        <\/p>\n<p>La tension monte en Occitanie ce jeudi soir. <a href=\"https:\/\/actu.fr\/occitanie\/villefranche-de-lauragais_31582\/dermatose-nodulaire-contagieuse-des-agriculteurs-presents-au-peage-de-l-a61-pour-bloquer-l-autoroute_63564793.html\" target=\"_blank\" rel=\"noopener\">La col\u00e8re des agriculteurs<\/a> est en effet en train de se r\u00e9pandre alors que la crise li\u00e9e \u00e0 la <a href=\"https:\/\/actu.fr\/societe\/dermatose-nodulaire-desormais-444-communes-de-haute-garonne-menacees-apres-la-detection-d-un-nouveau-foyer_63561552.html\" target=\"_blank\" rel=\"noopener\">dermatose nodulaire contagieuse<\/a> est mont\u00e9e d\u2019un cran. Ce jeudi soir, la <strong>tension est tr\u00e8s forte<\/strong> autour de la ferme ari\u00e9geoise, nouveau foyer de cette maladie contagieuse qui commence \u00e0 s\u2019\u00e9tendre en Occitanie. Et les agriculteurs m\u00e8nent <a href=\"https:\/\/actu.fr\/occitanie\/montastruc-la-conseillere_31358\/manifestations-des-agriculteurs-deux-autoroutes-coupees-a-la-circulation-en-haute-garonne_63566558.html\" target=\"_blank\" rel=\"noopener\">des actions de blocage<\/a> en plusieurs endroits <strong>en Occitanie.<\/strong> On fait le point.<\/p>\n<p>En Ari\u00e8ge, la tension est grande<\/p>\n<p class=\" wall-content\">La ferme ari\u00e9geoise situ\u00e9e \u00e0 Bordes-sur-Arize est devenue depuis le centre d\u2019une mobilisation r\u00e9gionale contre le processus d\u2019abattage syst\u00e9matique des troupeaux, instaur\u00e9 par l\u2019\u00c9tat, quand un troupeau est touch\u00e9.<\/p>\n<p class=\" wall-content\">Ce soir, les tensions sont tr\u00e8s fortes sur place. Deux barrages ont \u00e9t\u00e9 instaur\u00e9s. La ferme est encadr\u00e9e par les forces de l\u2019ordre. Et de nombreux agriculteurs sont toujours sur place et font face \u00e0 un important dispositif appuy\u00e9 par des blind\u00e9s.<\/p>\n<p class=\" wall-content\"><strong>Tristan Fava d\u2019Albert,<\/strong> \u00e9leveur de Muret, faisant partie des Jeunes Agriculteurs de Haute-Garonne, se trouve sur place, confirme la tension ambiante sur place\u2009depuis cet apr\u00e8s-midi\u2009:<\/p>\n<p class=\" wall-content\">\u00ab\u2009Cela se passe tr\u00e8s mal. On fait barrage. Je le dis avec le plus grand d\u00e9sespoir, mais les forces de l\u2019ordre arrivent avec des blind\u00e9s. Ils retournent les voitures stationn\u00e9es le long du chemin d\u2019acc\u00e8s \u00e0 la ferme\u2009\u00bb, expliquait-il dans l\u2019apr\u00e8s-midi.<\/p>\n<p>\u00ab\u2009Les CRS avancent\u2009\u00bb<\/p>\n<p class=\" wall-content\">\u00ab\u2009Les CRS avancent, ils nous envoient des gaz lacrymog\u00e8nes, nous reculons, mais nous restons mobilis\u00e9s\u2009\u00bb, indique-t-il \u00e0 Actu Toulouse ce jeudi soir vers 19h.<\/p>\n<p>Vid\u00e9os : en ce moment sur Actu<\/p>\n<p class=\" wall-content\">\u00ab\u2009Les h\u00e9licos nous survolent depuis plusieurs heures. Les blind\u00e9s et les camions de gendarmes mobiles avancent vers la ferme malgr\u00e9 les barrages, lancers de lacrymo pour nous disperser\u2026 Voil\u00e0 la r\u00e9ponse du Gouvernement aux paysans\u2009! Pour rappel la DNC peut atteindre jusqu\u2019\u00e0 40\u2009% des b\u00eates dont 5\u2009% de mortalit\u00e9. Et le vaccin existe\u2009!!! C est un scandale\u2009!!!Protocole tueur de bovin et tueur d\u2019\u00e9leveur\u2009!!!!\u00bb, t\u00e9moigne la coordination rurale du Lot-et-Garonne sur Facebook.<\/p>\n<p>    <a href=\"https:\/\/www.facebook.com\/plugins\/post.php?href=https%3A%2F%2Fwww.facebook.com%2F47CoordinationRurale%2Fposts%2Fpfbid02fqbHeYtMCVgwfHR6tJ85oia5VqZZUNU6JxP2uNdJzFmdXxT76btpFZiwiUhCVmWhl&amp;show_text=true&amp;width=350\" title=\"Ouvrie le lien\" target=\"_blank\" rel=\"noopener\">Cliquez ici pour visualiser le contenu<\/a><\/p>\n<p>Votre r\u00e9gion, votre actu !<\/p>\n<p>Recevez chaque jour les infos qui comptent pour vous.<\/p>\n<p>\t<a href=\"https:\/\/actu.fr\/newsletter\" class=\"ac-btn ac-btn--corner ac-btn--medium ac-btn--blue800\" target=\"_blank\" rel=\"noopener\">S&rsquo;incrire<\/a><\/p>\n<p>    <a href=\"https:\/\/www.facebook.com\/plugins\/video.php?height=476&amp;href=https%3A%2F%2Fwww.facebook.com%2Freel%2F883162110954718%2F&amp;show_text=true&amp;width=350&amp;t=0\" title=\"Ouvrie le lien\" target=\"_blank\" rel=\"noopener\">Cliquez ici pour visualiser le contenu<\/a><\/p>\n<p>Le pr\u00e9fet de l\u2019Ari\u00e8ge \u00ab\u2009appelle \u00e0 l\u2019apaisement\u2009\u00bb<\/p>\n<p class=\" wall-content\">Ce jeudi soir, peu apr\u00e8s 20h, le pr\u00e9fet \u00ab\u2009demande aux manifestants de quitter la zone\u2009\u00bb\u2009:<\/p>\n<p class=\" wall-content\">\u00ab\u2009Les forces de l\u2019ordre pr\u00e9sentes sur place, engag\u00e9es depuis 13h30 pour lib\u00e9rer l\u2019acc\u00e8s des v\u00e9t\u00e9rinaires \u00e0 l\u2019exploitation, sont la cible de jets de projectiles et cocktails molotov de la part d\u2019un groupe de manifestants dont certains \u00e9l\u00e9ments de la mouvance contestataire, d\u2019ultra-gauche. Le pr\u00e9fet de l\u2019Ari\u00e8ge appelle de nouveau \u00e0 l\u2019apaisement et demande aux manifestants de quitter la zone\u2009\u00bb.<\/p>\n<p>    <a href=\"https:\/\/www.facebook.com\/plugins\/post.php?href=https%3A%2F%2Fwww.facebook.com%2Fpermalink.php%3Fstory_fbid%3Dpfbid09aUe4hSUoR76vMoLnfKV4e5S2BC8V557THq7kgeWPiErttVg5JTdyhvSh6banUs8l%26id%3D100069400020670&amp;show_text=true&amp;width=350\" title=\"Ouvrie le lien\" target=\"_blank\" rel=\"noopener\">Cliquez ici pour visualiser le contenu<\/a><\/p>\n<p>Des autoroutes coup\u00e9es en Haute-Garonne<\/p>\n<p class=\" wall-content\">La pression monte \u00e9galement <strong>en Haute-Garonne<\/strong> ce jeudi soir. Apr\u00e8s un premier blocage \u00e0 l\u2019\u00e9changeur de Villefranche-de-Lauragais dans l\u2019apr\u00e8s-midi, des agriculteurs sont rentr\u00e9s sur des autoroutes autour du d\u00e9partement.<\/p>\n<p class=\" wall-content\">Peu apr\u00e8s 19h,<strong> deux autoroutes ont \u00e9t\u00e9 coup\u00e9es \u00e0 la circulation<\/strong> en Haute-Garonne\u2009: l\u2019A68 au nord-est de Toulouse et l\u2019A645, au pied des Pyr\u00e9n\u00e9es, qui permet l\u2019acc\u00e8s le plus direct \u00e0 l\u2019Espagne.<\/p>\n<p>En Loz\u00e8re, l\u2019A75 bloqu\u00e9e<\/p>\n<p class=\" wall-content\">Ce jeudi soir, les agriculteurs bloquent l\u2019A75 en Loz\u00e8re.<\/p>\n<p class=\" wall-content\">\u00ab\u2009Plusieurs dizaines d\u2019agriculteurs ont d\u00e9cid\u00e9 de converger vers le secteur de Peyre-en-Aubrac depuis la fin de l\u2019apr\u00e8s-midi. L\u2019autoroute est donc ferm\u00e9e jusqu\u2019\u00e0 nouvel ordre entre les \u00e9changeurs 35 et 39 dans les deux sens de circulation. Une d\u00e9viation a \u00e9t\u00e9 mise en place par la d\u00e9partementale 809 (via Marvejols)\u2009\u00bb, t\u00e9moignent nos confr\u00e8res de la Radio Totem.<\/p>\n<p>Dans l\u2019Aude, des blocages aussi<\/p>\n<p class=\" wall-content\">Des manifestations dans l\u2019Aude sont \u00e9galement en cours avec des \u00e9changeurs interdits sur l\u2019A9 et l\u2019A61.<\/p>\n<p class=\" wall-content\">Les agriculteurs manifestent notamment au niveau de Narbonne Sud.<\/p>\n<p>Dans le Tarn \u00ab\u00a0une manifestation \u00e9clair\u00a0\u00bb\u00a0<\/p>\n<p class=\" wall-content\">Depuis 21h, \u00ab\u00a0une manifestation \u00e9clair\u00a0\u00bb a lieu sur la rocade d\u2019Albi dans le Tarn.<\/p>\n<p>    <a href=\"https:\/\/www.facebook.com\/plugins\/post.php?href=https%3A%2F%2Fwww.facebook.com%2FCRTarn%2Fposts%2Fpfbid02bNexTG3osfV4omm9UQQLzUQJkiefVy9oQBrE8ENW4MfGRjxhyTZKHe912DTLrBqjl&amp;show_text=true&amp;width=350\" title=\"Ouvrie le lien\" target=\"_blank\" rel=\"noopener\">Cliquez ici pour visualiser le contenu<\/a><\/p>\n<p>La dermatose nodulaire contagieuse (DNC) gagne du terrain<\/p>\n<p class=\" wall-content\">La dermatose nodulaire contagieuse (DNC) continue de gagner du terrain. Un nouveau foyer a \u00e9t\u00e9 d\u00e9tect\u00e9 \u00e0 Luby-Betmond dans les Hautes-Pyr\u00e9n\u00e9es ce jeudi, seulement un jour apr\u00e8s la d\u00e9tection du foyer ari\u00e9geois qui cristallise ce soir la col\u00e8re des agriculteurs de toute la r\u00e9gion.<\/p>\n<p class=\" wall-content\">La zone menac\u00e9e par la maladie bovine qui, rappelons-le, ne pr\u00e9sente cependant aucun risque pour les humains, risque malheureusement de s\u2019\u00e9tendre ces prochains jours.<\/p>\n<p class=\" wall-content\">Pour l\u2019heure, l\u2019apparition de la maladie dans un troupeau engendre automatiquement l\u2019abattage complet de ce troupeau. Les agriculteurs demandent un assouplissement de ce protocole sanitaire.<\/p>\n<p class=\" wall-content\">Personnalisez votre actualit\u00e9 en ajoutant vos villes et m\u00e9dias en favori avec <a href=\"https:\/\/moncompte.actu.fr\" title=\"D\u00e9couvez Mon Actu\" rel=\"nofollow noopener\" data-trk=\"{&quot;cta&quot;:{&quot;action&quot;:&quot;https:\\\/\\\/moncompte.actu.fr&quot;,&quot;category&quot;:&quot;mon compte&quot;,&quot;from&quot;:&quot;article footer&quot;,&quot;name&quot;:&quot;Mon actu&quot;,&quot;type&quot;:&quot;cta&quot;}}\" target=\"_blank\">Mon Actu<\/a>.<\/p>\n","protected":false},"excerpt":{"rendered":"Par David Saint-Sernin Publi\u00e9 le 11 d\u00e9c. 2025 \u00e0 20h39 La tension monte en Occitanie ce jeudi soir.&hellip;\n","protected":false},"author":2,"featured_media":593562,"comment_status":"","ping_status":"","sticky":false,"template":"","format":"standard","meta":{"footnotes":""},"categories":[4],"tags":[11,1011,27,12,25,104],"class_list":{"0":"post-593561","1":"post","2":"type-post","3":"status-publish","4":"format-standard","5":"has-post-thumbnail","7":"category-france","8":"tag-actualites","9":"tag-fr","10":"tag-france","11":"tag-news","12":"tag-republique-francaise","13":"tag-societe"},"share_on_mastodon":{"url":"https:\/\/pubeurope.com\/@fr\/115702868615144311","error":""},"_links":{"self":[{"href":"https:\/\/www.europesays.com\/fr\/wp-json\/wp\/v2\/posts\/593561","targetHints":{"allow":["GET"]}}],"collection":[{"href":"https:\/\/www.europesays.com\/fr\/wp-json\/wp\/v2\/posts"}],"about":[{"href":"https:\/\/www.europesays.com\/fr\/wp-json\/wp\/v2\/types\/post"}],"author":[{"embeddable":true,"href":"https:\/\/www.europesays.com\/fr\/wp-json\/wp\/v2\/users\/2"}],"replies":[{"embeddable":true,"href":"https:\/\/www.europesays.com\/fr\/wp-json\/wp\/v2\/comments?post=593561"}],"version-history":[{"count":0,"href":"https:\/\/www.europesays.com\/fr\/wp-json\/wp\/v2\/posts\/593561\/revisions"}],"wp:featuredmedia":[{"embeddable":true,"href":"https:\/\/www.europesays.com\/fr\/wp-json\/wp\/v2\/media\/593562"}],"wp:attachment":[{"href":"https:\/\/www.europesays.com\/fr\/wp-json\/wp\/v2\/media?parent=593561"}],"wp:term":[{"taxonomy":"category","embeddable":true,"href":"https:\/\/www.europesays.com\/fr\/wp-json\/wp\/v2\/categories?post=593561"},{"taxonomy":"post_tag","embeddable":true,"href":"https:\/\/www.europesays.com\/fr\/wp-json\/wp\/v2\/tags?post=593561"}],"curies":[{"name":"wp","href":"https:\/\/api.w.org\/{rel}","templated":true}]}}