{"id":593581,"date":"2025-12-11T20:51:18","date_gmt":"2025-12-11T20:51:18","guid":{"rendered":"https:\/\/www.europesays.com\/fr\/593581\/"},"modified":"2025-12-11T20:51:18","modified_gmt":"2025-12-11T20:51:18","slug":"journaliste-editeur-historien-elu-originaire-de-rouen-guy-pessiot-est-mort-a-lage-de-76-ans","status":"publish","type":"post","link":"https:\/\/www.europesays.com\/fr\/593581\/","title":{"rendered":"Journaliste, \u00e9diteur, historien, \u00e9lu&#8230; Originaire de Rouen, Guy Pessiot est mort \u00e0 l&rsquo;\u00e2ge de 76 ans"},"content":{"rendered":"<p>                    Par<br \/>\n        <strong><br \/>\n            <a href=\"https:\/\/actu.fr\/auteur\/louise-boutard\" title=\"Consulter tous les articles de Louise Boutard\" target=\"_blank\" rel=\"noopener\">Louise Boutard<\/a><br \/>\n                    <\/strong><\/p>\n<p>        Publi\u00e9 le<\/p>\n<p>            11 d\u00e9c. 2025 \u00e0 20h50        <\/p>\n<p>Il avait <strong>multipli\u00e9 les casquettes<\/strong> tout au long de sa vie. Auteur, historien local, \u00e9lu municipal, \u00e9diteur, journaliste\u2026 Le <strong>Rouennais Guy Pessiot<\/strong> <strong>est mort<\/strong> dans la nuit du 10 au 11 d\u00e9cembre 2025 \u00e0 l\u2019\u00e2ge de 76 ans, comme l\u2019indique <a href=\"https:\/\/www.francebleu.fr\/infos\/societe\/journaliste-editeur-elu-amoureux-du-patrimoine-et-de-sa-ville-le-rouennais-guy-pessiot-est-mort-9440394\" target=\"_blank\" rel=\"noopener\">Ici Normandie<\/a>.<\/p>\n<p>Passionn\u00e9 par sa ville<\/p>\n<p class=\" wall-content\">N\u00e9 en 1949 \u00e0 Rouen, Guy Pessiot a fr\u00e9quent\u00e9 le lyc\u00e9e Corneille puis \u00ab\u00a0Sup de Co\u00a0\u00bb Rouen (aujourd\u2019hui Neoma Business School) sans jamais quitter sa ville.\u00a0<\/p>\n<p class=\" wall-content\">Engag\u00e9 politiquement, Guy Pessiot a \u00e9t\u00e9 \u00e9lu au <strong>conseil municipal de Rouen<\/strong> de 2003 \u00e0 2020, occupant notamment la place de 3e adjoint aupr\u00e8s de Val\u00e9rie Fourneyron de 2008 \u00e0 2012. Il a \u00e9galement pr\u00e9sid\u00e9 l\u2019Office du Tourisme.\u00a0<\/p>\n<p class=\" wall-content\">Du grand public, il \u00e9tait sans doute connu pour sa <strong>passion pour l\u2019histoire de sa ville.<\/strong> Il se pr\u00eatait souvent au jeu des interviews, r\u00e9pondant <a href=\"https:\/\/actu.fr\/normandie\/rouen_76540\/images-comment-etait-la-ville-de-rouen-il-y-a-100-ans-en-1924_60499737.html\" target=\"_blank\" rel=\"noopener\">aux m\u00e9dias locaux, y compris 76actu, sur l\u2019histoire locale<\/a>. Il publi\u00e9 <a href=\"https:\/\/actu.fr\/normandie\/rouen_76540\/en-images-rouen-vue-par-drone-nouveau-livre-180-photos-inedites_13403290.html\" target=\"_blank\" rel=\"noopener\">plusieurs ouvrages sur Rouen,<\/a> s\u2019int\u00e9ressant notamment \u00e0 la Rive Gauche, aux communes de l\u2019agglom\u00e9ration, ou encore \u00e0 l\u2019Armada. Auteur mais aussi \u00e9diteur, il a cr\u00e9\u00e9 les Editions Le P\u2019tit Normand. Avant cela, ce touche-\u00e0-tout a d\u2019abord \u00e9t\u00e9 journaliste. Guy Pessiot a notamment cofond\u00e9 le magazine L\u2019Etudiant en 1971.<\/p>\n<p>Suivez l\u2019actualit\u00e9 de Rouen sur <a href=\"https:\/\/www.whatsapp.com\/channel\/0029VaKfnf99hXF2ddApFB1D\" target=\"_blank\" rel=\"noopener\">notre cha\u00eene WhatsApp<\/a> et sur <a href=\"https:\/\/www.tiktok.com\/@76actu.fr?lang=fr\" target=\"_blank\" rel=\"noopener\">notre compte TikTok<\/a><\/p>\n<p class=\" wall-content\">Personnalisez votre actualit\u00e9 en ajoutant vos villes et m\u00e9dias en favori avec <a href=\"https:\/\/moncompte.actu.fr\" title=\"D\u00e9couvez Mon Actu\" rel=\"nofollow noopener\" data-trk=\"{&quot;cta&quot;:{&quot;action&quot;:&quot;https:\\\/\\\/moncompte.actu.fr&quot;,&quot;category&quot;:&quot;mon compte&quot;,&quot;from&quot;:&quot;article footer&quot;,&quot;name&quot;:&quot;Mon actu&quot;,&quot;type&quot;:&quot;cta&quot;}}\" target=\"_blank\">Mon Actu<\/a>.<\/p>\n<p>                    <script async src=\"\/\/www.tiktok.com\/embed.js\"><\/script><\/p>\n","protected":false},"excerpt":{"rendered":"Par Louise Boutard Publi\u00e9 le 11 d\u00e9c. 2025 \u00e0 20h50 Il avait multipli\u00e9 les casquettes tout au long&hellip;\n","protected":false},"author":2,"featured_media":593582,"comment_status":"","ping_status":"","sticky":false,"template":"","format":"standard","meta":{"footnotes":""},"categories":[9587],"tags":[1111,11,22718,1777,674,1011,27,937,12,5161,25,9590,104,602],"class_list":{"0":"post-593581","1":"post","2":"type-post","3":"status-publish","4":"format-standard","5":"has-post-thumbnail","7":"category-rouen","8":"tag-actu","9":"tag-actualites","10":"tag-armada","11":"tag-eu","12":"tag-europe","13":"tag-fr","14":"tag-france","15":"tag-histoire","16":"tag-news","17":"tag-normandie","18":"tag-republique-francaise","19":"tag-rouen","20":"tag-societe","21":"tag-tourisme"},"share_on_mastodon":{"url":"https:\/\/pubeurope.com\/@fr\/115702915758931289","error":""},"_links":{"self":[{"href":"https:\/\/www.europesays.com\/fr\/wp-json\/wp\/v2\/posts\/593581","targetHints":{"allow":["GET"]}}],"collection":[{"href":"https:\/\/www.europesays.com\/fr\/wp-json\/wp\/v2\/posts"}],"about":[{"href":"https:\/\/www.europesays.com\/fr\/wp-json\/wp\/v2\/types\/post"}],"author":[{"embeddable":true,"href":"https:\/\/www.europesays.com\/fr\/wp-json\/wp\/v2\/users\/2"}],"replies":[{"embeddable":true,"href":"https:\/\/www.europesays.com\/fr\/wp-json\/wp\/v2\/comments?post=593581"}],"version-history":[{"count":0,"href":"https:\/\/www.europesays.com\/fr\/wp-json\/wp\/v2\/posts\/593581\/revisions"}],"wp:featuredmedia":[{"embeddable":true,"href":"https:\/\/www.europesays.com\/fr\/wp-json\/wp\/v2\/media\/593582"}],"wp:attachment":[{"href":"https:\/\/www.europesays.com\/fr\/wp-json\/wp\/v2\/media?parent=593581"}],"wp:term":[{"taxonomy":"category","embeddable":true,"href":"https:\/\/www.europesays.com\/fr\/wp-json\/wp\/v2\/categories?post=593581"},{"taxonomy":"post_tag","embeddable":true,"href":"https:\/\/www.europesays.com\/fr\/wp-json\/wp\/v2\/tags?post=593581"}],"curies":[{"name":"wp","href":"https:\/\/api.w.org\/{rel}","templated":true}]}}