{"id":593599,"date":"2025-12-11T21:01:45","date_gmt":"2025-12-11T21:01:45","guid":{"rendered":"https:\/\/www.europesays.com\/fr\/593599\/"},"modified":"2025-12-11T21:01:45","modified_gmt":"2025-12-11T21:01:45","slug":"une-marche-aux-flambeaux-dans-les-rues-de-nantes-contre-la-politique-dausterite","status":"publish","type":"post","link":"https:\/\/www.europesays.com\/fr\/593599\/","title":{"rendered":"Une marche aux flambeaux dans les rues de Nantes contre \u00ab\u00a0la politique d\u2019aust\u00e9rit\u00e9\u00a0\u00bb"},"content":{"rendered":"<tr wp_automatic_readability=\"5.8853503184713\">\n<td valign=\"middle\" align=\"center\" class=\"col-logo\" wp_automatic_readability=\"5\">\n    <img decoding=\"async\" src=\"https:\/\/maville.com\/design\/images\/logo-of-monetise.svg?version=20130627\" alt=\"logo Ouest-France\" height=\"66\"\/><\/p>\n<p>Contenu r\u00e9serv\u00e9 aux abonn\u00e9s<\/p>\n<\/td>\n<td class=\"col-titre\">\n\t\t\tJeudi 11 d\u00e9cembre 2025 19:52<br \/>\n\t\t\t<a class=\"icon-bulle sizeL count\" href=\"#ancreAvis\"><br \/>\n\t&#8230;<br \/>\n<\/a><\/td>\n<\/tr>\n<p>\t\t<a class=\"mavillebox2 elmt-photo\" href=\"https:\/\/maville.com\/photosmvi\/2025\/12\/11\/P35634373D7105166G.jpg\" title=\" Une marche aux flambeaux \u00e9tait organis\u00e9e ce jeudi 11\u00a0d\u00e9cembre par la CGT pour d\u00e9noncer les \u00ab\u00a0budgets d\u2019aust\u00e9rit\u00e9\u00a0\u00bb.  \u00a9  J\u00e9r\u00f4me Fouquet\/Ouest-France  \" rel=\"galerie_actu noopener\" target=\"_blank\"><br \/>\n\t<img decoding=\"async\" src=\"https:\/\/www.europesays.com\/fr\/wp-content\/uploads\/2025\/12\/P35634373D7105166G_crop_640-330_.jpg\" alt=\"photo  une marche aux flambeaux \u00e9tait organis\u00e9e ce jeudi 11\u00a0d\u00e9cembre par la cgt pour d\u00e9noncer les \u00ab\u00a0budgets d\u2019aust\u00e9rit\u00e9\u00a0\u00bb.  \u00a9  j\u00e9r\u00f4me fouquet\/ouest-france \"\/><br \/>\n\t1<br \/>\n<\/a><\/p>\n<p class=\"elmt-legende\"> Une marche aux flambeaux \u00e9tait organis\u00e9e ce jeudi 11\u00a0d\u00e9cembre par la CGT pour d\u00e9noncer les \u00ab\u00a0budgets d\u2019aust\u00e9rit\u00e9\u00a0\u00bb.  \u00a9  J\u00e9r\u00f4me Fouquet\/Ouest-France  <\/p>\n<p>\t\t\u00c0 l\u2019appel de la CGT, environ 70\u00a0personnes ont particip\u00e9 \u00e0 une marche aux flambeaux dans le centre-ville de Nantes ce jeudi soir 11\u00a0d\u00e9cembre. Pour d\u00e9noncer la politique \u00ab\u00a0de rigueur\u00a0\u00bb du gouvernement, dans le prolongement de la mobilisation du 2\u00a0d\u00e9cembre.<\/p>\n<p><b>Cet article est r\u00e9serv\u00e9 aux abonn\u00e9s<\/b><\/p>\n<p>Pour un acc\u00e8s imm\u00e9diat, abonnez-vous<\/p>\n<p><b>1\u00e8re semaine offerte<\/b><\/p>\n<p>\t\tOuest-France<\/p>\n<p>Retrouvez d&rsquo;autres actus sur la commune de :<\/p>\n<p>\t\t&#13;<\/p>\n","protected":false},"excerpt":{"rendered":"Contenu r\u00e9serv\u00e9 aux abonn\u00e9s Jeudi 11 d\u00e9cembre 2025 19:52 &#8230; 1 Une marche aux flambeaux \u00e9tait organis\u00e9e ce&hellip;\n","protected":false},"author":2,"featured_media":593600,"comment_status":"","ping_status":"","sticky":false,"template":"","format":"standard","meta":{"footnotes":""},"categories":[2818],"tags":[1111,11,9301,1777,674,45910,1011,27,2089,766,12,2636,316,25,16915,4937],"class_list":{"0":"post-593599","1":"post","2":"type-post","3":"status-publish","4":"format-standard","5":"has-post-thumbnail","7":"category-nantes","8":"tag-actu","9":"tag-actualites","10":"tag-austerite","11":"tag-eu","12":"tag-europe","13":"tag-flambeaux","14":"tag-fr","15":"tag-france","16":"tag-marche","17":"tag-nantes","18":"tag-news","19":"tag-pays-de-la-loire","20":"tag-politique","21":"tag-republique-francaise","22":"tag-rues","23":"tag-saint-brieuc"},"share_on_mastodon":{"url":"https:\/\/pubeurope.com\/@fr\/115702961742681141","error":""},"_links":{"self":[{"href":"https:\/\/www.europesays.com\/fr\/wp-json\/wp\/v2\/posts\/593599","targetHints":{"allow":["GET"]}}],"collection":[{"href":"https:\/\/www.europesays.com\/fr\/wp-json\/wp\/v2\/posts"}],"about":[{"href":"https:\/\/www.europesays.com\/fr\/wp-json\/wp\/v2\/types\/post"}],"author":[{"embeddable":true,"href":"https:\/\/www.europesays.com\/fr\/wp-json\/wp\/v2\/users\/2"}],"replies":[{"embeddable":true,"href":"https:\/\/www.europesays.com\/fr\/wp-json\/wp\/v2\/comments?post=593599"}],"version-history":[{"count":0,"href":"https:\/\/www.europesays.com\/fr\/wp-json\/wp\/v2\/posts\/593599\/revisions"}],"wp:featuredmedia":[{"embeddable":true,"href":"https:\/\/www.europesays.com\/fr\/wp-json\/wp\/v2\/media\/593600"}],"wp:attachment":[{"href":"https:\/\/www.europesays.com\/fr\/wp-json\/wp\/v2\/media?parent=593599"}],"wp:term":[{"taxonomy":"category","embeddable":true,"href":"https:\/\/www.europesays.com\/fr\/wp-json\/wp\/v2\/categories?post=593599"},{"taxonomy":"post_tag","embeddable":true,"href":"https:\/\/www.europesays.com\/fr\/wp-json\/wp\/v2\/tags?post=593599"}],"curies":[{"name":"wp","href":"https:\/\/api.w.org\/{rel}","templated":true}]}}