{"id":593609,"date":"2025-12-11T21:14:26","date_gmt":"2025-12-11T21:14:26","guid":{"rendered":"https:\/\/www.europesays.com\/fr\/593609\/"},"modified":"2025-12-11T21:14:26","modified_gmt":"2025-12-11T21:14:26","slug":"nos-5-idees-sorties-du-week-end-des-13-et-14-decembre-a-toulouse","status":"publish","type":"post","link":"https:\/\/www.europesays.com\/fr\/593609\/","title":{"rendered":"Nos 5 id\u00e9es sorties du week-end des 13 et 14 d\u00e9cembre \u00e0 Toulouse"},"content":{"rendered":"<p>ICI Occitanie vous offre 5 id\u00e9es sorties pour le week-end des 13 et 14 d\u00e9cembre. Entre culture et loisirs, laissez-vous inspirer par notre s\u00e9lection d&rsquo;activit\u00e9s \u00e0 faire en famille, entre amis, ou solo pour profiter pleinement du week-end<\/p>\n<p>ICI Occitanie a s\u00e9lectionn\u00e9 pour vous 5 id\u00e9es de sorties pour ce week-end\u00a0: march\u00e9 de No\u00ebl, balade nocturne \u00e0 v\u00e9lo en famille, exposition\u2026 Trouvez celle qui vous pla\u00eet<\/p>\n<p>March\u00e9 Gourmand d\u2019Occitanie<\/p>\n<p>Le <strong>premier March\u00e9 Gourmand d\u2019Occitanie<\/strong>, nouveau grand rendez-vous qui succ\u00e8de au c\u00e9l\u00e8bre Salon REGAL, s\u2019installe au <strong>MEETT du 12 au 14 d\u00e9cembre<\/strong>. Plus de 200 producteurs seront l\u00e0 pour faire go\u00fbter le meilleur du terroir\u00a0: vins, fromages, douceurs, recettes d\u2019ici\u2026 et plein d\u2019animations gourmandes. Deux nocturnes festives, une grande \u0153noth\u00e8que, des ateliers cuisine\u00a0: impossible de s\u2019ennuyer\u00a0! IRQUALIM et les Qualivores auront aussi leur stand avec d\u00e9gustations et surprises. <strong>L\u2019entr\u00e9e est \u00e0 5 \u20ac<\/strong> et un grand concours permet m\u00eame de gagner des invitations et des paniers gourmands\u00a0!<\/p>\n<p><a target=\"_blank\" rel=\"nofollow noopener noreferrer\" class=\"IciLink ici-link IciArticleLink g-ici-body-regular-1 underline brand svelte-1chfe2s\" href=\"https:\/\/www.marchegourmandoccitanie.fr\/\">https:\/\/www.marchegourmandoccitanie.fr\/<\/a><\/p>\n<p> <img decoding=\"async\" src=\"https:\/\/www.europesays.com\/fr\/wp-content\/uploads\/2025\/12\/1765487656_575_1280\" alt=\"illustration agrandir l'image\" style=\"--_image-preview:url('data:image\/jpeg;base64,\/9j\/2wBDACgcHiMeGSgjISMtKygwPGRBPDc3PHtYXUlkkYCZlo+AjIqgtObDoKrarYqMyP\/L2u71\/\/\/\/m8H\/\/\/\/6\/+b9\/\/j\/2wBDASstLTw1PHZBQXb4pYyl+Pj4+Pj4+Pj4+Pj4+Pj4+Pj4+Pj4+Pj4+Pj4+Pj4+Pj4+Pj4+Pj4+Pj4+Pj4+Pj4+Pj\/wAARCAANACoDASIAAhEBAxEB\/8QAFwAAAwEAAAAAAAAAAAAAAAAAAAECA\/\/EABcQAQEBAQAAAAAAAAAAAAAAAAARARL\/xAAVAQEBAAAAAAAAAAAAAAAAAAACAf\/EABYRAQEBAAAAAAAAAAAAAAAAAAEAAv\/aAAwDAQACEQMRAD8A2h5i4cFgZozDi4IKzM0wctMw4o0c3\/\/Z');\" loading=\"lazy\" fetchpriority=\"low\" class=\"svelte-1cksh76 rounded\" onload=\"this.__e=event\" onerror=\"this.__e=event\"\/> March\u00e9 Gourmand d&rsquo;Occitanie \u00a9 Aucun(e)  Cugnaux f\u00eate No\u00ebl<\/p>\n<p>Envie de vivre la magie de No\u00ebl sans la cohue du centre-ville toulousain\u00a0? <strong>Cugnaux f\u00eate No\u00ebl<\/strong> les 13 et 14 d\u00e9cembre dans une ambiance chaleureuse et familiale. March\u00e9 de No\u00ebl, spectacles, d\u00e9ambulations f\u00e9\u00e9riques, ateliers gratuits, concerts et photos avec le P\u00e8re No\u00ebl rythment ces deux jours enchant\u00e9s. Les tout-petits comme les plus grands y trouveront de quoi r\u00eaver, jouer, cr\u00e9er et se r\u00e9galer. Entre lumi\u00e8res, gourmandises et surprises, c\u2019est l\u2019escapade parfaite pour se mettre dans l\u2019esprit des f\u00eates. <strong>Entr\u00e9e libre<\/strong><\/p>\n<p>Programme du week-end\u00a0: <a target=\"_blank\" rel=\"nofollow noopener noreferrer\" class=\"IciLink ici-link IciArticleLink g-ici-body-regular-1 underline brand svelte-1chfe2s\" href=\"https:\/\/www.ville-cugnaux.fr\/wp-content\/uploads\/2025\/10\/Cugnaux-fete-Noel_2025_web.pdf\">https:\/\/www.ville-cugnaux.fr\/wp-content\/uploads\/2025\/10\/Cugnaux-fete-Noel_2025_web.pdf<\/a><\/p>\n<p> <img decoding=\"async\" src=\"https:\/\/www.europesays.com\/fr\/wp-content\/uploads\/2025\/12\/1765487659_378_1280\" alt=\"illustration agrandir l'image\" style=\"--_image-preview:url('data:image\/jpeg;base64,\/9j\/2wBDACgcHiMeGSgjISMtKygwPGRBPDc3PHtYXUlkkYCZlo+AjIqgtObDoKrarYqMyP\/L2u71\/\/\/\/m8H\/\/\/\/6\/+b9\/\/j\/2wBDASstLTw1PHZBQXb4pYyl+Pj4+Pj4+Pj4+Pj4+Pj4+Pj4+Pj4+Pj4+Pj4+Pj4+Pj4+Pj4+Pj4+Pj4+Pj4+Pj4+Pj\/wAARCAAXACoDASIAAhEBAxEB\/8QAGAAAAwEBAAAAAAAAAAAAAAAAAAEEAgP\/xAAZEAEAAwEBAAAAAAAAAAAAAAAAAQISEwP\/xAAWAQEBAQAAAAAAAAAAAAAAAAABAAL\/xAAVEQEBAAAAAAAAAAAAAAAAAAAAEf\/aAAwDAQACEQMRAD8A5xQYUR5nhuspZozNVU+bM+YpTZGVHMuapi7B4AAKaMzQAEuY5gIv\/9k=');\" loading=\"lazy\" fetchpriority=\"low\" class=\"svelte-1cksh76 rounded\" onload=\"this.__e=event\" onerror=\"this.__e=event\"\/> Cugnaux f\u00eate No\u00ebl \u00a9 Aucun(e)  Balade de No\u00ebl \u00e0 v\u00e9lo pour les familles<\/p>\n<p>Partez vivre <strong>la magie de No\u00ebl \u00e0 v\u00e9lo en famille<\/strong> lors d\u2019une douce balade nocturne \u00e0 travers les illuminations scintillantes du centre-ville de Toulouse. Depuis la superbe Basilique Saint-Sernin, vous suivrez un parcours facile de 7,5 km, parfait pour les petits v\u00e9los comme pour les v\u00e9los cargo. D\u00e9corez votre monture de guirlandes lumineuses, enfilez vos habits de f\u00eate et laissez-vous porter par l\u2019ambiance chaleureuse des rues anim\u00e9es. La soir\u00e9e se cl\u00f4turera \u00e0 la conviviale Maison du V\u00e9lo autour d\u2019une boisson chaude offerte. <strong>Gratuit, festif et familial\u00a0: une sortie f\u00e9erique \u00e0 ne pas manquer le 13 d\u00e9cembre\u00a0!<\/strong><\/p>\n<p>Plus d\u2019infos\u00a0: <a target=\"_blank\" rel=\"nofollow noopener noreferrer\" class=\"IciLink ici-link IciArticleLink g-ici-body-regular-1 underline brand svelte-1chfe2s\" href=\"https:\/\/www.maisonduvelotoulouse.com\/2025\/11\/04\/balade-nocturne-de-noel\/\">https:\/\/www.maisonduvelotoulouse.com\/2025\/11\/04\/balade-nocturne-de-noel\/<\/a><\/p>\n<p> <img decoding=\"async\" src=\"https:\/\/www.europesays.com\/fr\/wp-content\/uploads\/2025\/12\/1765487662_990_1280\" alt=\"illustration agrandir l'image\" style=\"--_image-preview:url('data:image\/jpeg;base64,\/9j\/2wBDACgcHiMeGSgjISMtKygwPGRBPDc3PHtYXUlkkYCZlo+AjIqgtObDoKrarYqMyP\/L2u71\/\/\/\/m8H\/\/\/\/6\/+b9\/\/j\/2wBDASstLTw1PHZBQXb4pYyl+Pj4+Pj4+Pj4+Pj4+Pj4+Pj4+Pj4+Pj4+Pj4+Pj4+Pj4+Pj4+Pj4+Pj4+Pj4+Pj4+Pj\/wAARCAAqAB0DASIAAhEBAxEB\/8QAGAABAQEBAQAAAAAAAAAAAAAAAAIBAwT\/xAAWEAEBAQAAAAAAAAAAAAAAAAAAARH\/xAAWAQEBAQAAAAAAAAAAAAAAAAAAAQL\/xAAWEQEBAQAAAAAAAAAAAAAAAAAAARH\/2gAMAwEAAhEDEQA\/APPIYRrLOJsTY6VFWJVRoAJxTAqmAAzSsB\/\/2Q==');\" loading=\"lazy\" fetchpriority=\"low\" class=\"svelte-1cksh76 rounded\" onload=\"this.__e=event\" onerror=\"this.__e=event\"\/> Balade nocturne de No\u00ebl \u00a9 Aucun(e)  March\u00e9 de No\u00ebl artisanal et solidaire \u00e0 Toulouse<\/p>\n<p>Rendez-vous sur les <strong>all\u00e9es Jules Guesde<\/strong> jusqu\u2019<strong>au 21 d\u00e9cembre<\/strong> pour vivre un No\u00ebl authentique et porteur de sens au March\u00e9 Artisanal et Solidaire. Fl\u00e2nez parmi une cinquantaine de stands de cr\u00e9ateurs engag\u00e9s pour d\u00e9nicher des <strong>cadeaux uniques, \u00e9thiques et \u00e9co-responsables<\/strong> (bijoux, d\u00e9co, produits du terroir). Profitez d&rsquo;une ambiance festive et conviviale rythm\u00e9e par des <strong>ateliers cr\u00e9atifs, des jeux et des concerts<\/strong> lors des nocturnes les vendredis et samedis. R\u00e9chauffez-vous \u00e0 la <strong>guinguette d&rsquo;hiver<\/strong> en savourant des plats locaux et un d\u00e9licieux vin chaud au c\u0153ur d&rsquo;un cadre enchanteur. C\u2019est l&rsquo;endroit id\u00e9al pour <strong>c\u00e9l\u00e9brer l&rsquo;esprit de No\u00ebl autrement<\/strong>, en alliant plaisir d&rsquo;offrir et solidarit\u00e9\u00a0! Entr\u00e9e libre.<\/p>\n<p> <img decoding=\"async\" src=\"https:\/\/www.europesays.com\/fr\/wp-content\/uploads\/2025\/12\/1765487664_2_1280\" alt=\"illustration agrandir l'image\" style=\"--_image-preview:url('data:image\/jpeg;base64,\/9j\/2wBDACgcHiMeGSgjISMtKygwPGRBPDc3PHtYXUlkkYCZlo+AjIqgtObDoKrarYqMyP\/L2u71\/\/\/\/m8H\/\/\/\/6\/+b9\/\/j\/2wBDASstLTw1PHZBQXb4pYyl+Pj4+Pj4+Pj4+Pj4+Pj4+Pj4+Pj4+Pj4+Pj4+Pj4+Pj4+Pj4+Pj4+Pj4+Pj4+Pj4+Pj\/wAARCAAXACoDASIAAhEBAxEB\/8QAGQAAAwEBAQAAAAAAAAAAAAAAAAEEAgMF\/8QAGRABAAMBAQAAAAAAAAAAAAAAAAEDEwIS\/8QAFQEBAQAAAAAAAAAAAAAAAAAAAAH\/xAAUEQEAAAAAAAAAAAAAAAAAAAAA\/9oADAMBAAIRAxEAPwCeOGvDvFZ5oJZ4YnhZNbE1ipJ4LyqmoslR6MVnmAgU1szWABZDIBR\/\/9k=');\" loading=\"lazy\" fetchpriority=\"low\" class=\"svelte-1cksh76 rounded\" onload=\"this.__e=event\" onerror=\"this.__e=event\"\/> March\u00e9 de No\u00ebl artisanal et solidaire \u00a9 Aucun(e)  Visite de l&rsquo;exposition \u00ab\u00a0Sors de ta R\u00e9serve\u00a0! L\u2019expo participative\u00a0\u00bb<\/p>\n<p>Pour les 90 ans de la Biblioth\u00e8que d\u2019\u00c9tude et du Patrimoine, l&rsquo;exposition <strong>\u00ab\u00a0Sors de ta r\u00e9serve\u00a0\u00bb<\/strong> d\u00e9voile 30 tr\u00e9sors (manuscrits rares, p\u00e9pites locales) choisis par le public lui-m\u00eame et non par des conservateurs. Le <strong>samedi 13 d\u00e9cembre \u00e0 11h<\/strong>, profitez d&rsquo;une <strong>visite guid\u00e9e sp\u00e9ciale<\/strong> pour plonger dans l&rsquo;histoire de ces \u0153uvres coups de c\u0153ur, allant du XVe si\u00e8cle \u00e0 nos jours. C&rsquo;est une occasion rare de d\u00e9couvrir ce patrimoine cach\u00e9 \u00e0 travers le regard passionn\u00e9 des lecteurs, dans un cadre architectural superbe rue du P\u00e9rigord. L&rsquo;acc\u00e8s \u00e0 l&rsquo;exposition et \u00e0 la visite est <strong>enti\u00e8rement gratuit<\/strong> (pensez juste \u00e0 r\u00e9server votre place par mail pour le guidage\u00a0!). Plus d\u2019informations\u00a0: <a target=\"_blank\" rel=\"nofollow noopener noreferrer\" class=\"IciLink ici-link IciArticleLink g-ici-body-regular-1 underline brand svelte-1chfe2s\" href=\"https:\/\/bibliotheque.toulouse.fr\/sors-de-ta-reserve-lexposition-participative\">https:\/\/bibliotheque.toulouse.fr\/sors-de-ta-reserve-lexposition-participative<\/a><\/p>\n<p> <img decoding=\"async\" src=\"https:\/\/www.europesays.com\/fr\/wp-content\/uploads\/2025\/12\/1765487666_301_1280\" alt=\"illustration agrandir l'image\" style=\"--_image-preview:url('data:image\/jpeg;base64,\/9j\/2wBDACgcHiMeGSgjISMtKygwPGRBPDc3PHtYXUlkkYCZlo+AjIqgtObDoKrarYqMyP\/L2u71\/\/\/\/m8H\/\/\/\/6\/+b9\/\/j\/2wBDASstLTw1PHZBQXb4pYyl+Pj4+Pj4+Pj4+Pj4+Pj4+Pj4+Pj4+Pj4+Pj4+Pj4+Pj4+Pj4+Pj4+Pj4+Pj4+Pj4+Pj\/wAARCAAeACoDASIAAhEBAxEB\/8QAFwABAQEBAAAAAAAAAAAAAAAAAQIAA\/\/EABYQAQEBAAAAAAAAAAAAAAAAAAABEf\/EABcBAQEBAQAAAAAAAAAAAAAAAAABAgP\/xAAVEQEBAAAAAAAAAAAAAAAAAAAAAf\/aAAwDAQACEQMRAD8A5wphV1OjWToG0aLRrUguFMKUappqasGDM0j\/2Q==');\" loading=\"lazy\" fetchpriority=\"low\" class=\"svelte-1cksh76 rounded\" onload=\"this.__e=event\" onerror=\"this.__e=event\"\/> Sors de ta r\u00e9serve \u00a9 Aucun(e)  <\/p>\n","protected":false},"excerpt":{"rendered":"ICI Occitanie vous offre 5 id\u00e9es sorties pour le week-end des 13 et 14 d\u00e9cembre. Entre culture et&hellip;\n","protected":false},"author":2,"featured_media":593610,"comment_status":"","ping_status":"","sticky":false,"template":"","format":"standard","meta":{"footnotes":""},"categories":[2816],"tags":[1111,11,1777,674,1011,27,12,2680,25,2312],"class_list":{"0":"post-593609","1":"post","2":"type-post","3":"status-publish","4":"format-standard","5":"has-post-thumbnail","7":"category-toulouse","8":"tag-actu","9":"tag-actualites","10":"tag-eu","11":"tag-europe","12":"tag-fr","13":"tag-france","14":"tag-news","15":"tag-occitanie","16":"tag-republique-francaise","17":"tag-toulouse"},"share_on_mastodon":{"url":"https:\/\/pubeurope.com\/@fr\/115703006695219938","error":""},"_links":{"self":[{"href":"https:\/\/www.europesays.com\/fr\/wp-json\/wp\/v2\/posts\/593609","targetHints":{"allow":["GET"]}}],"collection":[{"href":"https:\/\/www.europesays.com\/fr\/wp-json\/wp\/v2\/posts"}],"about":[{"href":"https:\/\/www.europesays.com\/fr\/wp-json\/wp\/v2\/types\/post"}],"author":[{"embeddable":true,"href":"https:\/\/www.europesays.com\/fr\/wp-json\/wp\/v2\/users\/2"}],"replies":[{"embeddable":true,"href":"https:\/\/www.europesays.com\/fr\/wp-json\/wp\/v2\/comments?post=593609"}],"version-history":[{"count":0,"href":"https:\/\/www.europesays.com\/fr\/wp-json\/wp\/v2\/posts\/593609\/revisions"}],"wp:featuredmedia":[{"embeddable":true,"href":"https:\/\/www.europesays.com\/fr\/wp-json\/wp\/v2\/media\/593610"}],"wp:attachment":[{"href":"https:\/\/www.europesays.com\/fr\/wp-json\/wp\/v2\/media?parent=593609"}],"wp:term":[{"taxonomy":"category","embeddable":true,"href":"https:\/\/www.europesays.com\/fr\/wp-json\/wp\/v2\/categories?post=593609"},{"taxonomy":"post_tag","embeddable":true,"href":"https:\/\/www.europesays.com\/fr\/wp-json\/wp\/v2\/tags?post=593609"}],"curies":[{"name":"wp","href":"https:\/\/api.w.org\/{rel}","templated":true}]}}