{"id":593615,"date":"2025-12-11T21:19:25","date_gmt":"2025-12-11T21:19:25","guid":{"rendered":"https:\/\/www.europesays.com\/fr\/593615\/"},"modified":"2025-12-11T21:19:25","modified_gmt":"2025-12-11T21:19:25","slug":"vous-etes-un-grand-homme-je-peux-prendre-un-selfie","status":"publish","type":"post","link":"https:\/\/www.europesays.com\/fr\/593615\/","title":{"rendered":"Vous \u00eates un grand homme, je peux prendre un selfie ?"},"content":{"rendered":"<p>\u00ab\u00a0M. <a href=\"https:\/\/www.laprovence.com\/article\/faits-divers-justice\/3563454394679714\/affaire-bygmalion-nicolas-sarkozy-definitivement-condamne-par-la-cour-de-cassation\" target=\"_blank\" rel=\"noopener\">Sarkozy<\/a>, j\u2019ai l\u2019honneur de vous rencontrer pour la premi\u00e8re fois, s\u2019\u00e9meut <strong>Alain, 72\u00a0ans<\/strong>. Vous \u00eates le plus grand pr\u00e9sident de la Ve\u00a0R\u00e9publique, vous \u00eates un grand homme. Je peux prendre un selfie\u00a0? \u00ab\u00a0. Le visage \u00e9maci\u00e9, les traits tir\u00e9s, <a href=\"https:\/\/www.laprovence.com\/article\/faits-divers-justice\/2213400887862814\/4-5-millions-deuros-les-revenus-de-nicolas-sarkozy-reveles-lors-de-son-audience-au-tribunal\" target=\"_blank\" rel=\"noopener\">Nicolas Sarkozy<\/a> esquisse un sourire et un \u00ab\u00a0merci\u00a0\u00bb. Jeudi apr\u00e8s-midi, l\u2019ancien pr\u00e9sident de la R\u00e9publique a entam\u00e9 sa tourn\u00e9e de d\u00e9dicaces en province \u2014 il \u00e9tait la veille dans une librairie du 16e arrondissement parisien \u2014 \u00e0 <a href=\"https:\/\/www.laprovence.com\/bouches-du-rhone\/marseille-13055\" target=\"_blank\" rel=\"noopener\">Marseille<\/a>, \u00e0 la librairie Arcadia, au c\u0153ur de Saint-Barnab\u00e9 et du 12e arrondissement, un des fiefs de la droite marseillaise.<\/p>\n<p>Alors qu\u2019il signe ses premi\u00e8res d\u00e9dicaces, \u00e0 l\u2019ext\u00e9rieur, la foule se presse dans la galerie marchande, le \u00ab\u00a0<a href=\"https:\/\/www.laprovence.com\/article\/politique\/2364288118084815\/nicolas-sarkozy-le-journal-dun-prisonnier-entretien-avec-macron-soutien-au-rn-ce-que-revelent-les-bonnes-feuilles\" target=\"_blank\" rel=\"noopener\">Journal d\u2019un prisonnier<\/a>\u00a0\u00bb \u00e0 la main &#8211; les <strong>800 exemplaires<\/strong> command\u00e9s ont \u00e9t\u00e9 vendus <strong>en quelques heures<\/strong>. \u00ab\u00a0J\u2019ai 48\u00a0ans, j\u2019ai fait tous ses meetings, c\u2019est un homme d\u2019une rare intelligence, avec une vision du monde\u00a0\u00bb, loue <strong>Alexandra<\/strong>, une aide-soignante venue express\u00e9ment d\u2019<a href=\"https:\/\/www.laprovence.com\/bouches-du-rhone\/allauch-13002\" target=\"_blank\" rel=\"noopener\">Allauch<\/a> \u00ab\u00a0pour lui dire (son) soutien inconditionnel\u00a0\u00bb. <a href=\"https:\/\/www.laprovence.com\/article\/faits-divers-justice\/1934856353379814\/nicolas-sarkozy-condamne-a-5-ans-de-prison-avec-mandat-de-depot-differe-pour-association-de-malfaiteurs-dans-laffaire-kadhafi\" target=\"_blank\" rel=\"noopener\">Condamn\u00e9 \u00e0 5 ans de prison<\/a> en septembre dans l\u2019affaire du financement libyen de sa campagne \u00e9lectorale de 2007, Nicolas Sarkozy a \u00e9t\u00e9 <a href=\"https:\/\/www.laprovence.com\/article\/faits-divers-justice\/34512212082214\/nicolas-sarkozy-remis-en-liberte-sortira-de-prison-ce-lundi-et-sera-place-sous-controle-judiciaire\" target=\"_blank\" rel=\"noopener\">remis en libert\u00e9 sous contr\u00f4le judiciaire<\/a> le 10 novembre apr\u00e8s <strong>20 jours de d\u00e9tention<\/strong> \u00e0 la prison de la Sant\u00e9 \u00e0 Paris. \u00ab\u00a0De l\u2019acharnement des politiques et de la justice qui est \u00e0 gauche\u00a0\u00bb, pour cette militante. \u00ab\u00a0Une honte absolue pour la France, accuse <strong>Fabienne, 50\u00a0ans<\/strong>. Aucun ancien chef d\u2019\u00c9tat ne devrait aller en prison. On est la ris\u00e9e du monde\u00a0\u00bb.<\/p>\n<p><img alt=\"Nicolas Sarkozy en d\u00e9dicace librairie Arcadia \u00e0 St Barnab\u00e9.\" loading=\"lazy\" decoding=\"async\" data-nimg=\"fill\" class=\" TwicCore_img__i9TC1 undefined  undefined\" style=\"position:absolute;height:100%;width:100%;left:0;top:0;right:0;bottom:0;color:transparent;background-size:cover;background-position:50% 50%;background-repeat:no-repeat;background-image:url(&quot;data:image\/svg+xml;charset=utf-8,%3Csvg xmlns='http:\/\/www.w3.org\/2000\/svg' %3E%3Cfilter id='b' color-interpolation-filters='sRGB'%3E%3CfeGaussianBlur stdDeviation='20'\/%3E%3CfeColorMatrix values='1 0 0 0 0 0 1 0 0 0 0 0 1 0 0 0 0 0 100 -1' result='s'\/%3E%3CfeFlood x='0' y='0' width='100%25' height='100%25'\/%3E%3CfeComposite operator='out' in='s'\/%3E%3CfeComposite in2='SourceGraphic'\/%3E%3CfeGaussianBlur stdDeviation='20'\/%3E%3C\/filter%3E%3Cimage width='100%25' height='100%25' x='0' y='0' preserveAspectRatio='none' style='filter: url(%23b);' href='https:\/\/pictures.laprovence.com\/cdn-cgi\/image\/blur=250\/media\/melody\/2025\/12\/11\/nicolas-sarkozy-en-dedicace-librairie-arcadia-a-st-barnabe-nicolas-sarkozy-111225dri02-1765482995_e35cdaf01b396d75cdaf01b399b5cdv_.jpg'\/%3E%3C\/svg%3E&quot;)\"   src=\"https:\/\/www.europesays.com\/fr\/wp-content\/uploads\/2025\/12\/nicolas-sarkozy-en-dedicace-librairie-arcadia-a-st-barnabe-nicolas-sarkozy-111225dri02-1765482995_e3.jpeg\"\/>Nicolas Sarkozy en d\u00e9dicace librairie Arcadia \u00e0 St Barnab\u00e9. \/ PHOTO David ROSSI<\/p>\n<p>Alors, quand <a href=\"https:\/\/www.laprovence.com\/article\/faits-divers-justice\/1934856353379814\/nicolas-sarkozy-condamne-a-5-ans-de-prison-avec-mandat-de-depot-differe-pour-association-de-malfaiteurs-dans-laffaire-kadhafi\" target=\"_blank\" rel=\"noopener\">Nicolas Sarkozy<\/a> sort quelques instants de la librairie pour saluer la foule, <strong>des cris s\u2019\u00e9l\u00e8vent<\/strong> &#8211; \u00ab\u00a0Nicolas, Nicolas, Nicolas\u00a0!\u00a0\u00bb &#8211; \u00e0 peine perturb\u00e9s par les \u00ab\u00a0ouh\u00a0\u00bb de quelques d\u00e9tracteurs. \u00ab\u00a0Il y a une vraie ferveur, se r\u00e9jouit <strong>Catherine Pila<\/strong>, pr\u00e9sidente du groupe d\u2019opposition municipal et vice-pr\u00e9sidente nationale des LR. Il a \u00e9t\u00e9 un grand pr\u00e9sident et je voulais lui exprimer ma solidarit\u00e9 dans ces moments difficiles\u00a0\u00bb. \u00c0 l\u2019initiative de la manifestation, <strong>Sylvain Souvestre<\/strong>, le maire (LR) des 11e et 12e arrondissements savoure\u00a0: \u00ab\u00a0C\u2019est incroyable. Il y a quatre ou cinq fois plus de personnes que l\u2019an dernier pour la d\u00e9dicace de <a href=\"https:\/\/www.laprovence.com\/article\/france-monde\/1511994429494714\/laitages-et-prieres-sarkozy-leve-le-voile-sur-sa-detention\" target=\"_blank\" rel=\"noopener\">son premier livre<\/a><a href=\"https:\/\/www.laprovence.com\/article\/france-monde\/1511994429494714\/laitages-et-prieres-sarkozy-leve-le-voile-sur-sa-detention\" target=\"_blank\" rel=\"noopener\"> <\/a>(Le Temps des combats, Ndlr)\u00a0: des personnes \u00e2g\u00e9es mais aussi des jeunes\u00a0\u00bb. Quelques heures plus t\u00f4t, l\u2019\u00e9lu a eu le \u00ab\u00a0privil\u00e8ge\u00a0\u00bb de d\u00e9jeuner avec Nicolas Sarkozy, le pr\u00e9sident (Renaissance) de la R\u00e9gion <a href=\"https:\/\/www.laprovence.com\/article\/region\/80334529658845\/renaud-muselier-desenclaver-les-zones-de-montagne-des-alpes-de-haute-provence-et-des-hautes-alpes\" target=\"_blank\" rel=\"noopener\">Renaud Muselier<\/a> et la candidate de la droite et du centre aux municipales <a href=\"https:\/\/www.laprovence.com\/article\/elections\/1347777823460415\/pas-dalliance-surtout-pas-avec-des-amateurs-martine-vassal-rectifie-le-tir-sur-un-eventuel-accord-avec-le-rn\" target=\"_blank\" rel=\"noopener\">Martine Vassal<\/a>. Au menu des discussions\u00a0? La prison, la d\u00e9dicace parisienne mais aussi la promesse de <a href=\"https:\/\/www.laprovence.com\/article\/faits-divers-justice\/3563454394679714\/affaire-bygmalion-nicolas-sarkozy-definitivement-condamne-par-la-cour-de-cassation\" target=\"_blank\" rel=\"noopener\">Nicolas Sarkozy<\/a> de ne plus soutenir un \u00ab\u00a0quelconque front r\u00e9publicain\u00a0\u00bb.<\/p>\n<p><img alt=\"Nicolas Sarkozy en d\u00e9dicace librairie Arcadia \u00e0 Saint-Barnab\u00e9.\" loading=\"lazy\" decoding=\"async\" data-nimg=\"fill\" class=\" TwicCore_img__i9TC1 undefined  undefined\" style=\"position:absolute;height:100%;width:100%;left:0;top:0;right:0;bottom:0;color:transparent;background-size:cover;background-position:50% 50%;background-repeat:no-repeat;background-image:url(&quot;data:image\/svg+xml;charset=utf-8,%3Csvg xmlns='http:\/\/www.w3.org\/2000\/svg' %3E%3Cfilter id='b' color-interpolation-filters='sRGB'%3E%3CfeGaussianBlur stdDeviation='20'\/%3E%3CfeColorMatrix values='1 0 0 0 0 0 1 0 0 0 0 0 1 0 0 0 0 0 100 -1' result='s'\/%3E%3CfeFlood x='0' y='0' width='100%25' height='100%25'\/%3E%3CfeComposite operator='out' in='s'\/%3E%3CfeComposite in2='SourceGraphic'\/%3E%3CfeGaussianBlur stdDeviation='20'\/%3E%3C\/filter%3E%3Cimage width='100%25' height='100%25' x='0' y='0' preserveAspectRatio='none' style='filter: url(%23b);' href='https:\/\/pictures.laprovence.com\/cdn-cgi\/image\/blur=250\/media\/melody\/2025\/12\/11\/nicolas-sarkozy-en-dedicace-librairie-arcadia-a-st-barnabe-nicolas-sarkozy-111225dri02-1765482994_8ad56af01b3966ed56af01b3922e56v_.jpg'\/%3E%3C\/svg%3E&quot;)\"   src=\"https:\/\/www.europesays.com\/fr\/wp-content\/uploads\/2025\/12\/nicolas-sarkozy-en-dedicace-librairie-arcadia-a-st-barnabe-nicolas-sarkozy-111225dri02-1765482994_8a.jpeg\"\/>Nicolas Sarkozy en d\u00e9dicace librairie Arcadia \u00e0 Saint-Barnab\u00e9. \/ PHOTO David ROSSI<\/p>\n<p>Dans son ouvrage, Nicolas Sarkozy juge en effet que son ancienne formation, Les R\u00e9publicains, \u00ab\u00a0n\u2019est pas aujourd\u2019hui en position de force\u00a0\u00bb\u00a0et plaide pour un \u00ab\u00a0rassemblement le plus large possible, sans anath\u00e8me et sans exclusive\u00a0\u00bb. De quoi susciter la pol\u00e9mique \u00e0 <strong>3 mois<\/strong> des <a href=\"https:\/\/www.laprovence.com\/elections\/municipales\" target=\"_blank\" rel=\"noopener\">municipales<\/a> et un peu plus d\u2019un an de la pr\u00e9sidentielle. \u00ab\u00a0Il ne dit pas \u00eatre ou ne pas \u00eatre avec le RN, il dit qu\u2019il faut parler \u00e0 tout le monde\u00a0\u00bb, tente de d\u00e9miner Sylvain Souvestre alors que Martine Vassal et son entourage se sont ces derniers jours \u00e9vertu\u00e9s \u00e0 convaincre qu\u2019il n\u2019y aura pas \u00ab\u00a0d\u2019accord programmatique, d\u2019accord d\u2019appareil\u00a0\u00bb au second tour des municipales \u00e0 Marseille &#8211; contrairement \u00e0 ce qu\u2019avait pu laisser entendre sa petite phrase sur Sud Radio \u00ab\u00a0<a href=\"https:\/\/www.laprovence.com\/article\/politique\/77967251552627\/je-priais-pour-avoir-la-force-jecrivais-au-bic-ex-president-francais-sarkozy-raconte-sa-detention\" target=\"_blank\" rel=\"noopener\">On verra \u00e0 ce moment-l\u00e0<\/a>\u00ab\u00a0.<\/p>\n<p><img alt=\"Nicolas Sarkozy en d\u00e9dicace librairie Arcadia \u00e0 Saint Barnab\u00e9.\" loading=\"lazy\" decoding=\"async\" data-nimg=\"fill\" class=\" TwicCore_img__i9TC1 undefined  undefined\" style=\"position:absolute;height:100%;width:100%;left:0;top:0;right:0;bottom:0;color:transparent;background-size:cover;background-position:50% 50%;background-repeat:no-repeat;background-image:url(&quot;data:image\/svg+xml;charset=utf-8,%3Csvg xmlns='http:\/\/www.w3.org\/2000\/svg' %3E%3Cfilter id='b' color-interpolation-filters='sRGB'%3E%3CfeGaussianBlur stdDeviation='20'\/%3E%3CfeColorMatrix values='1 0 0 0 0 0 1 0 0 0 0 0 1 0 0 0 0 0 100 -1' result='s'\/%3E%3CfeFlood x='0' y='0' width='100%25' height='100%25'\/%3E%3CfeComposite operator='out' in='s'\/%3E%3CfeComposite in2='SourceGraphic'\/%3E%3CfeGaussianBlur stdDeviation='20'\/%3E%3C\/filter%3E%3Cimage width='100%25' height='100%25' x='0' y='0' preserveAspectRatio='none' style='filter: url(%23b);' href='https:\/\/pictures.laprovence.com\/cdn-cgi\/image\/blur=250\/media\/melody\/2025\/12\/11\/nicolas-sarkozy-en-dedicace-librairie-arcadia-a-st-barnabe-nicolas-sarkozy-111225dri02-1765482996_0a47caf01b3967e47caf01b398257cv_.jpg'\/%3E%3C\/svg%3E&quot;)\"   src=\"https:\/\/www.europesays.com\/fr\/wp-content\/uploads\/2025\/12\/nicolas-sarkozy-en-dedicace-librairie-arcadia-a-st-barnabe-nicolas-sarkozy-111225dri02-1765482996_0a.jpeg\"\/>Nicolas Sarkozy en d\u00e9dicace librairie Arcadia \u00e0 Saint Barnab\u00e9. \/ PHOTO David ROSSI<\/p>\n<p>Si l\u2019ancienne figure de la droite ne va pas dans son livre jusqu\u2019\u00e0 parler d'\u00a0\u00bbunion des droites\u00a0\u00bb, certains de ses sympathisants n\u2019h\u00e9sitent plus \u00e0 franchir ce qu\u2019\u00e0 Renaissance on qualifie de \u00ab\u00a0ligne rouge\u00a0\u00bb. \u00ab\u00a0Avant, je n\u2019aurai jamais vot\u00e9 FN mais maintenant, le RN, ils ont leur place, d\u00e9fend <strong>France, 76\u00a0ans<\/strong>, ex-conseill\u00e8re d\u2019\u00e9ducation. Le rassemblement des droites, je suis compl\u00e8tement pour. On ne passera pas sinon\u00a0\u00bb. Bien qu\u2019admiratif de \u00ab\u00a0l\u2019homme d\u2019\u00c9tat remarquable\u00a0\u00bb, <strong>Baptiste 20\u00a0ans<\/strong>, militant Renaissance, avoue lui avoir trouv\u00e9 les propos de Nicolas Sarkozy \u00ab\u00a0ambigus\u00a0\u00bb et aimerait \u00ab\u00a0des explications\u00a0\u00bb. Jeudi, bien que convi\u00e9e, la presse n\u2019a pas \u00e9t\u00e9 autoris\u00e9e \u00e0 poser la moindre question \u00e0 Nicolas Sarkozy.<\/p>\n","protected":false},"excerpt":{"rendered":"\u00ab\u00a0M. Sarkozy, j\u2019ai l\u2019honneur de vous rencontrer pour la premi\u00e8re fois, s\u2019\u00e9meut Alain, 72\u00a0ans. Vous \u00eates le plus&hellip;\n","protected":false},"author":2,"featured_media":593616,"comment_status":"","ping_status":"","sticky":false,"template":"","format":"standard","meta":{"footnotes":""},"categories":[2814],"tags":[17,1111,11,21073,1777,674,8383,1011,27,884,12,3957,316,471,882,25,22022,4568],"class_list":{"0":"post-593615","1":"post","2":"type-post","3":"status-publish","4":"format-standard","5":"has-post-thumbnail","7":"category-marseille","8":"tag-17","9":"tag-actu","10":"tag-actualites","11":"tag-dedicace","12":"tag-eu","13":"tag-europe","14":"tag-foule","15":"tag-fr","16":"tag-france","17":"tag-marseille","18":"tag-news","19":"tag-nicolas","20":"tag-politique","21":"tag-pour","22":"tag-provence-alpes-cote-dazur","23":"tag-republique-francaise","24":"tag-sarkozy","25":"tag-vous"},"share_on_mastodon":{"url":"https:\/\/pubeurope.com\/@fr\/115703030355192644","error":""},"_links":{"self":[{"href":"https:\/\/www.europesays.com\/fr\/wp-json\/wp\/v2\/posts\/593615","targetHints":{"allow":["GET"]}}],"collection":[{"href":"https:\/\/www.europesays.com\/fr\/wp-json\/wp\/v2\/posts"}],"about":[{"href":"https:\/\/www.europesays.com\/fr\/wp-json\/wp\/v2\/types\/post"}],"author":[{"embeddable":true,"href":"https:\/\/www.europesays.com\/fr\/wp-json\/wp\/v2\/users\/2"}],"replies":[{"embeddable":true,"href":"https:\/\/www.europesays.com\/fr\/wp-json\/wp\/v2\/comments?post=593615"}],"version-history":[{"count":0,"href":"https:\/\/www.europesays.com\/fr\/wp-json\/wp\/v2\/posts\/593615\/revisions"}],"wp:featuredmedia":[{"embeddable":true,"href":"https:\/\/www.europesays.com\/fr\/wp-json\/wp\/v2\/media\/593616"}],"wp:attachment":[{"href":"https:\/\/www.europesays.com\/fr\/wp-json\/wp\/v2\/media?parent=593615"}],"wp:term":[{"taxonomy":"category","embeddable":true,"href":"https:\/\/www.europesays.com\/fr\/wp-json\/wp\/v2\/categories?post=593615"},{"taxonomy":"post_tag","embeddable":true,"href":"https:\/\/www.europesays.com\/fr\/wp-json\/wp\/v2\/tags?post=593615"}],"curies":[{"name":"wp","href":"https:\/\/api.w.org\/{rel}","templated":true}]}}