{"id":593617,"date":"2025-12-11T21:21:24","date_gmt":"2025-12-11T21:21:24","guid":{"rendered":"https:\/\/www.europesays.com\/fr\/593617\/"},"modified":"2025-12-11T21:21:24","modified_gmt":"2025-12-11T21:21:24","slug":"31-groupes-attendus-du-19-au-21-mars-2026-au-babel-music-xp","status":"publish","type":"post","link":"https:\/\/www.europesays.com\/fr\/593617\/","title":{"rendered":"31 groupes attendus du 19 au 21 mars 2026 au Babel Music XP"},"content":{"rendered":"<p>C&rsquo;est un rendez-vous incontournable pour faire r\u00e9sonner les musiques du monde \u00e0 Marseille. Du 19 au 21 mars 2026,<a href=\"https:\/\/www.laprovence.com\/article\/region\/3664784050649614\/babel-music-xp-a-marseille-le-marche-et-festival-retrouve-ce-vendredi-soir-et-samedi-le-dock-des-suds\" target=\"_blank\" rel=\"noopener\"> le festival Babel Music XP<\/a> sera de retour pour sa quatri\u00e8me \u00e9dition. Si pendant la journ\u00e9e, il est avant tout d\u00e9di\u00e9 aux professionnels de l&rsquo;industrie musicale avec des tables rondes et op\u00e9rations de mise en r\u00e9seau, il prend une tout autre dimension en soir\u00e9e avec des concerts, eux, bien ouverts au public.<\/p>\n<p>Tout comme l&rsquo;an denier, le rendez-vous va se d\u00e9ployer dans plusieurs lieux du centre-ville, qui n&rsquo;ont pas encore \u00e9t\u00e9 annonc\u00e9s. <a href=\"https:\/\/www.laprovence.com\/article\/culture-loisirs\/95754395078325\/le-dock-des-suds-a-marseille-reprend-une-activite-musicale-sous-le-nom-le-hangar-a-sucre\" target=\"_blank\" rel=\"noopener\">La question du Dock des Suds<\/a>, habituelle place forte ferm\u00e9e le 31 mars dernier mais qui retrouvera fin 2025 sa dimension musicale, reste en suspens. Une certitude n\u00e9anmoins, la billetterie sera ouverte le 13 janvier prochain.<\/p>\n<p>Cette semaine, les organisateurs ont d\u00e9voil\u00e9 la programmation de la prochaine \u00e9dition, issue d&rsquo;une s\u00e9lection \u00e9tablie par un jury international. Ces douze professionnels de la musique se sont rassembl\u00e9s en novembre pour examiner les 2781 candidatures provenant de 117 pays et cinq continents. Plus de 70% des propositions sont d&rsquo;ailleurs venues de l&rsquo;\u00e9tranger, illustrant une nouvelle fois <a href=\"https:\/\/www.laprovence.com\/article\/region\/60814528668742\/marseille-5-pepites-musicales-a-decouvrir-au-festival-babel-music-xp\" target=\"_blank\" rel=\"noopener\">l&rsquo;ADN du Babel<\/a> : un \u00e9v\u00e9nement militant q&#8230;<\/p>\n","protected":false},"excerpt":{"rendered":"C&rsquo;est un rendez-vous incontournable pour faire r\u00e9sonner les musiques du monde \u00e0 Marseille. Du 19 au 21 mars&hellip;\n","protected":false},"author":2,"featured_media":593618,"comment_status":"","ping_status":"","sticky":false,"template":"","format":"standard","meta":{"footnotes":""},"categories":[2814],"tags":[17,5734,1111,11,17144,70644,251,1777,674,1011,27,23198,918,884,1361,12,882,25],"class_list":{"0":"post-593617","1":"post","2":"type-post","3":"status-publish","4":"format-standard","5":"has-post-thumbnail","7":"category-marseille","8":"tag-17","9":"tag-5734","10":"tag-actu","11":"tag-actualites","12":"tag-attendus","13":"tag-babel","14":"tag-culture","15":"tag-eu","16":"tag-europe","17":"tag-fr","18":"tag-france","19":"tag-groupes","20":"tag-mars","21":"tag-marseille","22":"tag-music","23":"tag-news","24":"tag-provence-alpes-cote-dazur","25":"tag-republique-francaise"},"share_on_mastodon":{"url":"","error":""},"_links":{"self":[{"href":"https:\/\/www.europesays.com\/fr\/wp-json\/wp\/v2\/posts\/593617","targetHints":{"allow":["GET"]}}],"collection":[{"href":"https:\/\/www.europesays.com\/fr\/wp-json\/wp\/v2\/posts"}],"about":[{"href":"https:\/\/www.europesays.com\/fr\/wp-json\/wp\/v2\/types\/post"}],"author":[{"embeddable":true,"href":"https:\/\/www.europesays.com\/fr\/wp-json\/wp\/v2\/users\/2"}],"replies":[{"embeddable":true,"href":"https:\/\/www.europesays.com\/fr\/wp-json\/wp\/v2\/comments?post=593617"}],"version-history":[{"count":0,"href":"https:\/\/www.europesays.com\/fr\/wp-json\/wp\/v2\/posts\/593617\/revisions"}],"wp:featuredmedia":[{"embeddable":true,"href":"https:\/\/www.europesays.com\/fr\/wp-json\/wp\/v2\/media\/593618"}],"wp:attachment":[{"href":"https:\/\/www.europesays.com\/fr\/wp-json\/wp\/v2\/media?parent=593617"}],"wp:term":[{"taxonomy":"category","embeddable":true,"href":"https:\/\/www.europesays.com\/fr\/wp-json\/wp\/v2\/categories?post=593617"},{"taxonomy":"post_tag","embeddable":true,"href":"https:\/\/www.europesays.com\/fr\/wp-json\/wp\/v2\/tags?post=593617"}],"curies":[{"name":"wp","href":"https:\/\/api.w.org\/{rel}","templated":true}]}}