{"id":593619,"date":"2025-12-11T21:23:14","date_gmt":"2025-12-11T21:23:14","guid":{"rendered":"https:\/\/www.europesays.com\/fr\/593619\/"},"modified":"2025-12-11T21:23:14","modified_gmt":"2025-12-11T21:23:14","slug":"un-premier-semestre-en-forte-amelioration-pour-le-groupe-lyonnais","status":"publish","type":"post","link":"https:\/\/www.europesays.com\/fr\/593619\/","title":{"rendered":"un premier semestre en forte am\u00e9lioration pour le groupe lyonnais"},"content":{"rendered":"<p>Le chiffre d\u2019affaires atteint 266,8 millions d&rsquo;euros, en hausse de +9,5%, tandis que l\u2019entreprise retrouve un r\u00e9sultat d\u2019exploitation positif de 4,4 millions d&rsquo;euros, apr\u00e8s plusieurs exercices d\u00e9ficitaires. Le r\u00e9sultat net ressort \u00e0 +1,5 million d&rsquo;euros, contre \u20137,3 millions d&rsquo;euros un an plus t\u00f4t.<\/p>\n<p>Le directeur g\u00e9n\u00e9ral, Olivier de la Clergerie, souligne que le groupe est \u00ab\u00a0profitable d\u00e8s le premier semestre\u00a0\u00bb, un fait in\u00e9dit depuis trois exercices, et met en avant \u00ab\u00a0la solidit\u00e9 du mod\u00e8le \u00e9conomique\u00a0\u00bb et la pertinence des actions engag\u00e9es, notamment l\u2019acquisition de Rue du Commerce et la strat\u00e9gie marketing renforc\u00e9e.<\/p>\n<p><strong>Une croissance port\u00e9e par le BtoC et l\u2019int\u00e9gration de Rue du Commerce<\/strong><\/p>\n<p>Les ventes aux particuliers progressent de +14,7%, port\u00e9es par la croissance du online (+19,7%) et le dynamisme des boutiques (+7%), dont la nouvelle implantation LDLC Paris Madeleine ouverte en ao\u00fbt 2025. Les activit\u00e9s BtoB, en l\u00e9ger recul annuel (-1,7%), repassent en croissance au deuxi\u00e8me trimestre (+0,6%).<\/p>\n<p>La marge brute s\u2019\u00e9tablit \u00e0 22,5%, en hausse de 1,4 point gr\u00e2ce \u00e0 un mix de ventes favorable et \u00e0 la contribution de Rue du Commerce. L\u2019exc\u00e9dent brut d\u2019exploitation bondit \u00e0 8,5 millions d&rsquo;euros, soit +10,9 millions d&rsquo;euros sur un an. Les charges d\u2019exploitation reculent de 5,4%, notamment via le plan d\u2019adaptation mis en \u0153uvre depuis juillet 2025, qui r\u00e9duit les charges de personnel de 11,5%.<\/p>\n<p>La tr\u00e9sorerie a \u00e9t\u00e9 sollicit\u00e9e au cours du semestre, avec une consommation nette de 20 millions d&rsquo;euros, li\u00e9e principalement \u00e0 l\u2019augmentation du besoin en fonds de roulement. La dette nette atteint 24,4 millions d&rsquo;euros au 30 septembre (contre 6,3 millions d&rsquo;euros fin mars), pour des capitaux propres de 91,7 millions d&rsquo;euros, soit un gearing de 26,6%.<\/p>\n<p>Le groupe aborde le second semestre \u00ab\u00a0avec confiance\u00a0\u00bb : une saisonnalit\u00e9 favorable, l\u2019effet complet du plan d\u2019adaptation et un march\u00e9 jug\u00e9 bien orient\u00e9 laissent entrevoir une am\u00e9lioration suppl\u00e9mentaire de la profitabilit\u00e9. LDLC estime \u00eatre en position de \u00ab\u00a0surperformer le march\u00e9\u00a0\u00bb et \u00e9voque la possibilit\u00e9 de r\u00e9aliser \u00ab\u00a0un de [ses] meilleurs exercices hors p\u00e9riode Covid\u00a0\u00bb.<\/p>\n<p>Le prochain chiffre d\u2019affaires trimestriel sera publi\u00e9 le 29 janvier 2026.<\/p>\n","protected":false},"excerpt":{"rendered":"Le chiffre d\u2019affaires atteint 266,8 millions d&rsquo;euros, en hausse de +9,5%, tandis que l\u2019entreprise retrouve un r\u00e9sultat d\u2019exploitation&hellip;\n","protected":false},"author":2,"featured_media":593620,"comment_status":"","ping_status":"","sticky":false,"template":"","format":"standard","meta":{"footnotes":""},"categories":[1889],"tags":[1111,11,2813,2190,2430,1109,251,1112,2811,1777,674,118,1011,27,1922,1110,1114,2428,2810,12,241,316,25,2812,517,800],"class_list":{"0":"post-593619","1":"post","2":"type-post","3":"status-publish","4":"format-standard","5":"has-post-thumbnail","7":"category-lyon","8":"tag-actu","9":"tag-actualites","10":"tag-article","11":"tag-asvel","12":"tag-auvergne-rhone-alpes","13":"tag-breves","14":"tag-culture","15":"tag-depeches","16":"tag-economique","17":"tag-eu","18":"tag-europe","19":"tag-faits-divers","20":"tag-fr","21":"tag-france","22":"tag-info","23":"tag-informations","24":"tag-infos","25":"tag-lyon","26":"tag-lyonmag","27":"tag-news","28":"tag-ol","29":"tag-politique","30":"tag-republique-francaise","31":"tag-sociale","32":"tag-sport","33":"tag-transports"},"share_on_mastodon":{"url":"https:\/\/pubeurope.com\/@fr\/115703041590622432","error":""},"_links":{"self":[{"href":"https:\/\/www.europesays.com\/fr\/wp-json\/wp\/v2\/posts\/593619","targetHints":{"allow":["GET"]}}],"collection":[{"href":"https:\/\/www.europesays.com\/fr\/wp-json\/wp\/v2\/posts"}],"about":[{"href":"https:\/\/www.europesays.com\/fr\/wp-json\/wp\/v2\/types\/post"}],"author":[{"embeddable":true,"href":"https:\/\/www.europesays.com\/fr\/wp-json\/wp\/v2\/users\/2"}],"replies":[{"embeddable":true,"href":"https:\/\/www.europesays.com\/fr\/wp-json\/wp\/v2\/comments?post=593619"}],"version-history":[{"count":0,"href":"https:\/\/www.europesays.com\/fr\/wp-json\/wp\/v2\/posts\/593619\/revisions"}],"wp:featuredmedia":[{"embeddable":true,"href":"https:\/\/www.europesays.com\/fr\/wp-json\/wp\/v2\/media\/593620"}],"wp:attachment":[{"href":"https:\/\/www.europesays.com\/fr\/wp-json\/wp\/v2\/media?parent=593619"}],"wp:term":[{"taxonomy":"category","embeddable":true,"href":"https:\/\/www.europesays.com\/fr\/wp-json\/wp\/v2\/categories?post=593619"},{"taxonomy":"post_tag","embeddable":true,"href":"https:\/\/www.europesays.com\/fr\/wp-json\/wp\/v2\/tags?post=593619"}],"curies":[{"name":"wp","href":"https:\/\/api.w.org\/{rel}","templated":true}]}}