{"id":59362,"date":"2025-04-28T13:44:08","date_gmt":"2025-04-28T13:44:08","guid":{"rendered":"https:\/\/www.europesays.com\/fr\/59362\/"},"modified":"2025-04-28T13:44:08","modified_gmt":"2025-04-28T13:44:08","slug":"une-retraitee-recoit-une-amende-de-2500-francs-pour-avoir-roule-trop-lentement","status":"publish","type":"post","link":"https:\/\/www.europesays.com\/fr\/59362\/","title":{"rendered":"une retrait\u00e9e re\u00e7oit une amende de 2500 francs pour avoir roul\u00e9 trop lentement"},"content":{"rendered":"<p>                             Par     <a class=\"fig-content-metas__author\" href=\"https:\/\/www.lefigaro.fr\/auteur\/victor-maquet\" rel=\"author nofollow noopener\" target=\"_blank\">Victor Maquet<\/a><\/p>\n<p>\n            Publi\u00e9<br \/>\n                le 28 avril 2025 \u00e0 15h13,<br \/>\n                 mis \u00e0 jour le 28 avril 2025 \u00e0 15h34<\/p>\n<p>\u00a0\u00bb<br \/>\n        data-script=\u00a0\u00bbhttps:\/\/static.lefigaro.fr\/widget-video\/short-ttl\/video\/index.js\u00a0\u00bb<br \/>\n    &gt;<\/p>\n<p>Une femme de 65 ans a \u00e9cop\u00e9 d\u2019une contravention d\u2019environ 2 650 euros pour avoir cr\u00e9\u00e9 un embouteillage dans une route de montagne. D\u00e9nonc\u00e9e par un appel anonyme, elle a \u00e9t\u00e9 contr\u00f4l\u00e9e pendant pr\u00e8s de deux heures par la police dans un froid glacial.<\/p>\n<p class=\"fig-paragraph\">Peut-on \u00eatre sanctionn\u00e9 pour manque de vitesse sur la route\u00a0? En\u00a0<a href=\"http:\/\/www.lefigaro.fr\/international\/qui-est-jonas-lauwiner-ce-trentenaire-qui-se-prend-pour-le-roi-de-suisse-20250411\" target=\"_blank\" data-fig-type=\"Article\" rel=\"noopener nofollow\" data-gtm-custom-categorie=\"navigation\" data-gtm-custom-action=\"crossclick\" data-gtm-custom-label=\"Contextuel\" data-gtm-event=\"customEventSPE\" data-fig-domain=\"LEFIGARO\">Suisse<\/a>, oui et cela peut co\u00fbter tr\u00e8s cher. Bernadette Bandelier, une Suissesse de 65 ans, est dans l\u2019obligation de payer une amende de 2 500 francs suisses (environ 2 650 euros), pour avoir conduit trop lentement dans les virages d\u2019un col de montagne en f\u00e9vrier 2022, rapporte le quotidien suisse\u00a0<a href=\"https:\/\/www.blick.ch\/fr\/suisse\/une-retraitee-paie-2500-francs-pour-avoir-roule-trop-lentement-id20811482.html\" target=\"_blank\" rel=\"nofollow noopener\" data-gtm-custom-categorie=\"navigation\" data-gtm-custom-action=\"crossclick\" data-gtm-custom-label=\"Contextuel\" data-gtm-event=\"customEventSPE\">Blick<\/a> . Cette retrait\u00e9e bernoise qui souffre de plusieurs probl\u00e8mes de sant\u00e9 et qui vit modestement, r\u00e8gle sa s\u00e9v\u00e8re contravention par tranches mensuelles de 50 francs.<\/p>\n<p class=\"fig-paragraph\">Que s\u2019est-il pass\u00e9 exactement\u00a0? Tandis qu\u2019elle rentrait de\u00a0<a href=\"http:\/\/www.lefigaro.fr\/industrie-mode\/moncler-a-saint-moritz-l-apogee-d-un-style-20240207\" target=\"_blank\" data-fig-type=\"Article\" rel=\"noopener nofollow\" data-gtm-custom-categorie=\"navigation\" data-gtm-custom-action=\"crossclick\" data-gtm-custom-label=\"Contextuel\" data-gtm-event=\"customEventSPE\" data-fig-domain=\"LEFIGARO\">Saint-Moritz\u00a0<\/a>apr\u00e8s avoir particip\u00e9 \u00e0 une course hippique, Bernadette s\u2019est retrouv\u00e9e \u00e0 descendre un col de\u00a0<a href=\"http:\/\/www.lefigaro.fr\/voyages\/montagne\/des-prix-en-forte-baisse-ou-skier-ce-printemps-20250322\" target=\"_blank\" data-fig-type=\"NewsFlash\" rel=\"noopener nofollow\" data-gtm-custom-categorie=\"navigation\" data-gtm-custom-action=\"crossclick\" data-gtm-custom-label=\"Contextuel\" data-gtm-event=\"customEventSPE\" data-fig-domain=\"LEFIGARO\">montagne<\/a>\u00a0avec son v\u00e9hicule dans lequel se trouvaient plusieurs chevaux. Suivie d\u2019un ami qui \u00e9tait dans la m\u00eame situation, ils se sont fait intercepter par la police du canton de Grisons. D\u00e9nonc\u00e9s par un appel anonyme, ils auraient roul\u00e9 \u00e0 une vitesse jug\u00e9e trop lente, estim\u00e9e entre 15 et 20 km\/h dans les virages. Les forces de l\u2019ordre ont \u00e9galement constat\u00e9 qu\u2019une file de 175 voitures s\u2019\u00e9tait form\u00e9e derri\u00e8re eux. La Bernoise a alors \u00e9t\u00e9 sanctionn\u00e9e d\u2019une amende de 780 francs (830 euros).<\/p>\n<p class=\"fig-body-link\">\n            \u00c0 lire aussi<br \/>\n        <a class=\"fig-body-link__link fig-premium-mark\" href=\"http:\/\/www.lefigaro.fr\/conjoncture\/un-coup-dur-pourquoi-la-suisse-est-si-lourdement-frappee-par-les-droits-de-douane-de-donald-trump-20250408\" target=\"_blank\" data-fig-type=\"Article\" rel=\"noopener nofollow\" data-gtm-custom-categorie=\"navigation\" data-gtm-custom-action=\"crossclick\" data-gtm-custom-label=\"Contextuel\" data-gtm-event=\"customEventSPE\" data-fig-domain=\"LEFIGARO\">\u00abUn coup dur\u00bb\u00a0: pourquoi la Suisse est si lourdement frapp\u00e9e par les droits de douane de Donald Trump<br \/>\n    <\/a>\n<\/p>\n<p class=\"fig-paragraph\">Le\u00a0<a href=\"http:\/\/www.lefigaro.fr\/faits-divers\/marseille-la-police-decouvre-78-kg-de-cannabis-lors-d-un-controle-routier-20231006\" target=\"_blank\" data-fig-type=\"Article\" rel=\"noopener nofollow\" data-gtm-custom-categorie=\"navigation\" data-gtm-custom-action=\"crossclick\" data-gtm-custom-label=\"Contextuel\" data-gtm-event=\"customEventSPE\" data-fig-domain=\"LEFIGARO\">contr\u00f4le<\/a>\u00a0de Bernadette a dur\u00e9 pr\u00e8s de deux heures et s\u2019est d\u00e9roul\u00e9 alors que la temp\u00e9rature ext\u00e9rieure fr\u00f4lait les -6\u00b0C. \u00abLe retour, qui dure normalement cinq \u00e0 six heures, s\u2019est transform\u00e9 en un trajet de presque huit heures. Ce genre de retard n\u2019est pas bon pour le bien-\u00eatre de nos chevaux!\u00bb, explique-t-elle au quotidien suisse.<\/p>\n<p>Un combat juridique perdu<\/p>\n<p class=\"fig-paragraph\">La sexag\u00e9naire a officiellement re\u00e7u son amende trois mois apr\u00e8s son interpellation. Sous les conseils de la protection juridique de son ami, elle a d\u00e9cid\u00e9 de faire appel. \u00abOn m\u2019a dit qu\u2019on avait de grandes chances de succ\u00e8s\u00bb, raconte son ami qui consid\u00e9rait les raisons de leur sanction trop l\u00e9g\u00e8res. Hormis le t\u00e9moignage d\u2019un automobiliste qui roulait dans le cort\u00e8ge et le comptage effectu\u00e9 par la patrouille sur place, il n\u2019y avait effectivement pas d\u2019autres preuves. Malheureusement pour la retrait\u00e9e, sa plainte a \u00e9t\u00e9 rejet\u00e9e et ses frais ont augment\u00e9 jusqu\u2019\u00e0 atteindre les 2500 francs. Bernadette a tout de m\u00eame continu\u00e9 \u00e0 se battre, malgr\u00e9 une\u00a0<a href=\"https:\/\/www.lefigaro.fr\/sciences\/covid-19-et-sequelles-pulmonaires-nous-craignons-l-apparition-d-une-nouvelle-maladie-20200802\" target=\"_blank\" data-fig-type=\"Article\" rel=\"noopener nofollow\" data-gtm-custom-categorie=\"navigation\" data-gtm-custom-action=\"crossclick\" data-gtm-custom-label=\"Contextuel\" data-gtm-event=\"customEventSPE\" data-fig-domain=\"LEFIGARO\">maladie pulmonaire<\/a>\u00a0qui lui drainait d\u00e9j\u00e0 beaucoup d\u2019\u00e9nergie. Mais touch\u00e9e par une bact\u00e9rie en d\u00e9but 2024, elle est forc\u00e9e de lever le pied et doit se r\u00e9signer \u00e0 abandonner ses proc\u00e9dures de contestations. \u00abJe n\u2019en pouvais tout simplement plus\u00bb, se souvient-elle avec douleur.<\/p>\n<p class=\"fig-body-link\">\n            \u00c0 lire aussi<br \/>\n        <a class=\"fig-body-link__link fig-premium-mark\" href=\"https:\/\/www.lefigaro.fr\/finances-perso\/comment-contester-une-amende-de-stationnement-20200225\" data-fig-type=\"Article\" data-gtm-custom-categorie=\"navigation\" data-gtm-custom-action=\"crossclick\" data-gtm-custom-label=\"Contextuel\" data-gtm-event=\"customEventSPE\" data-fig-domain=\"LEFIGARO\" rel=\"nofollow noopener\" target=\"_blank\">Comment contester efficacement une amende de stationnement?<br \/>\n    <\/a>\n<\/p>\n<p class=\"fig-paragraph\">En janvier 2025 et apr\u00e8s un premier refus en juin 2024, elle a redemand\u00e9 une exon\u00e9ration de ses frais, invoquant notamment sa\u00a0<a href=\"https:\/\/www.lefigaro.fr\/international\/liz-truss-sur-la-guerre-en-ukraine-nous-ne-pouvons-pas-accepter-une-sorte-de-paix-precaire-20220627\" target=\"_blank\" data-fig-type=\"Article\" rel=\"noopener nofollow\" data-gtm-custom-categorie=\"navigation\" data-gtm-custom-action=\"crossclick\" data-gtm-custom-label=\"Contextuel\" data-gtm-event=\"customEventSPE\" data-fig-domain=\"LEFIGARO\">situation pr\u00e9caire<\/a>. Malgr\u00e9 cette bouteille jet\u00e9e \u00e0 la mer, le minist\u00e8re public refuse de bouger sur ses positions, expliquant que \u00absur la base des documents \u00e0 disposition, on peut supposer que la situation personnelle et financi\u00e8re actuelle de la plaignante se pr\u00e9sente de la m\u00eame mani\u00e8re qu\u2019\u00e0 la date de la d\u00e9cision. En l\u2019absence de preuve d\u2019une modification ou d\u2019une d\u00e9t\u00e9rioration importante de la situation financi\u00e8re et personnelle, une remise (ult\u00e9rieure) totale ou partielle des frais de proc\u00e9dure doit \u00eatre refus\u00e9e\u00bb.<\/p>\n<p class=\"fig-paragraph\">Ne vivant qu\u2019avec 900 francs par mois, Bernadette Bandelier est parvenue \u00e0 un accord avec le minist\u00e8re public des Grisons, lui permettant de progressivement rembourser son amende. \u00abJe vais donc rembourser le tout en quatre ans environ, alors que je n\u2019ai absolument rien fait de mal\u00bb, constate avec amertume la retrait\u00e9e pr\u00e9lev\u00e9e de 50 francs par mois.<\/p>\n","protected":false},"excerpt":{"rendered":"Par Victor Maquet Publi\u00e9 le 28 avril 2025 \u00e0 15h13, mis \u00e0 jour le 28 avril 2025 \u00e0&hellip;\n","protected":false},"author":2,"featured_media":59363,"comment_status":"","ping_status":"","sticky":false,"template":"","format":"standard","meta":{"footnotes":""},"categories":[5],"tags":[259,11,260,7087,1011,27,14,261,12,262,3067,28],"class_list":{"0":"post-59362","1":"post","2":"type-post","3":"status-publish","4":"format-standard","5":"has-post-thumbnail","7":"category-international","8":"tag-actualite-internationale","9":"tag-actualites","10":"tag-affaires-etrangeres","11":"tag-amende","12":"tag-fr","13":"tag-france","14":"tag-international","15":"tag-ministere-des-affaires-etrangeres","16":"tag-news","17":"tag-politique-etrangere","18":"tag-suisse","19":"tag-world"},"share_on_mastodon":{"url":"https:\/\/pubeurope.com\/@fr\/114415892162883217","error":""},"_links":{"self":[{"href":"https:\/\/www.europesays.com\/fr\/wp-json\/wp\/v2\/posts\/59362","targetHints":{"allow":["GET"]}}],"collection":[{"href":"https:\/\/www.europesays.com\/fr\/wp-json\/wp\/v2\/posts"}],"about":[{"href":"https:\/\/www.europesays.com\/fr\/wp-json\/wp\/v2\/types\/post"}],"author":[{"embeddable":true,"href":"https:\/\/www.europesays.com\/fr\/wp-json\/wp\/v2\/users\/2"}],"replies":[{"embeddable":true,"href":"https:\/\/www.europesays.com\/fr\/wp-json\/wp\/v2\/comments?post=59362"}],"version-history":[{"count":0,"href":"https:\/\/www.europesays.com\/fr\/wp-json\/wp\/v2\/posts\/59362\/revisions"}],"wp:featuredmedia":[{"embeddable":true,"href":"https:\/\/www.europesays.com\/fr\/wp-json\/wp\/v2\/media\/59363"}],"wp:attachment":[{"href":"https:\/\/www.europesays.com\/fr\/wp-json\/wp\/v2\/media?parent=59362"}],"wp:term":[{"taxonomy":"category","embeddable":true,"href":"https:\/\/www.europesays.com\/fr\/wp-json\/wp\/v2\/categories?post=59362"},{"taxonomy":"post_tag","embeddable":true,"href":"https:\/\/www.europesays.com\/fr\/wp-json\/wp\/v2\/tags?post=59362"}],"curies":[{"name":"wp","href":"https:\/\/api.w.org\/{rel}","templated":true}]}}