{"id":593621,"date":"2025-12-11T21:24:21","date_gmt":"2025-12-11T21:24:21","guid":{"rendered":"https:\/\/www.europesays.com\/fr\/593621\/"},"modified":"2025-12-11T21:24:21","modified_gmt":"2025-12-11T21:24:21","slug":"municipales-2026-a-lyon-karim-benzema-soutient-la-candidature-de-jean-michel-aulas-excellent-pour-la-ville","status":"publish","type":"post","link":"https:\/\/www.europesays.com\/fr\/593621\/","title":{"rendered":"Municipales 2026 \u00e0 Lyon\u00a0: Karim Benzema soutient la candidature de Jean-Michel Aulas, \u00ab\u00a0excellent pour la ville\u00a0\u00bb"},"content":{"rendered":"<p class=\"paragraph text_align_left lp-f-body-02\">Jean-Michel Aulas peut compter sur un soutien de poids dans sa <a href=\"https:\/\/www.leparisien.fr\/elections\/municipales\/lyon\/\" target=\"_blank\" rel=\"noreferrer noopener\">course \u00e0 la Mairie de Lyon<\/a>. Candidat au sein du groupe \u00ab Coeur lyonnais \u00bb, soutenu par LR-Renaissance-Horizons-MoDem-UDI, l\u2019ancien pr\u00e9sident de l\u2019OL a re\u00e7u la b\u00e9n\u00e9diction de Karim Benzema \u00e0 l\u2019occasion d\u2019une interview accord\u00e9e par l\u2019attaquant \u00e0 <a href=\"https:\/\/www.lequipe.fr\/Football\/Article\/Grand-recit-karim-benzema-qui-peut-refuser-une-coupe-du-monde\/1616285\" target=\"_blank\" rel=\"noreferrer noopener\">L\u2019\u00c9quipe<\/a>.<\/p>\n<p class=\"\">\u00ab Il faut qu\u2019il devienne maire de Lyon, parce que c\u2019est sa place, s\u2019est enthousiasm\u00e9 l\u2019ancien international fran\u00e7ais. C\u2019est lui qui va faire avancer les choses, qui va les faire bouger. Moi, je ne lui souhaite que \u00e7a : \u00eatre maire. Si c\u2019est ce qu\u2019il veut vraiment, il faut qu\u2019il fonce. \u00c7a serait excellent pour la ville de Lyon. \u00bb<\/p>\n<p class=\"\">Tr\u00e8s attach\u00e9 \u00e0 sa ville de naissance, o\u00f9 il est devenu professionnel en 2005 avant de rejoindre le Real Madrid quatre ans plus tard, <a href=\"https:\/\/www.leparisien.fr\/sports\/football\/coupe-du-monde\/si-on-mappelle-en-equipe-nationale-je-viens-karim-benzema-ouvre-la-porte-a-la-coupe-du-monde-2026-et-aux-bleus-11-12-2025-6I43IZFQHBAC3PS6YOFJUJQW7M.php\" target=\"_blank\" rel=\"noreferrer noopener\">Karim Benzema<\/a> ne l\u2019a d\u2019ailleurs pas oubli\u00e9. \u00ab Lyon, c\u2019est le d\u00e9part de tout. Sans l\u2019OL, je n\u2019ai pas tout ce que j\u2019ai derri\u00e8re \u00bb, a-t-il estim\u00e9 au cours de cette interview.<\/p>\n<p class=\"\">Cette histoire est \u00e9galement intimement li\u00e9e \u00e0 celle de Jean-Michel Aulas, qui \u00e9tait \u00e0 la t\u00eate du club de 1987 \u00e0 2023. Rien de surprenant donc de voir le Fran\u00e7ais soutenir l\u2019homme d\u2019affaires. Selon une \u00e9tude d\u2019opinion r\u00e9alis\u00e9e par Lyon Capitale, <a href=\"https:\/\/www.leparisien.fr\/elections\/municipales\/municipales-2026-a-lyon-jean-michel-aulas-donne-tres-largement-vainqueur-face-a-gregory-doucet-dans-un-nouveau-sondage-21-11-2025-OFY6RQQNZ5FABJJTYSQ2ES7ETU.php\" target=\"_blank\" rel=\"noreferrer noopener\">celui-ci serait donn\u00e9 largement vainqueur face \u00e0 Gr\u00e9gory Doucet<\/a>. Il b\u00e9n\u00e9ficierait de 47 % d\u2019intentions de vote au premier tour et 61 % au second face au maire sortant.<\/p>\n","protected":false},"excerpt":{"rendered":"Jean-Michel Aulas peut compter sur un soutien de poids dans sa course \u00e0 la Mairie de Lyon. Candidat&hellip;\n","protected":false},"author":2,"featured_media":593622,"comment_status":"","ping_status":"","sticky":false,"template":"","format":"standard","meta":{"footnotes":""},"categories":[1889],"tags":[1111,11,2430,1777,674,63,1011,27,2428,12,316,25,60],"class_list":{"0":"post-593621","1":"post","2":"type-post","3":"status-publish","4":"format-standard","5":"has-post-thumbnail","7":"category-lyon","8":"tag-actu","9":"tag-actualites","10":"tag-auvergne-rhone-alpes","11":"tag-eu","12":"tag-europe","13":"tag-football","14":"tag-fr","15":"tag-france","16":"tag-lyon","17":"tag-news","18":"tag-politique","19":"tag-republique-francaise","20":"tag-sports"},"share_on_mastodon":{"url":"https:\/\/pubeurope.com\/@fr\/115703045354715775","error":""},"_links":{"self":[{"href":"https:\/\/www.europesays.com\/fr\/wp-json\/wp\/v2\/posts\/593621","targetHints":{"allow":["GET"]}}],"collection":[{"href":"https:\/\/www.europesays.com\/fr\/wp-json\/wp\/v2\/posts"}],"about":[{"href":"https:\/\/www.europesays.com\/fr\/wp-json\/wp\/v2\/types\/post"}],"author":[{"embeddable":true,"href":"https:\/\/www.europesays.com\/fr\/wp-json\/wp\/v2\/users\/2"}],"replies":[{"embeddable":true,"href":"https:\/\/www.europesays.com\/fr\/wp-json\/wp\/v2\/comments?post=593621"}],"version-history":[{"count":0,"href":"https:\/\/www.europesays.com\/fr\/wp-json\/wp\/v2\/posts\/593621\/revisions"}],"wp:featuredmedia":[{"embeddable":true,"href":"https:\/\/www.europesays.com\/fr\/wp-json\/wp\/v2\/media\/593622"}],"wp:attachment":[{"href":"https:\/\/www.europesays.com\/fr\/wp-json\/wp\/v2\/media?parent=593621"}],"wp:term":[{"taxonomy":"category","embeddable":true,"href":"https:\/\/www.europesays.com\/fr\/wp-json\/wp\/v2\/categories?post=593621"},{"taxonomy":"post_tag","embeddable":true,"href":"https:\/\/www.europesays.com\/fr\/wp-json\/wp\/v2\/tags?post=593621"}],"curies":[{"name":"wp","href":"https:\/\/api.w.org\/{rel}","templated":true}]}}