{"id":593627,"date":"2025-12-11T21:28:14","date_gmt":"2025-12-11T21:28:14","guid":{"rendered":"https:\/\/www.europesays.com\/fr\/593627\/"},"modified":"2025-12-11T21:28:14","modified_gmt":"2025-12-11T21:28:14","slug":"90-createurs-afro-caribeens-reunis-pour-les-fetes","status":"publish","type":"post","link":"https:\/\/www.europesays.com\/fr\/593627\/","title":{"rendered":"90 cr\u00e9ateurs afro-carib\u00e9ens r\u00e9unis pour les f\u00eates"},"content":{"rendered":"<p>\u00c0 l\u2019approche des f\u00eates, le <strong>March\u00e9 Afro-Carib\u00e9en, \u00c9dition Sp\u00e9ciale F\u00eates<\/strong> s\u2019installe au 5 rue Saint-Merri, \u00e0 deux pas d\u2019<strong>H\u00f4tel de Ville<\/strong>. Pendant deux jours, de 11h \u00e0 19h, le lieu se transforme en v\u00e9ritable escale culturelle, m\u00ealant d\u00e9couvertes artisanales, rencontres et inspirations pour un No\u00ebl original et chaleureux.<\/p>\n<blockquote class=\"instagram-media\" style=\"background: #FFF; border: 0; border-radius: 3px; box-shadow: 0 0 1px 0 rgba(0,0,0,0.5),0 1px 10px 0 rgba(0,0,0,0.15); margin: 1px; max-width: 540px; min-width: 326px; padding: 0; width: calc(100% - 2px);\" data-instgrm-captioned=\"\" data-instgrm-permalink=\"https:\/\/www.instagram.com\/reel\/DRQHLTKis98\/?utm_source=ig_embed&amp;utm_campaign=loading\" data-instgrm-version=\"14\"><p>&#13;<br \/>\n&#13;\n<\/p><\/blockquote>\n<p>Plus de 90 exposants pour un No\u00ebl pas comme les autres<\/p>\n<p>Mode, beaut\u00e9, bien-\u00eatre, gastronomie, d\u00e9coration, art, \u00e9dition\u2026 Cette \u00e9dition r\u00e9unit plus de 90 cr\u00e9ateurs et artisans venus de toute la France.<br \/>Leur objectif : proposer des id\u00e9es cadeaux authentiques, qu\u2019ils s\u2019agissent de pi\u00e8ces uniques, de produits faits main ou de saveurs venues des cultures afro-carib\u00e9ennes. Une mani\u00e8re id\u00e9ale de soutenir des talents engag\u00e9s tout en trouvant des cadeaux qui sortent de l\u2019ordinaire.<\/p>\n<p>Un programme riche en animations pour toute la famille<\/p>\n<p>Pour marquer cette \u00e9dition de fin d\u2019ann\u00e9e, le march\u00e9 proposera :<\/p>\n<ul>&#13;<\/p>\n<li>Un d\u00e9fil\u00e9 exclusif pr\u00e9sentant les tenues des exposants<\/li>\n<p>&#13;<\/p>\n<li>Des animations culturelles et initiations artistique<\/li>\n<p>&#13;<\/p>\n<li>Des d\u00e9gustations et d\u00e9couvertes culinaires<\/li>\n<p>&#13;<\/p>\n<li>Des id\u00e9es cadeaux originales pens\u00e9es pour No\u00ebl<\/li>\n<p>&#13;\n<\/ul>\n<p>Le tout dans une ambiance conviviale et festive, fid\u00e8le \u00e0 l\u2019esprit des cultures afro-carib\u00e9ennes.<\/p>\n<p>Billets coupe-file : une exp\u00e9rience fluide et agr\u00e9able<\/p>\n<p>Les organisateurs recommandent de r\u00e9server son billet en avance, notamment les coupe-file dont le nombre est limit\u00e9. L\u2019objectif : garantir un parcours de visite fluide, sans attente excessive, pour profiter pleinement des animations et des stands.<\/p>\n<p><a href=\"https:\/\/marcheafrocaribeen.com\/\" target=\"_blank\" rel=\"noopener\">\u00e0 retrouver ici !<\/a><\/p>\n<p>\t\t\t\t\t\t<script async src=\"\/\/www.instagram.com\/embed.js\"><\/script><\/p>\n","protected":false},"excerpt":{"rendered":"\u00c0 l\u2019approche des f\u00eates, le March\u00e9 Afro-Carib\u00e9en, \u00c9dition Sp\u00e9ciale F\u00eates s\u2019installe au 5 rue Saint-Merri, \u00e0 deux pas&hellip;\n","protected":false},"author":2,"featured_media":593628,"comment_status":"","ping_status":"","sticky":false,"template":"","format":"standard","meta":{"footnotes":""},"categories":[1888],"tags":[1111,1928,11,1927,1777,674,1011,27,12,1926,626,1925,25],"class_list":{"0":"post-593627","1":"post","2":"type-post","3":"status-publish","4":"format-standard","5":"has-post-thumbnail","7":"category-paris","8":"tag-actu","9":"tag-actu-paris","10":"tag-actualites","11":"tag-actualites-paris","12":"tag-eu","13":"tag-europe","14":"tag-fr","15":"tag-france","16":"tag-news","17":"tag-news-paris","18":"tag-paris","19":"tag-paris-news","20":"tag-republique-francaise"},"share_on_mastodon":{"url":"https:\/\/pubeurope.com\/@fr\/115703061213410338","error":""},"_links":{"self":[{"href":"https:\/\/www.europesays.com\/fr\/wp-json\/wp\/v2\/posts\/593627","targetHints":{"allow":["GET"]}}],"collection":[{"href":"https:\/\/www.europesays.com\/fr\/wp-json\/wp\/v2\/posts"}],"about":[{"href":"https:\/\/www.europesays.com\/fr\/wp-json\/wp\/v2\/types\/post"}],"author":[{"embeddable":true,"href":"https:\/\/www.europesays.com\/fr\/wp-json\/wp\/v2\/users\/2"}],"replies":[{"embeddable":true,"href":"https:\/\/www.europesays.com\/fr\/wp-json\/wp\/v2\/comments?post=593627"}],"version-history":[{"count":0,"href":"https:\/\/www.europesays.com\/fr\/wp-json\/wp\/v2\/posts\/593627\/revisions"}],"wp:featuredmedia":[{"embeddable":true,"href":"https:\/\/www.europesays.com\/fr\/wp-json\/wp\/v2\/media\/593628"}],"wp:attachment":[{"href":"https:\/\/www.europesays.com\/fr\/wp-json\/wp\/v2\/media?parent=593627"}],"wp:term":[{"taxonomy":"category","embeddable":true,"href":"https:\/\/www.europesays.com\/fr\/wp-json\/wp\/v2\/categories?post=593627"},{"taxonomy":"post_tag","embeddable":true,"href":"https:\/\/www.europesays.com\/fr\/wp-json\/wp\/v2\/tags?post=593627"}],"curies":[{"name":"wp","href":"https:\/\/api.w.org\/{rel}","templated":true}]}}