{"id":593629,"date":"2025-12-11T21:29:12","date_gmt":"2025-12-11T21:29:12","guid":{"rendered":"https:\/\/www.europesays.com\/fr\/593629\/"},"modified":"2025-12-11T21:29:12","modified_gmt":"2025-12-11T21:29:12","slug":"la-presidence-appelle-la-police-pour-casser-la-mobilisation-en-soutien-aux-etudiants-etrangers","status":"publish","type":"post","link":"https:\/\/www.europesays.com\/fr\/593629\/","title":{"rendered":"la pr\u00e9sidence appelle la police pour casser la mobilisation en soutien aux \u00e9tudiants \u00e9trangers"},"content":{"rendered":"<p>Aujourd\u2019hui, un Conseil d\u2019Administration (CA) devait se tenir au Panth\u00e9on pour ent\u00e9riner les budgets \u00e0 11 millions de d\u00e9ficit pour 2026, et surtout les hausses de frais d\u2019inscription pour les \u00e9tudiant\u00b7es \u00e9tranger\u00b7es. Dans la continuit\u00e9 de la mobilisation qui s\u2019organise depuis maintenant trois semaines, plusieurs centaines d\u2019\u00e9tudiant\u00b7es, de personnel\u00b7les et d\u2019enseignant\u00b7es se sont r\u00e9uni\u00b7es devant le CA et l\u2019ont emp\u00each\u00e9 de se tenir. Pour faire passer ses mesures co\u00fbte que co\u00fbte, la pr\u00e9sidence a pass\u00e9 un cap dans la r\u00e9pression de la mobilisation.<\/p>\n<p>Apr\u00e8s que le CA ait \u00e9t\u00e9 annul\u00e9, alors que les \u00e9tudiant\u00b7es et personnels mobilis\u00e9\u00b7es \u00e9taient rassembl\u00e9s en assembl\u00e9e g\u00e9n\u00e9rale pour discuter de la suite, la pr\u00e9sidence a fait intervenir des policiers \u00e0 l\u2019int\u00e9rieur du Panth\u00e9on pour intimider et filmer les participants. Au total, ce sont des dizaines de policiers et de fourgons qui ont \u00e9t\u00e9 d\u00e9ploy\u00e9s.<\/p>\n<p>Une \u00e9tudiante t\u00e9moigne aupr\u00e8s du Poing Lev\u00e9\u00a0: \u00ab\u00a0On comprenait pas trop ce qu\u2019il se passait, du coup par peur on a pr\u00e9f\u00e9r\u00e9 quitter le centre, en prot\u00e9geant les \u00e9tudiant\u00b7s \u00e9trange\u2022\u00e8res. En sortant, on s\u2019est fait contr\u00f4ler par la police. Ils \u00e9taient une trentaine autour de l\u2019entr\u00e9e, \u00e0 v\u00e9rifier qu\u2019on avait bien nos cartes \u00e9tudiantes. C\u2019\u00e9tait lunaire\u00a0\u00bb.<\/p>\n<p>Nous d\u00e9non\u00e7ons la r\u00e9pression polici\u00e8re qui s\u2019abat sur les \u00e9tudiant\u00b7es mobilis\u00e9\u00b7es sur ordre de la pr\u00e9sidence. D\u2019autant plus que celle-ci intervient dans un contexte de r\u00e9pression de l\u2019activit\u00e9 politique et syndicale, \u00e0 l\u2019image d\u2019une r\u00e9union du Poing Lev\u00e9 avec des collectifs sans-papiers que la pr\u00e9sidence a tent\u00e9 de censurer. <a href=\"https:\/\/www.instagram.com\/reel\/DSGEM7UDCks\/?igsh=cDUxdDhseWJocGZq\" class=\"spip_out\" rel=\"noopener noreferrer external\" target=\"_blank\">Elle a par ailleurs \u00e9t\u00e9 condamn\u00e9e par le tribunal administratif<\/a> \u00e0 d\u00e9dommager le Poing Lev\u00e9, et la r\u00e9union a pu se tenir hier soir.<\/p>\n<p>La police \u00e9tait d\u00e9j\u00e0 intervenue \u00e0 Paris 1 pour d\u00e9gager les \u00e9tudiant\u00b7es qui occupaient un amphith\u00e9\u00e2tre en soutien \u00e0 la Palestine l\u2019ann\u00e9e derni\u00e8re. Au-del\u00e0 de cette fac, la r\u00e9pression polici\u00e8re dans les universit\u00e9s est un outil central pour r\u00e9primer les \u00e9tudiant\u00b7es et les emp\u00eacher de se mobiliser.<\/p>\n<p>En ce sens, nous appelons l\u2019ensemble des organisations des \u00e9tudiant\u00b7es et du personnel de l\u2019universit\u00e9 Paris 1, \u00e0 signer le communiqu\u00e9 unitaire contre la r\u00e9pression. Ni la police ni la pr\u00e9sidence ne nous emp\u00eacherons de nous mobiliser, la lutte contre ses projets de s\u00e9lection et de pr\u00e9f\u00e9rence nationale \u00e0 l\u2019universit\u00e9 continue\u00a0!<\/p>\n<p><script async src=\"\/\/www.instagram.com\/embed.js\"><\/script><\/p>\n","protected":false},"excerpt":{"rendered":"Aujourd\u2019hui, un Conseil d\u2019Administration (CA) devait se tenir au Panth\u00e9on pour ent\u00e9riner les budgets \u00e0 11 millions de&hellip;\n","protected":false},"author":2,"featured_media":593630,"comment_status":"","ping_status":"","sticky":false,"template":"","format":"standard","meta":{"footnotes":""},"categories":[1888],"tags":[11,1777,674,1011,27,12,626,25],"class_list":{"0":"post-593629","1":"post","2":"type-post","3":"status-publish","4":"format-standard","5":"has-post-thumbnail","7":"category-paris","8":"tag-actualites","9":"tag-eu","10":"tag-europe","11":"tag-fr","12":"tag-france","13":"tag-news","14":"tag-paris","15":"tag-republique-francaise"},"share_on_mastodon":{"url":"https:\/\/pubeurope.com\/@fr\/115703065370932325","error":""},"_links":{"self":[{"href":"https:\/\/www.europesays.com\/fr\/wp-json\/wp\/v2\/posts\/593629","targetHints":{"allow":["GET"]}}],"collection":[{"href":"https:\/\/www.europesays.com\/fr\/wp-json\/wp\/v2\/posts"}],"about":[{"href":"https:\/\/www.europesays.com\/fr\/wp-json\/wp\/v2\/types\/post"}],"author":[{"embeddable":true,"href":"https:\/\/www.europesays.com\/fr\/wp-json\/wp\/v2\/users\/2"}],"replies":[{"embeddable":true,"href":"https:\/\/www.europesays.com\/fr\/wp-json\/wp\/v2\/comments?post=593629"}],"version-history":[{"count":0,"href":"https:\/\/www.europesays.com\/fr\/wp-json\/wp\/v2\/posts\/593629\/revisions"}],"wp:featuredmedia":[{"embeddable":true,"href":"https:\/\/www.europesays.com\/fr\/wp-json\/wp\/v2\/media\/593630"}],"wp:attachment":[{"href":"https:\/\/www.europesays.com\/fr\/wp-json\/wp\/v2\/media?parent=593629"}],"wp:term":[{"taxonomy":"category","embeddable":true,"href":"https:\/\/www.europesays.com\/fr\/wp-json\/wp\/v2\/categories?post=593629"},{"taxonomy":"post_tag","embeddable":true,"href":"https:\/\/www.europesays.com\/fr\/wp-json\/wp\/v2\/tags?post=593629"}],"curies":[{"name":"wp","href":"https:\/\/api.w.org\/{rel}","templated":true}]}}