{"id":593631,"date":"2025-12-11T21:30:17","date_gmt":"2025-12-11T21:30:17","guid":{"rendered":"https:\/\/www.europesays.com\/fr\/593631\/"},"modified":"2025-12-11T21:30:17","modified_gmt":"2025-12-11T21:30:17","slug":"entre-avancees-et-promesses-non-tenues","status":"publish","type":"post","link":"https:\/\/www.europesays.com\/fr\/593631\/","title":{"rendered":"Entre avanc\u00e9es et promesses non tenues"},"content":{"rendered":"<p>AA \/ Ankara \/ Seyma Yigit et Selcuk Uysal<\/p>\n<p>Dix ans apr\u00e8s l&rsquo;adoption historique de l&rsquo;Accord de Paris, le monde est encore loin du compte pour atteindre ses objectifs climatiques de 2030. <\/p>\n<p>L&rsquo;ann\u00e9e 2025 aura \u00e9t\u00e9 marqu\u00e9e par la d\u00e9cision des \u00c9tats-Unis, pollueur historique majeur, de se retirer une nouvelle fois du trait\u00e9.<\/p>\n<p>Sign\u00e9 par 195 pays le 12 d\u00e9cembre 2015 et entr\u00e9 en vigueur en 2016, l&rsquo;accord visait principalement \u00e0 limiter le r\u00e9chauffement climatique bien en dessous de 2 degr\u00e9s Celsius, \u00e0 poursuivre les efforts pour le limiter \u00e0 1,5 degr\u00e9 par rapport aux niveaux pr\u00e9industriels, et \u00e0 atteindre la neutralit\u00e9 carbone mondiale d&rsquo;ici la seconde moiti\u00e9 du si\u00e8cle.<\/p>\n<p>Si l&rsquo;Iran, la Libye, le Y\u00e9men et l&rsquo;\u00c9rythr\u00e9e avaient initialement refus\u00e9 d&rsquo;y adh\u00e9rer, les \u00c9tats-Unis sont d\u00e9sormais, avec cette r\u00e9cente d\u00e9cision, le seul pays \u00e0 s&rsquo;\u00eatre formellement retir\u00e9 du pacte.<\/p>\n<p>L&rsquo;accord a r\u00e9ussi \u00e0 placer le changement climatique au c\u0153ur des priorit\u00e9s politiques mondiales, incitant davantage de pays \u00e0 mettre en \u0153uvre des politiques de r\u00e9duction des \u00e9missions et renfor\u00e7ant la coop\u00e9ration internationale.<\/p>\n<p>Toutefois, les Contributions d\u00e9termin\u00e9es au niveau national (CDN) demeurent trop faibles pour satisfaire aux objectifs de temp\u00e9rature. Les obstacles majeurs, incertitude politique, d\u00e9pendance persistante aux \u00e9nergies fossiles, financement insuffisant et craintes d&rsquo;impacts \u00e9conomiques n\u00e9gatifs, restent inchang\u00e9s.<\/p>\n<p>Dans son \u00ab Rapport 2024 sur l&rsquo;\u00e9cart entre les besoins et les perspectives en mati\u00e8re de r\u00e9duction des \u00e9missions \u00bb, publi\u00e9 avant la COP29, le Programme des Nations Unies pour l&rsquo;environnement (PNUE) a lanc\u00e9 un avertissement clair. <\/p>\n<p>Selon le rapport, les pays doivent s&rsquo;engager \u00e0 r\u00e9duire leurs \u00e9missions annuelles de gaz \u00e0 effet de serre de 42 % d&rsquo;ici 2030 et de 57 % d&rsquo;ici 2035. Sans cela, l&rsquo;objectif de 1,5 \u00b0C sera hors de port\u00e9e d&rsquo;ici quelques ann\u00e9es.<\/p>\n<p>&#8211; Nouveau retrait am\u00e9ricain<\/p>\n<p>\u00c0 cinq ans de l&rsquo;\u00e9ch\u00e9ance de 2030, les \u00e9missions mondiales de carbone ont atteint de nouveaux records en 2023 et 2024. Selon le Global Carbon Project, les \u00e9missions de CO2 li\u00e9es aux \u00e9nergies fossiles ont grimp\u00e9 \u00e0 37,4 milliards de tonnes en 2024 (+0,8 %), port\u00e9es par une d\u00e9pendance continue au charbon, au p\u00e9trole et au gaz.<\/p>\n<p>Le retour de Donald Trump \u00e0 la Maison Blanche a exacerb\u00e9 les inqui\u00e9tudes mondiales. Le 20 janvier 2025, jour de son investiture, le pr\u00e9sident am\u00e9ricain a annonc\u00e9 que les \u00c9tats-Unis quitteraient \u00e0 nouveau l&rsquo;Accord de Paris, annulant la r\u00e9int\u00e9gration d\u00e9cid\u00e9e par l&rsquo;administration Biden en 2021.<\/p>\n<p>M. Trump a \u00e9galement d\u00e9clar\u00e9 une \u00ab urgence \u00e9nerg\u00e9tique nationale \u00bb pour acc\u00e9l\u00e9rer la production nationale d&rsquo;\u00e9nergies fossiles et a sign\u00e9 un d\u00e9cret r\u00e9tablissant l&rsquo;usage des pailles en plastique, arguant que celles en papier contiennent des produits chimiques nocifs.<\/p>\n<p>Son administration a imm\u00e9diatement suspendu toute aide \u00e9trang\u00e8re li\u00e9e au climat via l&rsquo;Agence des \u00c9tats-Unis pour le d\u00e9veloppement international (USAID) et impos\u00e9 des coupes budg\u00e9taires s\u00e9v\u00e8res aux institutions scientifiques am\u00e9ricaines travaillant sur le climat. Ces mesures sont largement consid\u00e9r\u00e9es comme un revers majeur pour la coop\u00e9ration mondiale.<\/p>\n<p>&#8211; Industrialisation verte et COP30<\/p>\n<p>Le r\u00f4le de l&rsquo;industrie a \u00e9t\u00e9 soulign\u00e9 lors de la COP30 \u00e0 Bel\u00e9m (Br\u00e9sil) en novembre 2025, o\u00f9 l&rsquo;\u00ab industrialisation verte \u00bb fut un th\u00e8me central. Trente-cinq pays ont sign\u00e9 la D\u00e9claration de Bel\u00e9m, cadre strat\u00e9gique pour d\u00e9carboner l&rsquo;industrie lourde et acc\u00e9l\u00e9rer l&rsquo;innovation technologique tout en cr\u00e9ant des emplois.<\/p>\n<p>S&rsquo;appuyant sur la COP29 de Bakou (2024), o\u00f9 un objectif de financement climatique d&rsquo;au moins 300 milliards de dollars par an d&rsquo;ici 2035 avait \u00e9t\u00e9 fix\u00e9, la COP30 a avanc\u00e9 sur une feuille de route visant \u00e0 porter ce montant \u00e0 1 300 milliards de dollars par an.<\/p>\n<p>Malgr\u00e9 l&rsquo;absence notable des pr\u00e9sidents am\u00e9ricain Donald Trump et chinois Xi Jinping au sommet, la COP29 a permis, apr\u00e8s dix ans d&rsquo;attente, l&rsquo;op\u00e9rationnalisation des march\u00e9s carbone, ouvrant la voie aux \u00e9changes internationaux et aux investissements priv\u00e9s verts.<\/p>\n<p>&#8211; La T\u00fcrkiye, h\u00f4te de la COP31<\/p>\n<p>La 31e Conf\u00e9rence de l&rsquo;ONU sur les changements climatiques (COP31) se tiendra en T\u00fcrkiye en 2026. Le Sommet des dirigeants aura lieu \u00e0 Istanbul, tandis qu&rsquo;Antalya accueillera la conf\u00e9rence principale.<\/p>\n<p>Pr\u00e8s de 200 pays s&rsquo;y r\u00e9uniront pour d\u00e9finir la prochaine phase de mise en \u0153uvre de l&rsquo;Accord de Paris, incluant la mise \u00e0 jour des objectifs de r\u00e9duction d&rsquo;\u00e9missions et les r\u00e8gles du march\u00e9 carbone. L&rsquo;accueil de cet \u00e9v\u00e9nement majeur renforcera consid\u00e9rablement le profil de la T\u00fcrkiye dans la diplomatie climatique mondiale.<\/p>\n<p>* Traduit de l&rsquo;anglais par Mariem Njeh<\/p>\n<p>                            &#13;<br \/>\n                                <a href=\"https:\/\/www.aa.com.tr\/fr\/p\/abonnement\/1001\" target=\"_blank\" style=\"font-size:12px; color:#444; text-decoration:none;\" rel=\"noopener\">&#13;<br \/>\n                                    Seulement une partie des d\u00e9p\u00eaches, que l&rsquo;Agence Anadolu diffuse \u00e0 ses abonn\u00e9s via le Syst\u00e8me de Diffusion interne (HAS), est diffus\u00e9e sur le site de l&rsquo;AA, de mani\u00e8re r\u00e9sum\u00e9e. <b style=\"color:#1897F7\">Contactez-nous s&rsquo;il vous pla\u00eet pour vous abonner.<\/b>&#13;<br \/>\n                                <\/a>&#13;<\/p>\n","protected":false},"excerpt":{"rendered":"AA \/ Ankara \/ Seyma Yigit et Selcuk Uysal Dix ans apr\u00e8s l&rsquo;adoption historique de l&rsquo;Accord de Paris,&hellip;\n","protected":false},"author":2,"featured_media":593632,"comment_status":"","ping_status":"","sticky":false,"template":"","format":"standard","meta":{"footnotes":""},"categories":[1888],"tags":[14686,11,1785,1777,674,1011,27,12,626,70646,25,70645],"class_list":{"0":"post-593631","1":"post","2":"type-post","3":"status-publish","4":"format-standard","5":"has-post-thumbnail","7":"category-paris","8":"tag-accord-de-paris","9":"tag-actualites","10":"tag-anadolu-ajansi","11":"tag-eu","12":"tag-europe","13":"tag-fr","14":"tag-france","15":"tag-news","16":"tag-paris","17":"tag-programme-des-nations-unies-pour-lenvironnement-pnue","18":"tag-republique-francaise","19":"tag-vision-2030"},"share_on_mastodon":{"url":"https:\/\/pubeurope.com\/@fr\/115703068983437306","error":""},"_links":{"self":[{"href":"https:\/\/www.europesays.com\/fr\/wp-json\/wp\/v2\/posts\/593631","targetHints":{"allow":["GET"]}}],"collection":[{"href":"https:\/\/www.europesays.com\/fr\/wp-json\/wp\/v2\/posts"}],"about":[{"href":"https:\/\/www.europesays.com\/fr\/wp-json\/wp\/v2\/types\/post"}],"author":[{"embeddable":true,"href":"https:\/\/www.europesays.com\/fr\/wp-json\/wp\/v2\/users\/2"}],"replies":[{"embeddable":true,"href":"https:\/\/www.europesays.com\/fr\/wp-json\/wp\/v2\/comments?post=593631"}],"version-history":[{"count":0,"href":"https:\/\/www.europesays.com\/fr\/wp-json\/wp\/v2\/posts\/593631\/revisions"}],"wp:featuredmedia":[{"embeddable":true,"href":"https:\/\/www.europesays.com\/fr\/wp-json\/wp\/v2\/media\/593632"}],"wp:attachment":[{"href":"https:\/\/www.europesays.com\/fr\/wp-json\/wp\/v2\/media?parent=593631"}],"wp:term":[{"taxonomy":"category","embeddable":true,"href":"https:\/\/www.europesays.com\/fr\/wp-json\/wp\/v2\/categories?post=593631"},{"taxonomy":"post_tag","embeddable":true,"href":"https:\/\/www.europesays.com\/fr\/wp-json\/wp\/v2\/tags?post=593631"}],"curies":[{"name":"wp","href":"https:\/\/api.w.org\/{rel}","templated":true}]}}