{"id":593635,"date":"2025-12-11T21:33:22","date_gmt":"2025-12-11T21:33:22","guid":{"rendered":"https:\/\/www.europesays.com\/fr\/593635\/"},"modified":"2025-12-11T21:33:22","modified_gmt":"2025-12-11T21:33:22","slug":"en-ukraine-cette-proposition-majeure-demandee-par-washington-en-passe-detre-approuvee-par-kiev","status":"publish","type":"post","link":"https:\/\/www.europesays.com\/fr\/593635\/","title":{"rendered":"En Ukraine, cette proposition majeure demand\u00e9e par Washington en passe d\u2019\u00eatre approuv\u00e9e par Kiev"},"content":{"rendered":"<p>        <img decoding=\"async\" loading=\"lazy\" src=\"https:\/\/www.europesays.com\/fr\/wp-content\/uploads\/2025\/12\/ba24dc9_sirius-fs-upload-1-4vea9p1pbmod-1739474035692-000-36xr632.jpg\"  width=\"728\" height=\"409\" alt=\"Volodymyr Zelensky a d\u00e9clar\u00e9 que Washington continuait de demander d\u2019importantes concessions \u00e0 l\u2019Ukraine dans les n\u00e9gociations pour mettre fin \u00e0 la guerre.\"\/>  <\/p>\n<p>HANDOUT \/ AFP<\/p>\n<p>Volodymyr Zelensky a d\u00e9clar\u00e9 que Washington continuait de demander d\u2019importantes concessions \u00e0 l\u2019Ukraine dans les n\u00e9gociations pour mettre fin \u00e0 la guerre.<\/p>\n<p class=\"asset asset-text\">Vers un tournant majeur\u00a0? Alors que l\u2019administration de Donald Trump a propos\u00e9 il y a pr\u00e8s de trois semaines <a href=\"https:\/\/www.huffingtonpost.fr\/international\/article\/zelensky-remet-un-plan-de-paix-a-trump-qui-ne-veut-plus-perdre-de-temps-sur-l-ukraine_258102.html\" target=\"_blank\" rel=\"noopener\">un plan visant \u00e0 mettre un terme \u00e0 la guerre en Ukraine<\/a>, le pr\u00e9sident ukrainien a donn\u00e9 de plus amples d\u00e9tails sur les derni\u00e8res avanc\u00e9es dans les n\u00e9gociations. Et l\u2019Ukraine semble d\u00e9sormais pr\u00eate \u00e0 une concession capitale.<\/p>\n<p class=\"asset asset-text\"><a href=\"https:\/\/www.huffingtonpost.fr\/international\/article\/la-demission-d-andrii-iermak-tombe-extremement-mal-pour-zelensky-et-pas-que-pour-les-negociations-de-paix_257676.html\" target=\"_blank\" rel=\"noopener\">Volodymyr Zelensky<\/a> a assur\u00e9 aux journalistes, dont ceux de l\u2019AFP, ce jeudi 11\u00a0d\u00e9cembre que les \u00c9tats-Unis continuaient de demander d\u2019importantes concessions de la part de Kiev dans les n\u00e9gociations pour mettre fin \u00e0 la guerre avec la Russie. Y compris le retrait de ses troupes du Donbass. Pas de quoi ravir le pr\u00e9sident ukrainien, qui a toujours refus\u00e9 de c\u00e9der une partie de son territoire \u00e0 l\u2019agresseur russe.<\/p>\n<p class=\"asset asset-text\">Selon le chef d\u2019\u00c9tat <a href=\"https:\/\/www.huffingtonpost.fr\/international\/video\/cet-ukrainien-de-11-ans-qui-a-survecu-a-une-frappe-russe-a-emu-jusqu-a-l-interprete-au-parlement-europeen_258127.html\" target=\"_blank\" rel=\"noopener\">en guerre depuis bient\u00f4t quatre ans<\/a>, les deux questions essentielles restant \u00e0 n\u00e9gocier sont donc le contr\u00f4le de la r\u00e9gion orientale de Donetsk, o\u00f9 se d\u00e9roule l\u2019essentiel des combats, et le statut de la centrale nucl\u00e9aire de Zaporijjia, occup\u00e9e par Moscou dans le sud de l\u2019Ukraine.<\/p>\n<p class=\"asset asset-text\">D\u2019apr\u00e8s Volodymyr Zelensky, Washington \u00ab\u00a0voit les forces ukrainiennes se retirer\u00a0\u00bb de la partie de la r\u00e9gion de Donetsk qu\u2019elles contr\u00f4lent encore et qui serait transform\u00e9e en \u00ab\u00a0zone \u00e9conomique libre\u00a0\u00bb ou \u00ab\u00a0zone d\u00e9militaris\u00e9e\u00a0\u00bb. En \u00e9change, l\u2019arm\u00e9e russe se retirerait des zones sous son contr\u00f4le dans les r\u00e9gions de Soumy, Kharkiv et Dnipropetrovsk, mais se maintiendrait dans celles de Kherson et Zaporijjia. Pour rappel, les r\u00e9gions de Donetsk, contr\u00f4l\u00e9es \u00e0 plus de 80\u00a0% par la Russie, et celle voisine de Lougansk, presque totalement sous son contr\u00f4le, sont l\u2019objectif prioritaire du Kremlin en Ukraine.<\/p>\n<p class=\"asset asset-text\">\u00ab\u00a0Si les troupes d\u2019un camp doivent se retirer et que celles de l\u2019autre camp restent o\u00f9 elles sont, qu\u2019est-ce qui emp\u00eachera ces autres troupes, les Russes, d\u2019avancer\u00a0? Ou qu\u2019est-ce qui les emp\u00eachera de se d\u00e9guiser en civils et de prendre le contr\u00f4le de cette zone \u00e9conomique libre\u00a0? Tout cela est tr\u00e8s grave\u00a0\u00bb, a d\u2019abord avanc\u00e9 Volodymyr Zelensky. \u00ab\u00a0Qui gouvernerait ce territoire, qu\u2019ils (les Am\u00e9ricains) appellent d\u00e9j\u00e0\u00a0zone \u00e9conomique libre\u00a0ou\u00a0zone d\u00e9militaris\u00e9e, ils l\u2019ignorent.\u00a0\u00bb<\/p>\n<p>    Concession sur le Donbass    <\/p>\n<p class=\"asset asset-text\">Malgr\u00e9 ces doutes, le n\u00e9gociateur ukrainien Mykha\u00eflo Podoliak\u00a0a confi\u00e9 au journal <a href=\"https:\/\/www.lemonde.fr\/international\/article\/2025\/12\/11\/l-ukraine-est-prete-a-accepter-une-zone-demilitarisee-dans-le-donbass_6656943_3210.html\" target=\"_blank\" rel=\"noopener\" title=\"Nouvelle fen\u00eatre\">Le Monde<\/a> que l\u2019Ukraine \u00e9tait toutefois pr\u00eate \u00e0 accepter une zone d\u00e9militaris\u00e9e dans le Donbass, l\u2019un des points majeurs des n\u00e9gociations men\u00e9es avec les \u00c9tats-Unis et la Russie. \u00ab\u00a0Une zone d\u00e9militaris\u00e9e devra exister de part et d\u2019autre de la ligne. Il faudra d\u00e9crire, de mani\u00e8re logique et juridique, si tous les types d\u2019armements doivent \u00eatre retir\u00e9s ou uniquement les armes lourdes\u00a0\u00bb, indique en ce sens le n\u00e9gociateur ukrainien. \u00ab\u00a0C\u2019est un format naturel de fin de conflit, sachant qu\u2019une partie du territoire restera malheureusement sous occupation de facto de la Russie et qu\u2019une ligne de s\u00e9paration sera fix\u00e9e de toute fa\u00e7on.\u00a0\u00bb<\/p>\n<p class=\"asset asset-text\">\u00ab\u00a0Pour pr\u00e9venir d\u2019\u00e9ventuelles violations, des repr\u00e9sentants de missions de surveillance et un contingent \u00e9tranger devront \u00eatre pr\u00e9sents afin de veiller au respect des principes et des accords\u00a0\u00bb, ajoute-t-il, estimant qu\u2019il faudra \u00ab\u00a0d\u00e9finir clairement et pr\u00e9cis\u00e9ment quels volumes et quelles missions seront confi\u00e9s aux tiers\u00a0\u00bb.<\/p>\n<p class=\"asset asset-text\">Il signale aussi que Kiev souhaiterait \u00ab\u00a0id\u00e9alement\u00a0\u00bb que les \u00c9tats-Unis participent \u00e0 cette force de supervision afin d\u2019assurer la \u00ab\u00a0surveillance, le renseignement, le contr\u00f4le de l\u2019application des accords, le contr\u00f4le de l\u2019absence de mouvements non autoris\u00e9s de troupes, le contr\u00f4le du respect de la ligne de s\u00e9paration\u00a0\u00bb.<\/p>\n<p>    \u00ab\u00a0Discussion constructive et approfondie\u00a0\u00bb    <\/p>\n<p class=\"asset asset-text\">Le dirigeant ukrainien \u00e0 part ailleurs assur\u00e9 que dans tous les cas, une \u00ab\u00a0\u00e9lection\u00a0\u00bb ou un \u00ab\u00a0r\u00e9f\u00e9rendum\u00a0\u00bb sera n\u00e9cessaire en Ukraine pour trancher sur ces questions territoriales. Mardi, il s\u2019\u00e9tait m\u00eame dit pr\u00eat \u00e0 <a href=\"https:\/\/www.huffingtonpost.fr\/international\/article\/ukraine-zelensky-presse-par-trump-est-pret-pour-des-elections-mais-demande-l-aide-de-washington_258050.html\" target=\"_blank\" rel=\"noopener\">organiser une pr\u00e9sidentielle<\/a> si la s\u00e9curit\u00e9 du scrutin pouvait \u00eatre assur\u00e9e par les \u00c9tats-Unis, avec les Europ\u00e9ens.<\/p>\n<p class=\"asset asset-text\">Quant aux garanties de s\u00e9curit\u00e9 promises \u00e0 l\u2019Ukraine, Volodymyr Zelensky a indiqu\u00e9 avoir eu \u00ab\u00a0une discussion constructive et approfondie avec l\u2019\u00e9quipe am\u00e9ricaine\u00a0\u00bb \u00e0 ce sujet.<\/p>\n<p class=\"asset asset-text\">La veille de ces nouvelles annonces, il avait \u00e9t\u00e9 annonc\u00e9 que deux responsables ukrainiens avaient confirm\u00e9 \u00e0 l\u2019AFP que Kiev avait remis aux \u00c9tats-Unis sa version mise \u00e0 jour de ce plan, \u00e0 un moment o\u00f9 le pr\u00e9sident am\u00e9ricain redouble d\u2019impatience face \u00e0 Kiev et aux Europ\u00e9ens. Le pr\u00e9sident ukrainien a reconfirm\u00e9 ce jeudi que les \u00c9tats-Unis souhaitaient avant tout conclure un accord \u00ab\u00a0le plus t\u00f4t\u00a0\u00bb possible.<\/p>\n<p class=\"asset asset-text\">\u00c0 ce stade, la version du plan am\u00e9ricain r\u00e9vis\u00e9e par les Ukrainiens lors <a href=\"https:\/\/www.huffingtonpost.fr\/international\/article\/guerre-en-ukraine-ou-en-sont-les-negociations-de-paix-avant-la-rencontre-de-macron-et-zelensky-a-londres_257957.html\" target=\"_blank\" rel=\"noopener\">de n\u00e9gociations \u00e0 Gen\u00e8ve<\/a> et en Floride n\u2019a pas \u00e9t\u00e9 rendue publique. Un texte divis\u00e9 en quatre parties a \u00e9galement \u00e9t\u00e9 soumis au Kremlin lors d\u2019un voyage de l\u2019\u00e9missaire am\u00e9ricain Steve Witkoff \u00e0 Moscou la semaine derni\u00e8re.<\/p>\n","protected":false},"excerpt":{"rendered":"HANDOUT \/ AFP Volodymyr Zelensky a d\u00e9clar\u00e9 que Washington continuait de demander d\u2019importantes concessions \u00e0 l\u2019Ukraine dans les&hellip;\n","protected":false},"author":2,"featured_media":593636,"comment_status":"","ping_status":"","sticky":false,"template":"","format":"standard","meta":{"footnotes":""},"categories":[1590],"tags":[11,73,1777,674,131,14,12,220],"class_list":{"0":"post-593635","1":"post","2":"type-post","3":"status-publish","4":"format-standard","5":"has-post-thumbnail","7":"category-ukraine","8":"tag-actualites","9":"tag-etats-unis","10":"tag-eu","11":"tag-europe","12":"tag-guerre-en-ukraine","13":"tag-international","14":"tag-news","15":"tag-ukraine"},"share_on_mastodon":{"url":"https:\/\/pubeurope.com\/@fr\/115703081755489808","error":""},"_links":{"self":[{"href":"https:\/\/www.europesays.com\/fr\/wp-json\/wp\/v2\/posts\/593635","targetHints":{"allow":["GET"]}}],"collection":[{"href":"https:\/\/www.europesays.com\/fr\/wp-json\/wp\/v2\/posts"}],"about":[{"href":"https:\/\/www.europesays.com\/fr\/wp-json\/wp\/v2\/types\/post"}],"author":[{"embeddable":true,"href":"https:\/\/www.europesays.com\/fr\/wp-json\/wp\/v2\/users\/2"}],"replies":[{"embeddable":true,"href":"https:\/\/www.europesays.com\/fr\/wp-json\/wp\/v2\/comments?post=593635"}],"version-history":[{"count":0,"href":"https:\/\/www.europesays.com\/fr\/wp-json\/wp\/v2\/posts\/593635\/revisions"}],"wp:featuredmedia":[{"embeddable":true,"href":"https:\/\/www.europesays.com\/fr\/wp-json\/wp\/v2\/media\/593636"}],"wp:attachment":[{"href":"https:\/\/www.europesays.com\/fr\/wp-json\/wp\/v2\/media?parent=593635"}],"wp:term":[{"taxonomy":"category","embeddable":true,"href":"https:\/\/www.europesays.com\/fr\/wp-json\/wp\/v2\/categories?post=593635"},{"taxonomy":"post_tag","embeddable":true,"href":"https:\/\/www.europesays.com\/fr\/wp-json\/wp\/v2\/tags?post=593635"}],"curies":[{"name":"wp","href":"https:\/\/api.w.org\/{rel}","templated":true}]}}