{"id":593637,"date":"2025-12-11T21:34:15","date_gmt":"2025-12-11T21:34:15","guid":{"rendered":"https:\/\/www.europesays.com\/fr\/593637\/"},"modified":"2025-12-11T21:34:15","modified_gmt":"2025-12-11T21:34:15","slug":"dans-une-impasse-au-congres-lassurance-sante-pourrait-couter-deux-fois-plus-cher-aux-americains","status":"publish","type":"post","link":"https:\/\/www.europesays.com\/fr\/593637\/","title":{"rendered":"dans une impasse au Congr\u00e8s, l\u2019assurance sant\u00e9 pourrait co\u00fbter deux fois plus cher aux Am\u00e9ricains"},"content":{"rendered":"<p>\n    Le rejet au S\u00e9nat de deux projets de loi concurrents pour r\u00e9former l\u2019Obamacare risque de mettre fin \u00e0 d\u2019importantes aides publiques \u00e0 la fin du mois.<\/p>\n<p class=\"fig-paragraph\">Depuis sa cr\u00e9ation, il y a quinze ans, les R\u00e9publicains se sont d\u00e9men\u00e9s, sans succ\u00e8s, pour torpiller l\u2019Affordable Care Act (ACA), la r\u00e9forme de la sant\u00e9 lanc\u00e9e par Barack Obama. Mais jeudi, ils ont r\u00e9ussi \u00e0 lui porter un s\u00e9rieux coup. Le S\u00e9nat s\u2019est prononc\u00e9 sur deux projets de loi concurrents. Les d\u00e9mocrates demandaient une prolongation de trois ans des subventions publiques de l\u2019ACA instaur\u00e9es en 2021 par Joe Biden qui ont permis de baisser le co\u00fbt de l\u2019assurance pour des millions d\u2019Am\u00e9ricains. Les R\u00e9publicains ont propos\u00e9, eux, une alternative con\u00e7ue \u00e0 la va-vite visant \u00e0 laisser expirer ces subventions et \u00e0 les remplacer par des paiements directs aux particuliers sur des comptes d\u2019\u00e9pargne sant\u00e9. Aucun des deux projets n\u2019a recueilli le nombre de voix n\u00e9cessaires pour \u00eatre adopt\u00e9s. R\u00e9sultat, \u00e0 moins d\u2019un compromis de derni\u00e8re minute, ces aides publiques devraient expirer \u00e0 la fin du mois et entra\u00eener en moyenne une hausse de plus du double du tarif des cotisations maladie pour la tr\u00e8s\u2026<\/p>\n<p class=\"fig-premium-paywall__infos\">\n        Cet article est r\u00e9serv\u00e9 aux abonn\u00e9s.        Il vous reste 83% \u00e0 d\u00e9couvrir.\n    <\/p>\n<p>                <img  data- alt=\"Le Figaro\" class=\"fig-img--complete fig-img\"\/><\/p>\n<p class=\"fig-premium-paywall__title\">Vente Flash<\/p>\n<p class=\"fig-premium-paywall__subtitle\">-50% sur l&rsquo;abonnement num\u00e9rique<\/p>\n<p class=\"fig-premium-paywall__connect\">\n                D\u00e9j\u00e0 abonn\u00e9\u00a0?                <a class=\"fig-premium-paywall__connect-link\" href=\"https:\/\/connect.lefigaro.fr\/login?client=horizon_web&amp;type=main&amp;redirect_uri=https%3A%2F%2Fwww.lefigaro.fr%2Finternational%2Fetats-unis-impasse-au-congres-sur-la-question-de-l-assurance-sante-20251211\" data-js-gtm=\"{&quot;customCategorie&quot;: &quot;conversion&quot;, &quot;customAction&quot;: &quot;before_Landing_Connexion_paywall_auto&quot;, &quot;customLabel&quot;: &quot;bGVmaWdhcm8uZnJfXzFmMGQ2Y2RiLWFlOGYtNjMwNC05MDVjLTg3ZGMwNzU5N2Q2MF9fQXJ0aWNsZQ==_\u00c9tats-Unis\u00a0: dans une impasse au Congr\u00e8s, l\u2019assurance sant\u00e9 pourrait co\u00fbter deux fois plus cher aux Am\u00e9ricains_1000&quot;, &quot;customIDSPE&quot;: &quot;bGVmaWdhcm8uZnJfXzFmMGQ2Y2RiLWFlOGYtNjMwNC05MDVjLTg3ZGMwNzU5N2Q2MF9fQXJ0aWNsZQ==&quot;, &quot;event&quot;: &quot;customEventSPE&quot;}\" target=\"_blank\" rel=\"noopener\"><br \/>\n                    Connectez-vous<br \/>\n                <\/a>\n            <\/p>\n","protected":false},"excerpt":{"rendered":"Le rejet au S\u00e9nat de deux projets de loi concurrents pour r\u00e9former l\u2019Obamacare risque de mettre fin \u00e0&hellip;\n","protected":false},"author":2,"featured_media":593638,"comment_status":"","ping_status":"","sticky":false,"template":"","format":"standard","meta":{"footnotes":""},"categories":[1589],"tags":[11,70647,73,1866,12,56107,1864,1865,1863,308],"class_list":{"0":"post-593637","1":"post","2":"type-post","3":"status-publish","4":"format-standard","5":"has-post-thumbnail","7":"category-etats-unis","8":"tag-actualites","9":"tag-assurance-sante","10":"tag-etats-unis","11":"tag-etats-unis-damerique","12":"tag-news","13":"tag-obamacare","14":"tag-united-states","15":"tag-united-states-of-america","16":"tag-us","17":"tag-usa"},"share_on_mastodon":{"url":"https:\/\/pubeurope.com\/@fr\/115703084779342858","error":""},"_links":{"self":[{"href":"https:\/\/www.europesays.com\/fr\/wp-json\/wp\/v2\/posts\/593637","targetHints":{"allow":["GET"]}}],"collection":[{"href":"https:\/\/www.europesays.com\/fr\/wp-json\/wp\/v2\/posts"}],"about":[{"href":"https:\/\/www.europesays.com\/fr\/wp-json\/wp\/v2\/types\/post"}],"author":[{"embeddable":true,"href":"https:\/\/www.europesays.com\/fr\/wp-json\/wp\/v2\/users\/2"}],"replies":[{"embeddable":true,"href":"https:\/\/www.europesays.com\/fr\/wp-json\/wp\/v2\/comments?post=593637"}],"version-history":[{"count":0,"href":"https:\/\/www.europesays.com\/fr\/wp-json\/wp\/v2\/posts\/593637\/revisions"}],"wp:featuredmedia":[{"embeddable":true,"href":"https:\/\/www.europesays.com\/fr\/wp-json\/wp\/v2\/media\/593638"}],"wp:attachment":[{"href":"https:\/\/www.europesays.com\/fr\/wp-json\/wp\/v2\/media?parent=593637"}],"wp:term":[{"taxonomy":"category","embeddable":true,"href":"https:\/\/www.europesays.com\/fr\/wp-json\/wp\/v2\/categories?post=593637"},{"taxonomy":"post_tag","embeddable":true,"href":"https:\/\/www.europesays.com\/fr\/wp-json\/wp\/v2\/tags?post=593637"}],"curies":[{"name":"wp","href":"https:\/\/api.w.org\/{rel}","templated":true}]}}