{"id":593645,"date":"2025-12-11T21:38:13","date_gmt":"2025-12-11T21:38:13","guid":{"rendered":"https:\/\/www.europesays.com\/fr\/593645\/"},"modified":"2025-12-11T21:38:13","modified_gmt":"2025-12-11T21:38:13","slug":"aleksandar-vucic-affirme-avoir-recu-un-message-de-moscou-pour-lue","status":"publish","type":"post","link":"https:\/\/www.europesays.com\/fr\/593645\/","title":{"rendered":"Aleksandar Vu\u010di\u0107 affirme avoir re\u00e7u un message de Moscou pour l&rsquo;UE"},"content":{"rendered":"<p>\n  Par&amp;nbsp<b>Euronews<\/b>\n<\/p>\n<p>\n         Publi\u00e9 le<br \/>\n            11\/12\/2025 &#8211; 21:10 UTC+1\n            <\/p>\n<p>Le pr\u00e9sident serbe Aleksandar Vu\u010di\u0107 a surpris la pr\u00e9sidente de la Commission europ\u00e9enne, Ursula von der Leyen et le pr\u00e9sident du Conseil de l&rsquo;UE, Ant\u00f3nio Costa, en affirmant qu&rsquo;il avait re\u00e7u un \u00ab\u00a0message de Moscou\u00a0\u00bb. Cette annonce a \u00e9t\u00e9 captur\u00e9e par les micros de journalistes pr\u00e9sents sur place, au moment o\u00f9 les trois dirigeants posaient pour la photo de famille avant le d\u00e9but de leur r\u00e9union \u00e0 Bruxelles consacr\u00e9 \u00e0 l&rsquo;adh\u00e9sion de la Serbie de l&rsquo;Union europ\u00e9enne.<\/p>\n<p>L&rsquo;\u00e9change a \u00e9t\u00e9 brusquement interrompu par Mme von der Leyen, qui a sembl\u00e9 chuchoter : \u00ab\u00a0Attendons&#8230; attendons\u00a0\u00bb.<\/p>\n<p>Aucune information suppl\u00e9mentaire n&rsquo;a \u00e9t\u00e9 communiqu\u00e9e pour le moment. Le pr\u00e9sident serbe est l&rsquo;un des rares dirigeants europ\u00e9ens \u00e0 maintenir le contact avec le Kremlin, alors que l&rsquo;Union europ\u00e9enne a rompu ses liens diplomatiques avec la Russie d\u00e8s le d\u00e9but l&rsquo;invasion de l&rsquo;Ukraine en 2022.<\/p>\n<p>Ce mercredi, le pr\u00e9sident ukrainien Volodymyr Zelensky a d\u00e9clar\u00e9 qu&rsquo;il pr\u00e9senterait bient\u00f4t aux \u00c9tats-Unis des \u00ab\u00a0documents plus \u00e9labor\u00e9s\u00a0\u00bb sur une proposition visant \u00e0 mettre fin \u00e0 la guerre, avec la contribution des partenaires europ\u00e9ens de Kyiv.<\/p>\n<p>Le pr\u00e9sident am\u00e9ricain Donald Trump a quant \u00e0 lui sugg\u00e9r\u00e9 cette semaine qu&rsquo;il pourrait se rendre en Europe pour participer \u00e0 une r\u00e9union sur les n\u00e9gociations, mais seulement si celle-ci fait avancer le processus.<\/p>\n<p>\u00ab\u00a0Ils aimeraient que nous participions \u00e0 une r\u00e9union ce week-end en Europe, et nous prendrons une d\u00e9cision en fonction de ce qu&rsquo;ils proposeront. Nous ne voulons pas perdre de temps\u00a0\u00bb, a d\u00e9clar\u00e9 Donald Trump.<\/p>\n<p>Une r\u00e9union de la \u00ab\u00a0Coalition des volontaires\u00a0\u00bb, un groupe de plus de 30 pays dirig\u00e9 par la France et le Royaume-Uni, est pr\u00e9vue jeudi. Le cabinet du pr\u00e9sident fran\u00e7ais a d\u00e9clar\u00e9 qu&rsquo;il s&rsquo;agissait d&rsquo;un moment critique pour l&rsquo;Ukraine, son peuple et la s\u00e9curit\u00e9 de l&rsquo;Europe.<\/p>\n","protected":false},"excerpt":{"rendered":"Par&amp;nbspEuronews Publi\u00e9 le 11\/12\/2025 &#8211; 21:10 UTC+1 Le pr\u00e9sident serbe Aleksandar Vu\u010di\u0107 a surpris la pr\u00e9sidente de la&hellip;\n","protected":false},"author":2,"featured_media":593646,"comment_status":"","ping_status":"","sticky":false,"template":"","format":"standard","meta":{"footnotes":""},"categories":[1586],"tags":[11,6701,1777,674,1779,1011,27,131,12,25,1778,364,2544,135,134],"class_list":{"0":"post-593645","1":"post","2":"type-post","3":"status-publish","4":"format-standard","5":"has-post-thumbnail","7":"category-europe","8":"tag-actualites","9":"tag-aleksandar-vucic","10":"tag-eu","11":"tag-europe","12":"tag-european-union","13":"tag-fr","14":"tag-france","15":"tag-guerre-en-ukraine","16":"tag-news","17":"tag-republique-francaise","18":"tag-ue","19":"tag-union-europeenne","20":"tag-ursula-von-der-leyen","21":"tag-vladimir-poutine","22":"tag-volodymyr-zelensky"},"share_on_mastodon":{"url":"","error":""},"_links":{"self":[{"href":"https:\/\/www.europesays.com\/fr\/wp-json\/wp\/v2\/posts\/593645","targetHints":{"allow":["GET"]}}],"collection":[{"href":"https:\/\/www.europesays.com\/fr\/wp-json\/wp\/v2\/posts"}],"about":[{"href":"https:\/\/www.europesays.com\/fr\/wp-json\/wp\/v2\/types\/post"}],"author":[{"embeddable":true,"href":"https:\/\/www.europesays.com\/fr\/wp-json\/wp\/v2\/users\/2"}],"replies":[{"embeddable":true,"href":"https:\/\/www.europesays.com\/fr\/wp-json\/wp\/v2\/comments?post=593645"}],"version-history":[{"count":0,"href":"https:\/\/www.europesays.com\/fr\/wp-json\/wp\/v2\/posts\/593645\/revisions"}],"wp:featuredmedia":[{"embeddable":true,"href":"https:\/\/www.europesays.com\/fr\/wp-json\/wp\/v2\/media\/593646"}],"wp:attachment":[{"href":"https:\/\/www.europesays.com\/fr\/wp-json\/wp\/v2\/media?parent=593645"}],"wp:term":[{"taxonomy":"category","embeddable":true,"href":"https:\/\/www.europesays.com\/fr\/wp-json\/wp\/v2\/categories?post=593645"},{"taxonomy":"post_tag","embeddable":true,"href":"https:\/\/www.europesays.com\/fr\/wp-json\/wp\/v2\/tags?post=593645"}],"curies":[{"name":"wp","href":"https:\/\/api.w.org\/{rel}","templated":true}]}}