{"id":593654,"date":"2025-12-11T21:44:15","date_gmt":"2025-12-11T21:44:15","guid":{"rendered":"https:\/\/www.europesays.com\/fr\/593654\/"},"modified":"2025-12-11T21:44:15","modified_gmt":"2025-12-11T21:44:15","slug":"un-tableau-en-memoire-de-christophe-dominici-offert-par-lartiste-biterrois-loule","status":"publish","type":"post","link":"https:\/\/www.europesays.com\/fr\/593654\/","title":{"rendered":"Un tableau en m\u00e9moire de Christophe Dominici offert par l\u2019artiste biterrois \u00ab\u00a0Loule\u00a0\u00bb"},"content":{"rendered":"<p>\n                                                                Jean-Louis Kaltenbacher, l\u2019incontournable \u00ab\u00a0Loule\u00a0\u00bb, comme il est surnomm\u00e9 \u00e0 B\u00e9ziers, a offert un tableau \u00e0 la famille de Christophe Dominici, d\u00e9c\u00e9d\u00e9 en novembre\u00a02020, quelques mois apr\u00e8s le rachat avort\u00e9 de l\u2019ASBH par des investisseurs \u00e9miratis.\n                            <\/p>\n<p>Au mois de mai\u00a02025, Jean-Louis Kaltenbacher, l\u2019incontournable \u00ab\u00a0Loule\u00a0\u00bb, comme il est surnomm\u00e9 en Biterre, grand passionn\u00e9 de rugby et artiste peintre, avait cr\u00e9\u00e9 un tableau repr\u00e9sentant son ami Armand Vaquerin, le pilier de B\u00e9ziers aux dix titres de champion de France, peint sur un\u00a0bouclier de Brennus. Ce tableau avait donn\u00e9 lieu \u00e0 un hommage au fameux pilier biterrois.<\/p>\n<p>Au c\u0153ur de l\u2019affaire de la reprise de l\u2019ASBH<\/p>\n<p>Loule\u00a0a tenu \u00e0 en faire de m\u00eame pour Christophe Dominici, dont il \u00e9tait fan et qui est d\u00e9c\u00e9d\u00e9 en 2020, quelques mois apr\u00e8s la reprise avort\u00e9e de l\u2019ASBH par des repreneurs \u00e9miratis.\u00a0L\u2019ancien ailier de l\u2019\u00e9quipe de France avait \u00e9t\u00e9 au c\u0153ur de cette affaire qui avait fait grand bruit. Il\u00a0avait d\u2019ailleurs \u00e9t\u00e9 affect\u00e9 par l\u2019\u00e9chec du rachat du club biterrois.<\/p>\n<p>Vive \u00e9motion<\/p>\n<p>L\u2019artiste biterrois a rejoint le stade Mayol, \u00e0 Toulon, ville dont \u00e9tait originaire Christophe Dominici. Il y a quelques jours, en\u00a0pr\u00e9sence de membres de l\u2019amicale des anciens joueurs toulonnais, il a remis son \u0153uvre \u00e0 la famille de l\u2019ancien ailier tricolore. Un moment riche en \u00e9motion.<\/p>\n","protected":false},"excerpt":{"rendered":"Jean-Louis Kaltenbacher, l\u2019incontournable \u00ab\u00a0Loule\u00a0\u00bb, comme il est surnomm\u00e9 \u00e0 B\u00e9ziers, a offert un tableau \u00e0 la famille de&hellip;\n","protected":false},"author":2,"featured_media":593655,"comment_status":"","ping_status":"","sticky":false,"template":"","format":"standard","meta":{"footnotes":""},"categories":[1416],"tags":[37552,1011,27,7089,479,1468,65087,517,60],"class_list":{"0":"post-593654","1":"post","2":"type-post","3":"status-publish","4":"format-standard","5":"has-post-thumbnail","7":"category-rugby","8":"tag-beziers","9":"tag-fr","10":"tag-france","11":"tag-herault","12":"tag-rugby","13":"tag-rugby-football","14":"tag-rugby-xv","15":"tag-sport","16":"tag-sports"},"share_on_mastodon":{"url":"https:\/\/pubeurope.com\/@fr\/115703124234396023","error":""},"_links":{"self":[{"href":"https:\/\/www.europesays.com\/fr\/wp-json\/wp\/v2\/posts\/593654","targetHints":{"allow":["GET"]}}],"collection":[{"href":"https:\/\/www.europesays.com\/fr\/wp-json\/wp\/v2\/posts"}],"about":[{"href":"https:\/\/www.europesays.com\/fr\/wp-json\/wp\/v2\/types\/post"}],"author":[{"embeddable":true,"href":"https:\/\/www.europesays.com\/fr\/wp-json\/wp\/v2\/users\/2"}],"replies":[{"embeddable":true,"href":"https:\/\/www.europesays.com\/fr\/wp-json\/wp\/v2\/comments?post=593654"}],"version-history":[{"count":0,"href":"https:\/\/www.europesays.com\/fr\/wp-json\/wp\/v2\/posts\/593654\/revisions"}],"wp:featuredmedia":[{"embeddable":true,"href":"https:\/\/www.europesays.com\/fr\/wp-json\/wp\/v2\/media\/593655"}],"wp:attachment":[{"href":"https:\/\/www.europesays.com\/fr\/wp-json\/wp\/v2\/media?parent=593654"}],"wp:term":[{"taxonomy":"category","embeddable":true,"href":"https:\/\/www.europesays.com\/fr\/wp-json\/wp\/v2\/categories?post=593654"},{"taxonomy":"post_tag","embeddable":true,"href":"https:\/\/www.europesays.com\/fr\/wp-json\/wp\/v2\/tags?post=593654"}],"curies":[{"name":"wp","href":"https:\/\/api.w.org\/{rel}","templated":true}]}}