{"id":593662,"date":"2025-12-11T21:51:15","date_gmt":"2025-12-11T21:51:15","guid":{"rendered":"https:\/\/www.europesays.com\/fr\/593662\/"},"modified":"2025-12-11T21:51:15","modified_gmt":"2025-12-11T21:51:15","slug":"le-probleme-de-brigitte-brigitte-bardot-bernard-montiel-sort-du-silence-et-se-montre-franc-concernant-sa-sante","status":"publish","type":"post","link":"https:\/\/www.europesays.com\/fr\/593662\/","title":{"rendered":"\u00ab\u00a0Le probl\u00e8me de Brigitte\u00a0\u00bb : Brigitte Bardot, Bernard Montiel sort du silence et se montre franc concernant sa sant\u00e9"},"content":{"rendered":"<p>Depuis plusieurs semaines, l\u2019\u00e9tat de sant\u00e9 de <a href=\"https:\/\/www.public.fr\/tag\/brigitte-bardot\" target=\"_blank\" rel=\"noopener\">Brigitte Bardot<\/a> inqui\u00e8te. Ic\u00f4ne internationale du cin\u00e9ma puis fervente militante pour la cause animale, l\u2019ancienne star fran\u00e7aise a r\u00e9cemment travers\u00e9 <strong>une p\u00e9riode marqu\u00e9e par des hospitalisations successives<\/strong>, faisant na\u00eetre de nombreuses sp\u00e9culations. C\u2019est dans ce contexte que <a href=\"https:\/\/www.public.fr\/tag\/bernard-montiel\" target=\"_blank\" rel=\"noopener\">Bernard Montiel<\/a>, animateur et proche de Brigitte Bardot, a accept\u00e9 de s\u2019exprimer ouvertement sur la situation dans les colonnes de nos confr\u00e8res de <a href=\"https:\/\/www.closermag.fr\/people\/exclu-bernard-montiel-il-donne-des-nouvelles-de-brigitte-bardot-et-de-sa-sante-de-source-sure-3604090\" target=\"_blank\" rel=\"noopener\">Closer.<\/a><\/p>\n<p>Au cours de l\u2019entretien, l\u2019ancien chroniqueur de <a href=\"https:\/\/www.public.fr\/tag\/cyril-hanouna\" target=\"_blank\" rel=\"noopener\">Cyril Hanouna<\/a> sur <strong>TPMP<\/strong> livre des informations pr\u00e9cises et dat\u00e9es, s\u2019appuyant sur des \u00e9changes personnels avec l\u2019int\u00e9ress\u00e9e. Ses d\u00e9clarations, rapport\u00e9es \u00ab\u00a0<strong>de source s\u00fbre\u00a0\u00bb<\/strong>, permettent de faire le point sur la sant\u00e9 de l\u2019actrice \u00e2g\u00e9e de 91 ans, qui, malgr\u00e9 son retrait de la vie publique, continue de susciter l\u2019attention des m\u00e9dias et du public.<\/p>\n<p>B<strong>ernard Montiel \u00e9voque la sant\u00e9 actuelle de Brigitte Bardot<\/strong><\/p>\n<p>Dans l\u2019entretien \u00e0 para\u00eetre ce vendredi 12 d\u00e9cembre 2025, <strong>Bernard Montiel, <\/strong>qui conna\u00eet \u00ab\u00a0BB\u00a0\u00bb personnellement, a tenu \u00e0 rassurer. Selon ses propos, il serait en contact r\u00e9gulier avec elle et aurait m\u00eame parl\u00e9 avec elle au moment o\u00f9 des rumeurs de d\u00e9c\u00e8s circulaient sur les r\u00e9seaux sociaux. \u00c0 ce sujet, Bernard Montiel affirme ainsi : \u00ab\u00a0<strong>De source s\u00fbre, elle va bien<\/strong>. La derni\u00e8re fois que je l\u2019ai eue au t\u00e9l\u00e9phone, c\u2019est quand sa mort avait \u00e9t\u00e9 annonc\u00e9e sur les r\u00e9seaux sociaux. C\u2019est moi qui l\u2019ai avertie de cette d\u00e9plorable fake news\u00a0\u00bb.\u00a0<\/p>\n<p>Cette d\u00e9claration vise notamment \u00e0 dissiper les informations erron\u00e9es qui ont circul\u00e9 r\u00e9cemment sur l\u2019\u00e9tat de sant\u00e9 de la star. Brigitte Bardot, bien qu\u2019\u00e2g\u00e9e, serait donc encore bien pr\u00e9sente, en bonne sant\u00e9, et capable d\u2019\u00e9changer avec ses proches. Au cours de l\u2019entretien, Bernard Montiel ne donne pas de d\u00e9tails m\u00e9dicaux sp\u00e9cifiques, mais par ses r\u00e9v\u00e9lations, il insiste sur le fait que l\u2019ic\u00f4ne des ann\u00e9es 1950 \u00e0 1970 <strong>se porte bien<\/strong> selon ses derni\u00e8res nouvelles.\u00a0<\/p>\n<p>Toujours dans les colonnes de Closer, l\u2019animateur qui <a href=\"https:\/\/www.public.fr\/quand-on-fait-une-connerie-on-la-regrette-la-reponse-de-bernard-montiel-aux-critiques-de-sophie-davant\" target=\"_blank\" rel=\"noopener\">vient de lancer <strong>Animalement v\u00f4tre<\/strong><\/a> sur France 3, revient sur une caract\u00e9ristique de la personnalit\u00e9 de Brigitte Bardot : \u00ab\u00a0<strong>Le probl\u00e8me de Brigitte, c\u2019est que c\u2019est une grande traqueuse\u00a0\u00bb<\/strong>. Une allusion \u00e0 son temp\u00e9rament passionn\u00e9 et engag\u00e9, notamment dans la d\u00e9fense des animaux, qui a marqu\u00e9 toute sa carri\u00e8re.<\/p>\n<p><strong>L\u2019icone \u00ab\u00a0BB\u00a0\u00bb, hospitalis\u00e9e il y a peu<\/strong><\/p>\n<p>La prise de parole de Bernard Montiel intervient alors que Brigitte Bardot a \u00e9t\u00e9 hospitalis\u00e9e <strong>pour la seconde fois en peu de temps<\/strong>, suscitant des interrogations sur son \u00e9tat g\u00e9n\u00e9ral. Nos confr\u00e8res de Nice-Matin r\u00e9v\u00e9laient en effet, le jeudi 16 octobre 2025, que\u00a0<a href=\"https:\/\/vsd.fr\/tag\/brigitte-bardot\/\" target=\"_blank\" rel=\"noopener\">l\u2019ic\u00f4ne des ann\u00e9es 1950-1970,<\/a>\u00a0s\u00e9journait \u00e0 l\u2019h\u00f4pital depuis trois semaines pour subir\u00a0<a href=\"https:\/\/www.public.fr\/brigitte-bardot-hospitalisee-depuis-trois-semaines-dans-un-etat-preoccupant\" target=\"_blank\" rel=\"noopener\">une intervention dans le cadre\u00a0\u00ab\u00a0d\u2019une maladie grave\u00a0\u00bb.\u00a0<\/a><\/p>\n<p>Mais le lendemain de cette r\u00e9v\u00e9lation, Brigitte Bardot sortait du silence pour prouver que tout allait bien malgr\u00e9 les nombreuses rumeurs \u00e0 son sujet, par le biais d\u2019un communiqu\u00e9. \u00ab\u00a0Madame Brigitte BARDOT entend, par le pr\u00e9sent communiqu\u00e9, remercier tous ceux qui se soucient de son \u00e9tat de sant\u00e9 et les rassurer sur le fait qu&rsquo;elle a<strong>\u00a0bri\u00e8vement d\u00fb se faire hospitaliser aupr\u00e8s de l&rsquo;H\u00f4pital priv\u00e9 Saint-Jean \u00e0 Toulon pour subir une l\u00e9g\u00e8re intervention chirurgicale<\/strong>\u00a0qui s&rsquo;est d\u00e9roul\u00e9e de mani\u00e8re particuli\u00e8rement satisfaisante\u00a0\u00bb, pouvions-nous apprendre dans un premier temps.<\/p>\n<p>L\u2019artiste \u00e2g\u00e9e de 91 ans poursuivait : \u00ab\u00a0Elle tient \u00e0 remercier l&rsquo;\u00e9quipe chirurgicale et l&rsquo;ensemble des personnels qui ont veill\u00e9 \u00e0 son r\u00e9tablissement par leur professionnalisme, leurs soins attentifs et leur bienveillance.\u00a0<strong>Elle se repose chez elle d\u00e9sormais<\/strong>, ne r\u00e9pondra \u00e0 aucune sollicitation, et remercie chacun de respecter son intimit\u00e9 et sa tranquillit\u00e9.\u00a0\u00bb<\/p>\n<p>\n          Hits &amp; People en continu\n        <\/p>\n<p>\n          Public Radio\n        <\/p>\n<p>      Mentionn\u00e9s dans cet article<\/p>\n<p>      Sur le m\u00eame sujet<\/p>\n","protected":false},"excerpt":{"rendered":"Depuis plusieurs semaines, l\u2019\u00e9tat de sant\u00e9 de Brigitte Bardot inqui\u00e8te. Ic\u00f4ne internationale du cin\u00e9ma puis fervente militante pour&hellip;\n","protected":false},"author":2,"featured_media":593663,"comment_status":"","ping_status":"","sticky":false,"template":"","format":"standard","meta":{"footnotes":""},"categories":[1359],"tags":[3720,20224,7278,1083,58,59,1011,27,973],"class_list":{"0":"post-593662","1":"post","2":"type-post","3":"status-publish","4":"format-standard","5":"has-post-thumbnail","7":"category-people","8":"tag-bernard-montiel","9":"tag-brigitte-bardot","10":"tag-c8","11":"tag-cyril-hanouna","12":"tag-divertissement","13":"tag-entertainment","14":"tag-fr","15":"tag-france","16":"tag-people"},"share_on_mastodon":{"url":"https:\/\/pubeurope.com\/@fr\/115703151902396004","error":""},"_links":{"self":[{"href":"https:\/\/www.europesays.com\/fr\/wp-json\/wp\/v2\/posts\/593662","targetHints":{"allow":["GET"]}}],"collection":[{"href":"https:\/\/www.europesays.com\/fr\/wp-json\/wp\/v2\/posts"}],"about":[{"href":"https:\/\/www.europesays.com\/fr\/wp-json\/wp\/v2\/types\/post"}],"author":[{"embeddable":true,"href":"https:\/\/www.europesays.com\/fr\/wp-json\/wp\/v2\/users\/2"}],"replies":[{"embeddable":true,"href":"https:\/\/www.europesays.com\/fr\/wp-json\/wp\/v2\/comments?post=593662"}],"version-history":[{"count":0,"href":"https:\/\/www.europesays.com\/fr\/wp-json\/wp\/v2\/posts\/593662\/revisions"}],"wp:featuredmedia":[{"embeddable":true,"href":"https:\/\/www.europesays.com\/fr\/wp-json\/wp\/v2\/media\/593663"}],"wp:attachment":[{"href":"https:\/\/www.europesays.com\/fr\/wp-json\/wp\/v2\/media?parent=593662"}],"wp:term":[{"taxonomy":"category","embeddable":true,"href":"https:\/\/www.europesays.com\/fr\/wp-json\/wp\/v2\/categories?post=593662"},{"taxonomy":"post_tag","embeddable":true,"href":"https:\/\/www.europesays.com\/fr\/wp-json\/wp\/v2\/tags?post=593662"}],"curies":[{"name":"wp","href":"https:\/\/api.w.org\/{rel}","templated":true}]}}