{"id":593664,"date":"2025-12-11T21:52:12","date_gmt":"2025-12-11T21:52:12","guid":{"rendered":"https:\/\/www.europesays.com\/fr\/593664\/"},"modified":"2025-12-11T21:52:12","modified_gmt":"2025-12-11T21:52:12","slug":"mort-de-lun-des-batisseurs-du-technocentre-de-guyancourt","status":"publish","type":"post","link":"https:\/\/www.europesays.com\/fr\/593664\/","title":{"rendered":"mort de l\u2019un des \u00ab b\u00e2tisseurs \u00bb du Technocentre de Guyancourt"},"content":{"rendered":"<p>                    Par<br \/>\n        <strong><br \/>\n            <a href=\"https:\/\/actu.fr\/auteur\/redaction-78actu\" title=\"Consulter tous les articles de redaction.78actu\" target=\"_blank\" rel=\"noopener\">redaction.78actu<\/a><br \/>\n                    <\/strong><\/p>\n<p>        Publi\u00e9 le<\/p>\n<p>            11 d\u00e9c. 2025 \u00e0 19h16        <\/p>\n<p>L\u2019architecte Denis Valode, cofondateur en 1980 de l\u2019agence <a href=\"https:\/\/v-p.com\/\" target=\"_blank\" rel=\"noopener\">Valode &amp; Pistre<\/a>, est d\u00e9c\u00e9d\u00e9 le mardi 9\u00a0d\u00e9cembre 2025 \u00e0 l\u2019\u00e2ge de 79\u00a0ans, \u00ab\u2009\u00e0 la suite d\u2019une longue maladie\u2009\u00bb, a appris 78 actu par voie de<b> communiqu\u00e9<\/b>, ce jeudi 11\u00a0d\u00e9cembre 2025.<\/p>\n<p class=\" wall-content\">C\u2019est \u00e0 lui et \u00e0 son alter ego Jean Pistre, \u00ab\u2009profond\u00e9ment attrist\u00e9\u2009\u00bb, que l\u2019on doit <a href=\"https:\/\/v-p.com\/projet\/technocentre-renault\/\" target=\"_blank\" rel=\"noopener\">La Ruche<\/a>, <b>c\u0153ur battant <\/b>et b\u00e2timent central du Technocentre Renault de <a href=\"https:\/\/actu.fr\/ile-de-france\/guyancourt_78297\" target=\"_blank\" rel=\"noopener\">Guyancourt<\/a> (Yvelines), inaugur\u00e9 en 1998.<\/p>\n<p>Des r\u00e9alisations partout dans le monde<\/p>\n<p class=\" wall-content\">Chevalier des Arts et des Lettres depuis 1997 et r\u00e9compens\u00e9 par de nombreux prix et m\u00e9dailles, Denis Valode a conduit avec son <a href=\"https:\/\/www.pss-archi.eu\/forum\/viewtopic.php?id=27324\" target=\"_blank\" rel=\"noopener\">agence d\u2019architecture, d\u2019urbanisme et de design<\/a> de nombreux projets, parmi lesquels l\u2019usine L\u2019Or\u00e9al \u00e0 Aulnay-sous-Bois (Seine-Saint-Denis), le stade Pierre-Mauroy \u00e0 Lille (Nord), les tours T1 et Saint-Gobain \u00e0 <b>La D\u00e9fense<\/b> (Hauts-de-Seine) ou encore plusieurs gares du Grand Paris Express (Vitry, Maisons-Alfort et Thiais dans le Val-de-Marne) et le mus\u00e9e d\u2019art contemporain de Bordeaux (Gironde).<\/p>\n<p class=\" wall-content\">On retrouve sa <b>trace<\/b> \u00e9galement hors de nos fronti\u00e8res, en Chine (parcs des expositions de Shenzhen, Jinan, Hangzhou\u2026), en Arabie saoudite (Jeddah City Mall), en Russie (Skolkovo Amalteya business center), au Liban (Versace Tower) ou encore \u00e0 Monaco et au Maroc (parc des expositions Mohamed VI).<\/p>\n<p>L\u2019architecte du th\u00e9\u00e2tre de Saint-Quentin-en-Yvelines est lui aussi d\u00e9c\u00e9d\u00e9 r\u00e9cemment<\/p>\n<p class=\" wall-content\">Ce d\u00e9c\u00e8s intervient quelques semaines seulement apr\u00e8s celui de <b>Stanislas Fisze<\/b>, un autre architecte qui a durablement laiss\u00e9 son empreinte dans les Yvelines. Il s\u2019est \u00e9teint le 22\u00a0novembre 2025 \u00e0 l\u2019\u00e2ge de 90\u00a0ans.<\/p>\n<p class=\" wall-content\">C\u2019est lui qui a imagin\u00e9 le <a href=\"https:\/\/actu.fr\/ile-de-france\/montigny-le-bretonneux_78423\/le-theatre-de-saint-quentin-en-yvelines-va-s-agrandir-et-accueillir-un-restaurant_57124771.html\" target=\"_blank\" rel=\"noopener\">th\u00e9\u00e2tre de Saint-Quentin-en-Yvelines<\/a> et de la m\u00e9diath\u00e8que du Canal \u00e0 <a href=\"https:\/\/actu.fr\/ile-de-france\/montigny-le-bretonneux_78423\" target=\"_blank\" rel=\"noopener\">Montigny-le-Bretonneux<\/a>, livr\u00e9s en 1993. En 2018, \u00e0 l\u2019occasion du 25e anniversaire du site, il disait\u2009: \u00ab\u2009Un jour, je partirai, mais le th\u00e9\u00e2tre restera, et \u00e7a, c\u2019est un bonheur.\u00a0C\u2019est une<b> contribution inestimable<\/b> pour moi.\u2009\u00bb<\/p>\n<p class=\"ac-article-content__question wall-content\">David Goudey (avec Alexandre Marqu\u00e9)<\/p>\n<p class=\" wall-content\">Personnalisez votre actualit\u00e9 en ajoutant vos villes et m\u00e9dias en favori avec <a href=\"https:\/\/moncompte.actu.fr\" title=\"D\u00e9couvez Mon Actu\" rel=\"nofollow noopener\" data-trk=\"{&quot;cta&quot;:{&quot;action&quot;:&quot;https:\\\/\\\/moncompte.actu.fr&quot;,&quot;category&quot;:&quot;mon compte&quot;,&quot;from&quot;:&quot;article footer&quot;,&quot;name&quot;:&quot;Mon actu&quot;,&quot;type&quot;:&quot;cta&quot;}}\" target=\"_blank\">Mon Actu<\/a>.<\/p>\n","protected":false},"excerpt":{"rendered":"Par redaction.78actu Publi\u00e9 le 11 d\u00e9c. 2025 \u00e0 19h16 L\u2019architecte Denis Valode, cofondateur en 1980 de l\u2019agence Valode&hellip;\n","protected":false},"author":2,"featured_media":593665,"comment_status":"","ping_status":"","sticky":false,"template":"","format":"standard","meta":{"footnotes":""},"categories":[1358],"tags":[1348,1384,1385,646,1386,58,59,1011,27,1391,104,2086],"class_list":{"0":"post-593664","1":"post","2":"type-post","3":"status-publish","4":"format-standard","5":"has-post-thumbnail","7":"category-arts-et-design","8":"tag-arts","9":"tag-arts-and-design","10":"tag-arts-et-design","11":"tag-automobile","12":"tag-design","13":"tag-divertissement","14":"tag-entertainment","15":"tag-fr","16":"tag-france","17":"tag-necrologie","18":"tag-societe","19":"tag-travaux"},"share_on_mastodon":{"url":"https:\/\/pubeurope.com\/@fr\/115703155480836204","error":""},"_links":{"self":[{"href":"https:\/\/www.europesays.com\/fr\/wp-json\/wp\/v2\/posts\/593664","targetHints":{"allow":["GET"]}}],"collection":[{"href":"https:\/\/www.europesays.com\/fr\/wp-json\/wp\/v2\/posts"}],"about":[{"href":"https:\/\/www.europesays.com\/fr\/wp-json\/wp\/v2\/types\/post"}],"author":[{"embeddable":true,"href":"https:\/\/www.europesays.com\/fr\/wp-json\/wp\/v2\/users\/2"}],"replies":[{"embeddable":true,"href":"https:\/\/www.europesays.com\/fr\/wp-json\/wp\/v2\/comments?post=593664"}],"version-history":[{"count":0,"href":"https:\/\/www.europesays.com\/fr\/wp-json\/wp\/v2\/posts\/593664\/revisions"}],"wp:featuredmedia":[{"embeddable":true,"href":"https:\/\/www.europesays.com\/fr\/wp-json\/wp\/v2\/media\/593665"}],"wp:attachment":[{"href":"https:\/\/www.europesays.com\/fr\/wp-json\/wp\/v2\/media?parent=593664"}],"wp:term":[{"taxonomy":"category","embeddable":true,"href":"https:\/\/www.europesays.com\/fr\/wp-json\/wp\/v2\/categories?post=593664"},{"taxonomy":"post_tag","embeddable":true,"href":"https:\/\/www.europesays.com\/fr\/wp-json\/wp\/v2\/tags?post=593664"}],"curies":[{"name":"wp","href":"https:\/\/api.w.org\/{rel}","templated":true}]}}