{"id":593669,"date":"2025-12-11T21:56:31","date_gmt":"2025-12-11T21:56:31","guid":{"rendered":"https:\/\/www.europesays.com\/fr\/593669\/"},"modified":"2025-12-11T21:56:31","modified_gmt":"2025-12-11T21:56:31","slug":"daniel-craig-se-sent-libere-et-explique-ce-que-ca-a-change-en-bien-pour-lui","status":"publish","type":"post","link":"https:\/\/www.europesays.com\/fr\/593669\/","title":{"rendered":"Daniel Craig se sent lib\u00e9r\u00e9, et explique ce que \u00e7a a chang\u00e9 (en bien) pour lui"},"content":{"rendered":"<p><strong>Bient\u00f4t \u00e0 l\u2019affiche de <a href=\"https:\/\/www.ecranlarge.com\/films\/1482600-untitled-the-chronicles-of-narnia-film-1\" data-type=\"films\" data-id=\"796040\" target=\"_blank\" rel=\"noopener\">Narnia : Le Neveu du magicien<\/a>, <a href=\"https:\/\/www.ecranlarge.com\/personnalite\/651990-daniel-craig\" data-type=\"people\" data-id=\"20532\" target=\"_blank\" rel=\"noopener\">Daniel Craig<\/a> est revenu sur la fin de ses ann\u00e9es <a href=\"https:\/\/www.ecranlarge.com\/c\/james-bond\" data-type=\"link\" data-id=\"https:\/\/www.ecranlarge.com\/c\/james-bond\" target=\"_blank\" rel=\"noopener\">James Bond<\/a> et la libert\u00e9 acquise depuis.<\/strong><\/p>\n<p><strong>Il y aurait une th\u00e8se (l\u00e9g\u00e8re hyperbole) \u00e0 \u00e9crire sur les carri\u00e8res post-James Bond<\/strong> des diff\u00e9rentes incarnations de l\u2019espion anglais. Un tel r\u00f4le, qu\u2019on le veuille ou non, marque la suite d\u2019une filmographie. Chaque cin\u00e9aste \u00e0 avoir employ\u00e9 <a href=\"https:\/\/www.ecranlarge.com\/personnalite\/654583-sean-connery\" data-type=\"people\" data-id=\"306534\" target=\"_blank\" rel=\"noopener\">Sean Connery<\/a> apr\u00e8s son service au MI6 a forc\u00e9ment pens\u00e9 \u00e0 l\u2019image qui lui collait \u00e0 la peau, les plus habiles s\u2019en sont amus\u00e9s pour la prendre \u00e0 contre-pieds (<strong>Zardoz\u00a0<\/strong>de John Boorman) ou la prolonger \u00e0 leur mani\u00e8re (<strong>Rock <\/strong>de Michael Bay).<\/p>\n<p>                    <img decoding=\"async\" alt=\"\" class=\"wp-image-518375\" style=\"object-fit:cover;width:25px;height:25px\" src=\"https:\/\/www.ecranlarge.com\/content\/uploads\/2023\/09\/arrow-right-circle.svg\"\/><\/p>\n<p>\u00c0 l\u2019heure o\u00f9 nous n\u2019avons aucune certitude sur le prochain James Bond, cela fait d\u00e9j\u00e0 quatre ans que <strong><a href=\"https:\/\/www.ecranlarge.com\/films\/994443-james-bond-25\" data-type=\"films\" data-id=\"686254\" target=\"_blank\" rel=\"noopener\">Mourir peut attendre<\/a><\/strong>, la derni\u00e8re mission du 007 de Daniel Craig est sortie au cin\u00e9ma. Depuis, le com\u00e9dien a jou\u00e9 dans trois films et il est engag\u00e9 sur le tournage de <strong>Narnia : Le Neveu du magicien<\/strong> de Greta Gerwig, sur Netflix. <strong>De quoi voir se dessiner quelques tendances. L\u2019int\u00e9ress\u00e9 est justement revenu sur la question. <\/strong><\/p>\n<p><a href=\"https:\/\/www.ecranlarge.com\/content\/uploads\/2025\/03\/p28t6uzqxqh5sj8jyghxtm.jpg\" target=\"_blank\" rel=\"noopener\"><\/p>\n<p><img loading=\"lazy\" decoding=\"async\" alt=\"mourir peut attendre daniel craig\" src=\"https:\/\/www.europesays.com\/fr\/wp-content\/uploads\/2025\/06\/p28t6uzqxqh5sj8jyghxtm-1260x709.jpg\" width=\"1260\" height=\"709\"  \/><\/p>\n<p><\/a>La toute derni\u00e8re image (non, je pleure pas !)TOUT VA POUR LE MIEUX DANS LE MEILLEUR DES BOND<\/p>\n<p>Interview\u00e9 par Radio Times\u00a0magazine, l\u2019acteur, qui incarnera l\u2019oncle Andrew dans <strong>Narnia : Le Neveu du magicien<\/strong>, a racont\u00e9 une certaine rel\u00e2che post-Bond, comme la possibilit\u00e9 d\u2019enfin oser autre chose : <\/p>\n<blockquote class=\"wp-block-quote is-layout-flow wp-block-quote-is-layout-flow\">\n<p><strong>Je crois que j\u2019ai commenc\u00e9 \u00e0 m\u2019affranchir des conventions. Je n\u2019h\u00e9site plus \u00e0 accepter des choses qui m\u2019auraient peut-\u00eatre rendu un peu m\u00e9fiant auparavant. \u00c0 l\u2019\u00e9poque o\u00f9 j\u2019\u00e9tais en plein tournage de James Bond, le contraste entre ce r\u00f4le et un autre pouvait parfois \u00eatre g\u00eanant et je pouvais me censurer. Je travaille plus dur que jamais, mais j\u2019y prends aussi plus de plaisir que jamais. J\u2019ai la chance de faire des choses vraiment int\u00e9ressantes et vari\u00e9es.<\/strong><\/p>\n<\/blockquote>\n<p>Il est vrai que les diff\u00e9rences sont notables. La premi\u00e8re, qui saute aux yeux, est son infid\u00e9lit\u00e9 r\u00e9guli\u00e8re au grand \u00e9cran. Les deux derniers <strong>\u00c0 couteaux tir\u00e9s<\/strong> sont des exclusivit\u00e9s Netflix et il en sera de m\u00eame pour l\u2019adaptation de C.S. Lewis. La seconde est son incarnation r\u00e9guli\u00e8re de personnages homosexuels.<\/p>\n<p><a href=\"https:\/\/www.ecranlarge.com\/content\/uploads\/2024\/10\/queer_230529_0029_lowres.jpg\" target=\"_blank\" rel=\"noopener\"><\/p>\n<p><img loading=\"lazy\" decoding=\"async\" alt=\"Daniel Craig et Drew Starkey dans Queer\" src=\"https:\/\/www.europesays.com\/fr\/wp-content\/uploads\/2025\/12\/queer_230529_0029_lowres-630x420.jpg\" width=\"630\" height=\"420\"  \/><\/p>\n<p><\/a>Apr\u00e8s avoir rendu folles les femmes, Daniel devient ch\u00e8vre pour ces messieurs<\/p>\n<p>En effet, Daniel Craig, qui a incarn\u00e9 pendant 15 ans le parangon de la virilit\u00e9 h\u00e9t\u00e9ro, se pla\u00eet d\u00e9sormais \u00e0 casser cette image. Dans <strong>Queer<\/strong>, de Luca Guadagnino, c\u2019est explicite, l\u2019acteur pr\u00eatant son corps \u00e0 des sc\u00e8nes de sexe gay parfois tr\u00e8s sensuelles. Mais c\u2019est aussi le cas dans <strong>Glass Onion<\/strong>.<\/p>\n<p>Non seulement l\u2019apparition furtive de Hugh Grant en concubin de Beno\u00eet Blanc officialise malicieusement l\u2019orientation sexuelle de ce dernier, mais la garde-robe pastel et les poses moins ouvertement testost\u00e9ron\u00e9es de Craig sont un contrepoint \u00e9vident \u00e0 la masculinit\u00e9 tr\u00e8s brute de d\u00e9coffrage de sa version de l\u2019espion britannique. Il est d\u2019ailleurs \u00e0 noter que ce changement ne s\u2019est op\u00e9r\u00e9 (ou du moins affirm\u00e9) chez le fin limier qu\u2019\u00e0 partir de sa deuxi\u00e8me enqu\u00eate, c\u2019est-\u00e0-dire une fois le costume de James Bond rang\u00e9 au placard.  <\/p>\n<p><a href=\"https:\/\/www.ecranlarge.com\/content\/uploads\/2017\/07\/logan-lucky-photo-daniel-craig-994444.jpg\" target=\"_blank\" rel=\"noopener\"><img loading=\"lazy\" decoding=\"async\" alt=\"Logan Lucky : Photo Daniel Craig\" class=\"wp-image-26683\" style=\"width:1025px;height:auto\" src=\"https:\/\/www.europesays.com\/fr\/wp-content\/uploads\/2025\/12\/logan-lucky-photo-daniel-craig-994444-630x355.jpg\" width=\"630\" height=\"355\"  \/><\/a>\u00ab Oui, j\u2019aime les rayures, \u00e7a amincit \u00bb<\/p>\n<p>Enfin, si l\u2019on remonte un peu plus t\u00f4t, dans ce qu\u2019on pourrait appeler la \u00ab p\u00e9riode de transition hors 007 \u00bb, avec notamment <strong>Logan Lucky<\/strong> et le premier <strong>\u00c0 couteaux tir\u00e9s<\/strong> on constate un app\u00e9tit de com\u00e9die et d\u2019autod\u00e9rision qui ne peut que r\u00e9jouir. Dans le long-m\u00e9trage de Steven Soderbergh, trop blond, trop tatou\u00e9 et g\u00e9nialement grotesque, l\u2019acteur s\u2019en donne \u00e0 c\u0153ur joie dans une destruction en r\u00e8gle de ce qui faisait son charme sto\u00efque et toujours impeccable de James Bond. <\/p>\n<p>Dans sa premi\u00e8re incarnation de Beno\u00eet Blanc, son accent fran\u00e7ais (ou cajun, on ne sait pas trop) et son air de ne jamais \u00eatre dans le coup (m\u00eame si, bien s\u00fbr, il a une longueur d\u2019avance sur tout le monde) suscitent le rire, l\u00e0 aussi en embrassant quelque chose de ridicule. <\/p>\n<p><a href=\"https:\/\/www.ecranlarge.com\/content\/uploads\/2025\/12\/bar-3-shot_f_r2.jpg\" target=\"_blank\" rel=\"noopener\"><\/p>\n<p><img loading=\"lazy\" decoding=\"async\" alt=\"\" src=\"https:\/\/www.europesays.com\/fr\/wp-content\/uploads\/2025\/12\/bar-3-shot_f_r2-1260x681.jpg\" width=\"1260\" height=\"681\"  \/><\/p>\n<p><\/a>Nouvelle permanente pour Daniel, qui en avait marre d\u2019\u00eatre le premier \u00e0 sentir quand il pleut<\/p>\n<p>Tout cela n\u2019\u00e9tait-il qu\u2019une phase ? Dans la bande-annonce de <strong>Wake Up Dead Man<\/strong> (c\u2019est \u00e9videmment trop maigre pour tirer de r\u00e9elles conclusions), la troisi\u00e8me version de l\u2019enqu\u00eateur semble \u00e0 la fois moins risible et moins queer que les deux premi\u00e8res. Si seule sa nouvelle coupe, d\u00e9sormais longue, fait office de contre-point bondien, cela dissimulerait mal un retour \u00e0 la normale. Pour prendre r\u00e9ellement le pouls de cette nouvelle tendance, on attendra <strong>Narnia : Le Neveu du magicien<\/strong>, pr\u00e9vu pour 2026, et avant \u00e7a <strong>le dernier \u00c0 couteaux tir\u00e9s le 12 d\u00e9cembre 2025\u00a0sur Netflix<\/strong>. <\/p>\n","protected":false},"excerpt":{"rendered":"Bient\u00f4t \u00e0 l\u2019affiche de Narnia : Le Neveu du magicien, Daniel Craig est revenu sur la fin de&hellip;\n","protected":false},"author":2,"featured_media":593670,"comment_status":"","ping_status":"","sticky":false,"template":"","format":"standard","meta":{"footnotes":""},"categories":[1354],"tags":[58,59,1346,1011,27,1360],"class_list":{"0":"post-593669","1":"post","2":"type-post","3":"status-publish","4":"format-standard","5":"has-post-thumbnail","7":"category-films","8":"tag-divertissement","9":"tag-entertainment","10":"tag-films","11":"tag-fr","12":"tag-france","13":"tag-movies"},"share_on_mastodon":{"url":"https:\/\/pubeurope.com\/@fr\/115703171719550533","error":""},"_links":{"self":[{"href":"https:\/\/www.europesays.com\/fr\/wp-json\/wp\/v2\/posts\/593669","targetHints":{"allow":["GET"]}}],"collection":[{"href":"https:\/\/www.europesays.com\/fr\/wp-json\/wp\/v2\/posts"}],"about":[{"href":"https:\/\/www.europesays.com\/fr\/wp-json\/wp\/v2\/types\/post"}],"author":[{"embeddable":true,"href":"https:\/\/www.europesays.com\/fr\/wp-json\/wp\/v2\/users\/2"}],"replies":[{"embeddable":true,"href":"https:\/\/www.europesays.com\/fr\/wp-json\/wp\/v2\/comments?post=593669"}],"version-history":[{"count":0,"href":"https:\/\/www.europesays.com\/fr\/wp-json\/wp\/v2\/posts\/593669\/revisions"}],"wp:featuredmedia":[{"embeddable":true,"href":"https:\/\/www.europesays.com\/fr\/wp-json\/wp\/v2\/media\/593670"}],"wp:attachment":[{"href":"https:\/\/www.europesays.com\/fr\/wp-json\/wp\/v2\/media?parent=593669"}],"wp:term":[{"taxonomy":"category","embeddable":true,"href":"https:\/\/www.europesays.com\/fr\/wp-json\/wp\/v2\/categories?post=593669"},{"taxonomy":"post_tag","embeddable":true,"href":"https:\/\/www.europesays.com\/fr\/wp-json\/wp\/v2\/tags?post=593669"}],"curies":[{"name":"wp","href":"https:\/\/api.w.org\/{rel}","templated":true}]}}