{"id":593671,"date":"2025-12-11T21:57:12","date_gmt":"2025-12-11T21:57:12","guid":{"rendered":"https:\/\/www.europesays.com\/fr\/593671\/"},"modified":"2025-12-11T21:57:12","modified_gmt":"2025-12-11T21:57:12","slug":"ce-que-lon-sait-de-ce-variant","status":"publish","type":"post","link":"https:\/\/www.europesays.com\/fr\/593671\/","title":{"rendered":"ce que l&rsquo;on sait de ce variant"},"content":{"rendered":"<p>                    Par<br \/>\n        <strong><br \/>\n            <a href=\"https:\/\/actu.fr\/auteur\/martin-leduc\" title=\"Consulter tous les articles de Martin Leduc\" target=\"_blank\" rel=\"noopener\">Martin Leduc<\/a><br \/>\n                    <\/strong><\/p>\n<p>        Publi\u00e9 le<\/p>\n<p>            11 d\u00e9c. 2025 \u00e0 19h02        <\/p>\n<p>La situation sur le front de la <strong>grippe<\/strong> ne s\u2019est, pour le moment, pas calm\u00e9e. Les chiffres de d\u00e9but d\u00e9cembre\u00a02025 <a href=\"https:\/\/www.santepubliquefrance.fr\/maladies-et-traumatismes\/maladies-et-infections-respiratoires\/grippe\/documents\/bulletin-national\/infections-respiratoires-aigues-grippe-bronchiolite-covid-19-.-bulletin-du-10-decembre-2025\" target=\"_blank\" rel=\"noopener\">fournis par Sant\u00e9 publique France<\/a> sont inqui\u00e9tants, et toute la France m\u00e9tropolitaine (hors Corse) est en rouge, c\u2019est-\u00e0-dire en situation d\u2019\u00e9pid\u00e9mie. Un constat r\u00e9alis\u00e9 plus ou moins tous les ans \u00e0 la m\u00eame p\u00e9riode. Mais de plus, un certain <strong>variant<\/strong> (dit \u00ab\u2009sous-clade\u2009\u00bb K) est devenu majoritaire parmi les cas de grippe H3N2.<\/p>\n<p>Presque 70\u2009% des cas<\/p>\n<p class=\" wall-content\">Il repr\u00e9sente, selon les derniers chiffres de Sant\u00e9 publique France, <strong>68,6\u2009% des cas de grippe H3N2<\/strong> s\u00e9quenc\u00e9s. \u00ab\u2009Le virus de la grippe mute en permanence, selon un processus \u00e9volutif, visant essentiellement \u00e0 continuer \u00e0 se r\u00e9pliquer et se propager\u2009\u00bb, commente Antoine Flahaut, \u00e9pid\u00e9miologiste et professeur \u00e0 l\u2019universit\u00e9 Paris-Cit\u00e9 Inserm, aupr\u00e8s d\u2019actu.fr.<\/p>\n<p class=\" wall-content\">\u00ab\u2009Les virus s\u00e9lectionn\u00e9s par ce processus cette ann\u00e9e sont donc <strong>tr\u00e8s transmissibles<\/strong>, mais pas n\u00e9cessairement plus virulents [\u2026] L\u00e0 o\u00f9 les \u00e9pid\u00e9mies ont d\u00e9marr\u00e9 depuis plusieurs semaines dans le monde, il n\u2019est pas rapport\u00e9 de s\u00e9v\u00e9rit\u00e9 particuli\u00e8re ni de sympt\u00f4mes sp\u00e9cifiques\u2009\u00bb, rassure-t-il tout de suite.<\/p>\n<blockquote class=\"ac-article-quote wall-content\">\n<p>Comme ce variant K a \u00e9merg\u00e9 apr\u00e8s que la composition vaccinale a \u00e9t\u00e9 d\u00e9termin\u00e9e par les experts de l\u2019OMS en f\u00e9vrier dernier pour le vaccin d\u00e9livr\u00e9 cet automne, il est possible qu\u2019il soit moins efficace, notamment contre le risque de contracter la grippe.<\/p>\n<p>    <strong>Antoine Flahaut<\/strong><br \/>\n        \u00c9pid\u00e9miologiste \u00e0 l&rsquo;universit\u00e9 Paris-Cit\u00e9 Inserm    <\/p><\/blockquote>\n<p class=\" wall-content\">\u00ab\u2009Il faudra plusieurs semaines de recul pour d\u00e9terminer la<strong> s\u00e9v\u00e9rit\u00e9<\/strong> des formes cliniques qu\u2019il entra\u00eene\u2009\u00bb, note-t-il.<\/p>\n<p>L\u2019\u00e9pid\u00e9mie gagne du terrain<\/p>\n<p class=\" wall-content\">Pour le coup, \u00ab\u2009la moiti\u00e9 des \u00e9pid\u00e9mies hivernales surviennent avant No\u00ebl, l\u2019autre moiti\u00e9 apr\u00e8s\u2009\u00bb, rappelle l\u2019\u00e9pid\u00e9miologiste. \u00ab\u2009Celles <a href=\"https:\/\/actu.fr\/societe\/un-demarrage-precoce-de-la-grippe-l-epidemie-va-t-elle-etre-plus-virulente-cette-annee_63538494.html\" target=\"_blank\" rel=\"noopener\">pr\u00e9coces, comme cette ann\u00e9e<\/a> (ou d\u2019ailleurs celle de l\u2019an dernier), sont volontiers plus longues et donc plus touchantes, tant en termes de nombre de cas, d\u2019hospitalisations et de d\u00e9c\u00e8s\u2009\u00bb.<\/p>\n<p>Votre r\u00e9gion, votre actu !<\/p>\n<p>Recevez chaque jour les infos qui comptent pour vous.<\/p>\n<p>\t<a href=\"https:\/\/actu.fr\/newsletter\" class=\"ac-btn ac-btn--corner ac-btn--medium ac-btn--blue800\" target=\"_blank\" rel=\"noopener\">S&rsquo;incrire<\/a><\/p>\n<p class=\" wall-content\">\u00ab\u2009L\u2019activit\u00e9 grippale \u00e9tait en<strong> forte augmentation dans toutes les classes d\u2019\u00e2ge<\/strong> dans l\u2019Hexagone, en ville et \u00e0 l\u2019h\u00f4pital, avec une dynamique comparable \u00e0 ce qui a \u00e9t\u00e9 observ\u00e9 l\u2019ann\u00e9e derni\u00e8re \u00e0 la m\u00eame p\u00e9riode\u2009\u00bb, abonde-t-on du c\u00f4t\u00e9 de Sant\u00e9 publique France.<\/p>\n<p class=\" wall-content\">\n<p class=\" wall-content\">Si la carte ne s\u2019affiche pas correctement, <a href=\"https:\/\/datawrapper.dwcdn.net\/ZxPx6\/2\/\" target=\"_blank\" rel=\"noopener\">cliquez ici<\/a>.<\/p>\n<p class=\" wall-content\">La situation actuelle n\u2019a rien d\u2019exceptionnel ni de \u00ab\u2009catastrophique\u2009\u00bb. Cela dit, \u00ab\u2009on ne devrait jamais s\u2019habituer \u00e0 ces \u00e9pid\u00e9mies qui pr\u00e9l\u00e8vent en moyenne dix mille vies suppl\u00e9mentaires chaque hiver\u2009\u00bb, pr\u00e9cise-t-il.<\/p>\n<p class=\" wall-content\">D\u2019ailleurs, \u00ab\u2009la synchronisation de ces \u00e9pid\u00e9mies \u00e0 l\u2019\u00e9chelle du territoire m\u00e9tropolitain est tr\u00e8s importante, ce qui signifie qu\u2019actuellement ce n\u2019est pas seulement la France qui est \u00ab\u2009en rouge\u2009\u00bb, mais aussi l\u2019Espagne, le Royaume-Uni, les \u00c9tats-Unis ou encore le Japon\u2026\u2009\u00bb, fait savoir Antoine Flahault.<\/p>\n<p>\u00ab\u2009La grippe est une maladie \u00e9vitable\u2009\u00bb<\/p>\n<p class=\" wall-content\">\u00ab\u2009Si l\u2019on porte un <strong>masque de type FFP2<\/strong> en lieu clos et mal ventil\u00e9, et que l\u2019on ne s\u00e9journe pas plus d\u2019une heure sans masque dans ce type de milieux int\u00e9rieurs confin\u00e9s, alors on peut esp\u00e9rer r\u00e9duire consid\u00e9rablement les risques de contamination\u2009\u00bb, rappelle l\u2019\u00e9pid\u00e9miologiste.<\/p>\n<p class=\" wall-content\">Car, comme la plupart des infections respiratoires, la grippe est une <strong>maladie \u00e9vitable<\/strong>. \u00ab\u2009Et donc ces gestes simples combinant le port du masque FFP2, l\u2019a\u00e9ration des locaux int\u00e9rieurs recevant du public o\u00f9 l\u2019on s\u00e9journe plusieurs heures et la vaccination peut permettre de moins risquer de la contracter durant l\u2019hiver\u2009\u00bb.<\/p>\n<p class=\" wall-content\">Personnalisez votre actualit\u00e9 en ajoutant vos villes et m\u00e9dias en favori avec <a href=\"https:\/\/moncompte.actu.fr\" title=\"D\u00e9couvez Mon Actu\" rel=\"nofollow noopener\" data-trk=\"{&quot;cta&quot;:{&quot;action&quot;:&quot;https:\\\/\\\/moncompte.actu.fr&quot;,&quot;category&quot;:&quot;mon compte&quot;,&quot;from&quot;:&quot;article footer&quot;,&quot;name&quot;:&quot;Mon actu&quot;,&quot;type&quot;:&quot;cta&quot;}}\" target=\"_blank\">Mon Actu<\/a>.<\/p>\n","protected":false},"excerpt":{"rendered":"Par Martin Leduc Publi\u00e9 le 11 d\u00e9c. 2025 \u00e0 19h02 La situation sur le front de la grippe&hellip;\n","protected":false},"author":2,"featured_media":593672,"comment_status":"","ping_status":"","sticky":false,"template":"","format":"standard","meta":{"footnotes":""},"categories":[10],"tags":[1011,27,29786,72,100,71,104],"class_list":{"0":"post-593671","1":"post","2":"type-post","3":"status-publish","4":"format-standard","5":"has-post-thumbnail","7":"category-sante","8":"tag-fr","9":"tag-france","10":"tag-grippe","11":"tag-health","12":"tag-hopital","13":"tag-sante","14":"tag-societe"},"share_on_mastodon":{"url":"https:\/\/pubeurope.com\/@fr\/115703175198295787","error":""},"_links":{"self":[{"href":"https:\/\/www.europesays.com\/fr\/wp-json\/wp\/v2\/posts\/593671","targetHints":{"allow":["GET"]}}],"collection":[{"href":"https:\/\/www.europesays.com\/fr\/wp-json\/wp\/v2\/posts"}],"about":[{"href":"https:\/\/www.europesays.com\/fr\/wp-json\/wp\/v2\/types\/post"}],"author":[{"embeddable":true,"href":"https:\/\/www.europesays.com\/fr\/wp-json\/wp\/v2\/users\/2"}],"replies":[{"embeddable":true,"href":"https:\/\/www.europesays.com\/fr\/wp-json\/wp\/v2\/comments?post=593671"}],"version-history":[{"count":0,"href":"https:\/\/www.europesays.com\/fr\/wp-json\/wp\/v2\/posts\/593671\/revisions"}],"wp:featuredmedia":[{"embeddable":true,"href":"https:\/\/www.europesays.com\/fr\/wp-json\/wp\/v2\/media\/593672"}],"wp:attachment":[{"href":"https:\/\/www.europesays.com\/fr\/wp-json\/wp\/v2\/media?parent=593671"}],"wp:term":[{"taxonomy":"category","embeddable":true,"href":"https:\/\/www.europesays.com\/fr\/wp-json\/wp\/v2\/categories?post=593671"},{"taxonomy":"post_tag","embeddable":true,"href":"https:\/\/www.europesays.com\/fr\/wp-json\/wp\/v2\/tags?post=593671"}],"curies":[{"name":"wp","href":"https:\/\/api.w.org\/{rel}","templated":true}]}}