{"id":593673,"date":"2025-12-11T21:58:20","date_gmt":"2025-12-11T21:58:20","guid":{"rendered":"https:\/\/www.europesays.com\/fr\/593673\/"},"modified":"2025-12-11T21:58:20","modified_gmt":"2025-12-11T21:58:20","slug":"en-direct-ligue-europa-revivez-la-5e-victoire-de-lol-face-a-go-ahead-eagles-2-1","status":"publish","type":"post","link":"https:\/\/www.europesays.com\/fr\/593673\/","title":{"rendered":"En direct Ligue Europa. Revivez la 5e victoire de l&rsquo;OL face \u00e0 Go Ahead Eagles (2-1)"},"content":{"rendered":"<p>&#13;<br \/>\n                                                    En direct&#13;<br \/>\n                        &#13;\n                                            <\/p>\n<p>\u00a0L&rsquo;OL a valid\u00e9 jeudi \u00e0 domicile un cinqui\u00e8me succ\u00e8s en six journ\u00e9es de Ligue Europa, face aux N\u00e9erlandais de Go Ahead Eagles (2-1) et conforte sa place de coleader de la phase de groupe. Revivez les principaux faits de ce match.<\/p>\n<p>&#13;<br \/>\n              Arnaud Cl\u00e9ment &#8211; &#13;<br \/>\n        &#13;<br \/>\n          Aujourd&rsquo;hui \u00e0 20:30&#13;<br \/>\n    &#13;<br \/>\n                  | mis \u00e0 jour aujourd&rsquo;hui \u00e0 22:57&#13;<br \/>\n              &#8211; Temps de lecture : &#13;<br \/>\n  &#13;\n<\/p>\n<p>                        &#13;<br \/>\n    &#13;<br \/>\n    &#13;<br \/>\n    <a href=\"https:\/\/cdn-s-www.leprogres.fr\/images\/D31AA526-D597-41DD-BB7A-65009818DF93\/NW_raw\/a-decines-au-groupama-stadium-match-de-poule-de-l-europa-league-saison-2025-2026-ol-go-ahead-eagles-ici-but-de-pavel-sulc-1765487061.jpg\" title=\"A D\u00e9cines au Groupama Stadium  match de poule de l&#039;Europa League saison 2025 - 2026   OL - Go Ahead Eagles ici but de Pavel Sulc\" class=\"chocolat-image GA-tracking\" data-ga_type=\"click\" data-ga_category=\"D\u00e9tail\" data-ga_action=\"zoomer\" data-ga_label=\"aggrandir image\" target=\"_blank\" rel=\"noopener\">&#13;<br \/>\n        <img src=\"https:\/\/www.europesays.com\/fr\/wp-content\/uploads\/2025\/12\/a-decines-au-groupama-stadium-match-de-poule-de-l-europa-league-saison-2025-2026-ol-go-ahead-eagles-.jpeg\"   alt=\"A D\u00e9cines au Groupama Stadium  match de poule de l'Europa League saison 2025 - 2026   OL - Go Ahead Eagles ici but de Pavel Sulc\" fetchpriority=\"high\" decoding=\"async\" data-mobile=\"NW_detail_M|1765487061\" data-base=\"NW_detail|1765487061\"\/>&#13;<br \/>\n    <\/a>&#13;<br \/>\n    A D\u00e9cines au Groupama Stadium  match de poule de l&rsquo;Europa League saison 2025 &#8211; 2026   OL &#8211; Go Ahead Eagles ici but de Pavel Sulc<\/p>\n","protected":false},"excerpt":{"rendered":"&#13; En direct&#13; &#13; \u00a0L&rsquo;OL a valid\u00e9 jeudi \u00e0 domicile un cinqui\u00e8me succ\u00e8s en six journ\u00e9es de Ligue&hellip;\n","protected":false},"author":2,"featured_media":593674,"comment_status":"","ping_status":"","sticky":false,"template":"","format":"standard","meta":{"footnotes":""},"categories":[9],"tags":[3545,2757,107,63,1011,27,70648,2428,2755,2429,517,60],"class_list":{"0":"post-593673","1":"post","2":"type-post","3":"status-publish","4":"format-standard","5":"has-post-thumbnail","7":"category-sports","8":"tag-direct-sport","9":"tag-edition-lyon-villeurbanne","10":"tag-fil-info","11":"tag-football","12":"tag-fr","13":"tag-france","14":"tag-ligue-europa-football","15":"tag-lyon","16":"tag-ol-olympique-lyonnais-football","17":"tag-rhone","18":"tag-sport","19":"tag-sports"},"share_on_mastodon":{"url":"https:\/\/pubeurope.com\/@fr\/115703180779990748","error":""},"_links":{"self":[{"href":"https:\/\/www.europesays.com\/fr\/wp-json\/wp\/v2\/posts\/593673","targetHints":{"allow":["GET"]}}],"collection":[{"href":"https:\/\/www.europesays.com\/fr\/wp-json\/wp\/v2\/posts"}],"about":[{"href":"https:\/\/www.europesays.com\/fr\/wp-json\/wp\/v2\/types\/post"}],"author":[{"embeddable":true,"href":"https:\/\/www.europesays.com\/fr\/wp-json\/wp\/v2\/users\/2"}],"replies":[{"embeddable":true,"href":"https:\/\/www.europesays.com\/fr\/wp-json\/wp\/v2\/comments?post=593673"}],"version-history":[{"count":0,"href":"https:\/\/www.europesays.com\/fr\/wp-json\/wp\/v2\/posts\/593673\/revisions"}],"wp:featuredmedia":[{"embeddable":true,"href":"https:\/\/www.europesays.com\/fr\/wp-json\/wp\/v2\/media\/593674"}],"wp:attachment":[{"href":"https:\/\/www.europesays.com\/fr\/wp-json\/wp\/v2\/media?parent=593673"}],"wp:term":[{"taxonomy":"category","embeddable":true,"href":"https:\/\/www.europesays.com\/fr\/wp-json\/wp\/v2\/categories?post=593673"},{"taxonomy":"post_tag","embeddable":true,"href":"https:\/\/www.europesays.com\/fr\/wp-json\/wp\/v2\/tags?post=593673"}],"curies":[{"name":"wp","href":"https:\/\/api.w.org\/{rel}","templated":true}]}}