{"id":593675,"date":"2025-12-11T21:59:19","date_gmt":"2025-12-11T21:59:19","guid":{"rendered":"https:\/\/www.europesays.com\/fr\/593675\/"},"modified":"2025-12-11T21:59:19","modified_gmt":"2025-12-11T21:59:19","slug":"lanimatrice-laury-thilleman-revient-sur-le-baiser-force-dary-abittan-lors-dune-emission-en-2013","status":"publish","type":"post","link":"https:\/\/www.europesays.com\/fr\/593675\/","title":{"rendered":"l&rsquo;animatrice Laury Thilleman revient sur le baiser forc\u00e9 d&rsquo;Ary Abittan lors d&rsquo;une \u00e9mission en 2013"},"content":{"rendered":"\n<p class=\"c-chapo \">\n  L&rsquo;ancienne Miss France ne s&rsquo;\u00e9tait jamais exprim\u00e9e sur cette s\u00e9quence, qui circule sur les r\u00e9seaux sociaux \u00e0 la faveur du soutien de Brigitte Macron \u00e0 l&rsquo;humoriste. Mais \u00ab\u00a0le traumatisme est intact\u00a0\u00bb, \u00e9crit-elle.\n<\/p>\n<p>      lire plus tard<\/p>\n<p id=\"dialog__title\" class=\"dialog__title\">Pour sauvegarder cet article, connectez-vous ou cr\u00e9ez un compte franceinfo<\/p>\n<p class=\"dialog__description\">Sans paiement. Sans abonnement.<\/p>\n<p>        Fermer la fen\u00eatre d\u2019activation des notifications France Info<\/p>\n<p>      cr\u00e9er votre compte<\/p>\n<p>      se connecter<\/p>\n<p>      :<\/p>\n<p>        Fermer la fen\u00eatre de pr\u00e9sentation<\/p>\n<p>    <img loading=\"lazy\" decoding=\"async\" class=\"signature__image lazyload\" width=\"100\" height=\"100\" data- alt=\"\" src=\"https:\/\/www.europesays.com\/fr\/wp-content\/uploads\/2025\/06\/64a55fd777de4_placeholder-36b69ec8.png\"\/><\/p>\n<p>    Publi\u00e9 le 11\/12\/2025 19:18<\/p>\n<p>      Mis \u00e0 jour le 11\/12\/2025 19:34<\/p>\n<p>        Temps de lecture : 1min<\/p>\n<p>    <img decoding=\"async\"  alt=\"Laury Thilleman lors d'une conf\u00e9rence de presse du groupe France T\u00e9l\u00e9visions \u00e0 Paris, le 4 novembre 2024. (STEPHANE DE SAKUTIN \/ AFP)\" width=\"432\" height=\"243\" src=\"https:\/\/www.europesays.com\/fr\/wp-content\/uploads\/2025\/12\/000-36fg977-693b08dbdce77859803679.jpg\" fetchpriority=\"high\"\/><\/p>\n<p>      Laury Thilleman lors d&rsquo;une conf\u00e9rence de presse du groupe France T\u00e9l\u00e9visions \u00e0 Paris, le 4 novembre 2024. (STEPHANE DE SAKUTIN \/ AFP)<\/p>\n<p>Laury Thilleman prend la parole. <a href=\"https:\/\/www.instagram.com\/stories\/folles.alliees\/\" target=\"_blank\" rel=\"noopener\" data-tooltip-url=\"https:\/\/www.instagram.com\/stories\/folles.alliees\/\">Sur son compte Instagram<\/a>, l&rsquo;animatrice est revenue, jeudi 11 d\u00e9cembre, sur une vid\u00e9o de 2013, o\u00f9 elle est embrass\u00e9e de force <a href=\"https:\/\/www.franceinfo.fr\/societe\/violences-faites-aux-femmes\/nous-toutes\/accusation-de-viol-non-lieu-on-vous-explique-l-affaire-judiciaire-qui-a-vise-ary-abittan_7668016.html\" rel=\"noopener noreferrer nofollow\" data-tooltip-url=\"https:\/\/www.franceinfo.fr\/societe\/violences-faites-aux-femmes\/nous-toutes\/accusation-de-viol-non-lieu-on-vous-explique-l-affaire-judiciaire-qui-a-vise-ary-abittan_7668016.html\" target=\"_blank\">par Ary Abittan<\/a> lors d&rsquo;un passage de l&rsquo;\u00e9mission \u00ab\u00a0Les Enfants de la t\u00e9l\u00e9\u00a0\u00bb, qui circule ces derniers jours sur les r\u00e9seaux sociaux <a href=\"https:\/\/www.franceinfo.fr\/politique\/emmanuel-macron\/brigitte-macron\/brigitte-macron-qualifie-de-sale-connes-des-militantes-feministes-qui-ont-interrompu-un-spectacle-d-ary-abittan_7666375.html\" rel=\"noopener noreferrer nofollow\" data-tooltip-url=\"https:\/\/www.franceinfo.fr\/politique\/emmanuel-macron\/brigitte-macron\/brigitte-macron-qualifie-de-sale-connes-des-militantes-feministes-qui-ont-interrompu-un-spectacle-d-ary-abittan_7666375.html\" target=\"_blank\">apr\u00e8s la pol\u00e9mique autour de l&rsquo;interruption du spectacle de l&rsquo;humoriste par des militantes f\u00e9ministes<\/a>.<\/p>\n<p>\u00ab\u00a0Je red\u00e9couvre ces images 14 ans apr\u00e8s. J&rsquo;avais 20 ans, j&rsquo;en ai aujourd&rsquo;hui 34, mais le traumatisme est intact\u00a0\u00bb, \u00e9crit l&rsquo;ancienne Miss France. Dans ce message publi\u00e9 sur Instagram, Laury Thilleman explique pourquoi elle ne s&rsquo;est jamais exprim\u00e9e sur cette s\u00e9quence\u00a0: \u00ab\u00a0A l&rsquo;\u00e9poque, j&rsquo;avais honte, je me sentais humili\u00e9e, objetis\u00e9e, impuissante, alors pour faire bonne figure je tente d&rsquo;en rire comme tout le monde autour de la table. Mais je ne consens pas\u00a0\u00bb, ajoute-t-elle.<\/p>\n<blockquote class=\"ftvi_content_quote\">\n<p class=\"ftvi_citation_quote\">\u00ab\u00a0A l&rsquo;\u00e9poque, je n&rsquo;ai rien dit, je n&rsquo;ai rien fait, par peur, par honte. Parce que le consentement il y a 14 ans, on n&rsquo;en parlait pas.\u00a0\u00bb <\/p>\n<p>Laury Thilleman, ancienne Miss France<\/p>\n<p class=\"ftvi_citation_source\">sur Instagram<\/p>\n<\/blockquote>\n<p>\u00ab\u00a0Je ne souhaite \u00e0 personne ce qui est arriv\u00e9. Alors, au nom de toutes celles et ceux qui n&rsquo;ont pas pu faire entendre leurs voix, je souhaite faire entendre la mienne\u00a0\u00bb, conclut-elle.<\/p>\n<p><script async src=\"\/\/www.instagram.com\/embed.js\"><\/script><\/p>\n","protected":false},"excerpt":{"rendered":"L&rsquo;ancienne Miss France ne s&rsquo;\u00e9tait jamais exprim\u00e9e sur cette s\u00e9quence, qui circule sur les r\u00e9seaux sociaux \u00e0 la&hellip;\n","protected":false},"author":2,"featured_media":593676,"comment_status":"","ping_status":"","sticky":false,"template":"","format":"standard","meta":{"footnotes":""},"categories":[8],"tags":[58,59,1011,27],"class_list":{"0":"post-593675","1":"post","2":"type-post","3":"status-publish","4":"format-standard","5":"has-post-thumbnail","7":"category-divertissement","8":"tag-divertissement","9":"tag-entertainment","10":"tag-fr","11":"tag-france"},"share_on_mastodon":{"url":"https:\/\/pubeurope.com\/@fr\/115703185051457303","error":""},"_links":{"self":[{"href":"https:\/\/www.europesays.com\/fr\/wp-json\/wp\/v2\/posts\/593675","targetHints":{"allow":["GET"]}}],"collection":[{"href":"https:\/\/www.europesays.com\/fr\/wp-json\/wp\/v2\/posts"}],"about":[{"href":"https:\/\/www.europesays.com\/fr\/wp-json\/wp\/v2\/types\/post"}],"author":[{"embeddable":true,"href":"https:\/\/www.europesays.com\/fr\/wp-json\/wp\/v2\/users\/2"}],"replies":[{"embeddable":true,"href":"https:\/\/www.europesays.com\/fr\/wp-json\/wp\/v2\/comments?post=593675"}],"version-history":[{"count":0,"href":"https:\/\/www.europesays.com\/fr\/wp-json\/wp\/v2\/posts\/593675\/revisions"}],"wp:featuredmedia":[{"embeddable":true,"href":"https:\/\/www.europesays.com\/fr\/wp-json\/wp\/v2\/media\/593676"}],"wp:attachment":[{"href":"https:\/\/www.europesays.com\/fr\/wp-json\/wp\/v2\/media?parent=593675"}],"wp:term":[{"taxonomy":"category","embeddable":true,"href":"https:\/\/www.europesays.com\/fr\/wp-json\/wp\/v2\/categories?post=593675"},{"taxonomy":"post_tag","embeddable":true,"href":"https:\/\/www.europesays.com\/fr\/wp-json\/wp\/v2\/tags?post=593675"}],"curies":[{"name":"wp","href":"https:\/\/api.w.org\/{rel}","templated":true}]}}