{"id":593681,"date":"2025-12-11T22:03:14","date_gmt":"2025-12-11T22:03:14","guid":{"rendered":"https:\/\/www.europesays.com\/fr\/593681\/"},"modified":"2025-12-11T22:03:14","modified_gmt":"2025-12-11T22:03:14","slug":"donald-trump-exaspere-par-les-mauvais-sondages-sur-leconomie","status":"publish","type":"post","link":"https:\/\/www.europesays.com\/fr\/593681\/","title":{"rendered":"Donald Trump exasp\u00e9r\u00e9 par les mauvais sondages sur l&rsquo;\u00e9conomie"},"content":{"rendered":"<p>\n    \u00abQuand dira-t-on enfin que j\u2019ai cr\u00e9\u00e9, sans inflation, peut-\u00eatre la meilleure \u00e9conomie de l\u2019histoire de notre pays?\u00bb, s\u2019est indign\u00e9 le pr\u00e9sident am\u00e9ricain.<\/p>\n<p class=\"fig-paragraph\">\u00abQuand les sondages vont-ils refl\u00e9ter la grandeur de l&rsquo;Am\u00e9rique aujourd&rsquo;hui?\u00bb\u00a0<a href=\"http:\/\/www.lefigaro.fr\/secteur\/high-tech\/pourquoi-la-chine-referme-la-porte-aux-puces-ia-nvidia-malgre-le-feu-vert-de-donald-trump-20251211\" target=\"_blank\" data-fig-type=\"Article\" rel=\"noopener\" data-gtm-custom-categorie=\"navigation\" data-gtm-custom-action=\"crossclick\" data-gtm-custom-label=\"Contextuel\" data-gtm-event=\"customEventSPE\" data-fig-domain=\"LEFIGARO\">Donald Trump<\/a>\u00a0a laiss\u00e9 libre cours jeudi \u00e0 son exasp\u00e9ration face aux enqu\u00eates d&rsquo;opinion, qui r\u00e9v\u00e8lent le m\u00e9contentement croissant des Am\u00e9ricains face \u00e0 sa politique \u00e9conomique. \u00abQuand dira-t-on enfin que j&rsquo;ai cr\u00e9\u00e9, sans inflation, peut-\u00eatre la meilleure \u00e9conomie de l&rsquo;histoire de notre pays? Quand les gens vont-ils comprendre ce qu&rsquo;il se passe?\u00bb s&rsquo;est encore indign\u00e9 le pr\u00e9sident am\u00e9ricain dans un message sur son r\u00e9seau Truth Social.<\/p>\n<p class=\"fig-paragraph\">Il a une nouvelle fois accabl\u00e9 son pr\u00e9d\u00e9cesseur d\u00e9mocrate\u00a0<a href=\"http:\/\/www.lefigaro.fr\/international\/joe-biden-a-termine-une-cure-de-radiotherapie-contre-son-cancer-de-la-prostate-annonce-sa-porte-parole-20251021\" target=\"_blank\" data-fig-type=\"NewsFlash\" rel=\"noopener\" data-gtm-custom-categorie=\"navigation\" data-gtm-custom-action=\"crossclick\" data-gtm-custom-label=\"Contextuel\" data-gtm-event=\"customEventSPE\" data-fig-domain=\"LEFIGARO\">Joe Biden<\/a>\u00a0pour le \u00abd\u00e9sastre\u00bb qu&rsquo;il lui a laiss\u00e9 en mati\u00e8re d&rsquo;inflation. Un sondage men\u00e9 par l&rsquo;universit\u00e9 de Chicago pour l&rsquo;agence AP, publi\u00e9 jeudi, indique que seulement 31% des Am\u00e9ricains sont satisfaits de la politique \u00e9conomique men\u00e9e par Donald Trump, contre 40% en mars, soit le plus bas niveau jamais relev\u00e9, y compris pendant son premier mandat.<\/p>\n<p>                                            <a class=\"fig-a11y-skip\" href=\"#fig-a11y-skip-main-inarticle\" data-module=\"a11y-skip\" data-context=\"was @visible\"><br \/>\n    Passer la publicit\u00e9<br \/>\n<\/a>            <\/p>\n<p>                                            \u00ab\u00c9conomie \u00e9clatante\u00bb<\/p>\n<p class=\"fig-paragraph\">68% d&rsquo;entre eux jugent que l&rsquo;\u00e9conomie am\u00e9ricaine se porte mal, selon le m\u00eame sondage. Cette insatisfaction contraste avec le paysage \u00e9conomique flatteur d\u00e9peint par le pr\u00e9sident, qui a \u00e9t\u00e9 \u00e9lu en grande partie gr\u00e2ce \u00e0 ses promesses de lutter contre la vie ch\u00e8re. Le r\u00e9publicain de 79 ans a r\u00e9p\u00e9t\u00e9 jeudi que \u00ables prix baissaient rapidement\u00bb et vant\u00e9 le haut niveau des cours de Bourse.<\/p>\n<p class=\"fig-paragraph\">L&rsquo;inflation, qui avait flamb\u00e9 pendant la pr\u00e9sidence de Joe Biden, a d&rsquo;abord ralenti apr\u00e8s le retour au pouvoir de Donald Trump en janvier, puis a acc\u00e9l\u00e9r\u00e9 depuis avril. Le dernier pointage publi\u00e9, en septembre, \u00e9tait de 2,8% de hausse des prix sur un an. Le gouvernement n&rsquo;a pas d\u00e9voil\u00e9 de statistique pour octobre, invoquant la paralysie budg\u00e9taire alors en cours, et le chiffre de novembre est attendu la semaine prochaine.<\/p>\n<p class=\"fig-paragraph\">\u00abPour ce qui concerne le co\u00fbt de la vie, tous les indicateurs \u00e9conomiques (&#8230;) montrent qu&rsquo;en r\u00e9alit\u00e9 l&rsquo;\u00e9conomie est meilleure et plus \u00e9clatante que sous le gouvernement pr\u00e9c\u00e9dent\u00bb, a assur\u00e9 la porte-parole de la Maison-Blanche Karoline Leavitt jeudi pendant une conf\u00e9rence de presse.<\/p>\n","protected":false},"excerpt":{"rendered":"\u00abQuand dira-t-on enfin que j\u2019ai cr\u00e9\u00e9, sans inflation, peut-\u00eatre la meilleure \u00e9conomie de l\u2019histoire de notre pays?\u00bb, s\u2019est&hellip;\n","protected":false},"author":2,"featured_media":593682,"comment_status":"","ping_status":"","sticky":false,"template":"","format":"standard","meta":{"footnotes":""},"categories":[5],"tags":[11,75,1011,27,14,12,28],"class_list":{"0":"post-593681","1":"post","2":"type-post","3":"status-publish","4":"format-standard","5":"has-post-thumbnail","7":"category-international","8":"tag-actualites","9":"tag-donald-trump","10":"tag-fr","11":"tag-france","12":"tag-international","13":"tag-news","14":"tag-world"},"share_on_mastodon":{"url":"https:\/\/pubeurope.com\/@fr\/115703198974256019","error":""},"_links":{"self":[{"href":"https:\/\/www.europesays.com\/fr\/wp-json\/wp\/v2\/posts\/593681","targetHints":{"allow":["GET"]}}],"collection":[{"href":"https:\/\/www.europesays.com\/fr\/wp-json\/wp\/v2\/posts"}],"about":[{"href":"https:\/\/www.europesays.com\/fr\/wp-json\/wp\/v2\/types\/post"}],"author":[{"embeddable":true,"href":"https:\/\/www.europesays.com\/fr\/wp-json\/wp\/v2\/users\/2"}],"replies":[{"embeddable":true,"href":"https:\/\/www.europesays.com\/fr\/wp-json\/wp\/v2\/comments?post=593681"}],"version-history":[{"count":0,"href":"https:\/\/www.europesays.com\/fr\/wp-json\/wp\/v2\/posts\/593681\/revisions"}],"wp:featuredmedia":[{"embeddable":true,"href":"https:\/\/www.europesays.com\/fr\/wp-json\/wp\/v2\/media\/593682"}],"wp:attachment":[{"href":"https:\/\/www.europesays.com\/fr\/wp-json\/wp\/v2\/media?parent=593681"}],"wp:term":[{"taxonomy":"category","embeddable":true,"href":"https:\/\/www.europesays.com\/fr\/wp-json\/wp\/v2\/categories?post=593681"},{"taxonomy":"post_tag","embeddable":true,"href":"https:\/\/www.europesays.com\/fr\/wp-json\/wp\/v2\/tags?post=593681"}],"curies":[{"name":"wp","href":"https:\/\/api.w.org\/{rel}","templated":true}]}}