{"id":593683,"date":"2025-12-11T22:04:15","date_gmt":"2025-12-11T22:04:15","guid":{"rendered":"https:\/\/www.europesays.com\/fr\/593683\/"},"modified":"2025-12-11T22:04:15","modified_gmt":"2025-12-11T22:04:15","slug":"la-vp-de-lr-trouve-lamentable-la-capitulation-de-sarkozy-face-a-lextreme-droite-liberation","status":"publish","type":"post","link":"https:\/\/www.europesays.com\/fr\/593683\/","title":{"rendered":"La VP de LR trouve \u00ablamentable\u00bb la \u00abcapitulation\u00bb de Sarkozy face \u00e0 l\u2019extr\u00eame droite \u2013 Lib\u00e9ration"},"content":{"rendered":"<p class=\"sc-cPiKLX AiZTS text-element\"><b>Extrait de <\/b><b>Chez Pol, <\/b><b>notre newsletter politique r\u00e9serv\u00e9e \u00e0 nos abonn\u00e9s : <\/b><a href=\"https:\/\/offre.liberation.fr\/chez-pol-mois-offert\" target=\"_blank\" rel=\"noopener\"><b>d<\/b><\/a><a href=\"https:\/\/offre.liberation.fr\/chez-pol-mois-offert\" target=\"_blank\" rel=\"noopener\"><b>\u00e9couvrez-la gratuitement.<\/b><\/a><\/p>\n<p class=\"sc-cPiKLX AiZTS text-element\">Incroyable : certains \u00e0 droite continuent \u00e0 faire barrage contre l\u2019extr\u00eame droite. Vice-pr\u00e9sidente de LR, <a href=\"https:\/\/newsletter.liberation.fr\/m\/ml\/200138\/551916\/5BJiMI5WEicYOmwEYDqeHpReVUh3za4zOeZqNhKtH-o=\/F6-zMvv8mcRoKFM54d0uvA0NG9R+NVLwShBo+Wjpr1c=\/AwlDSEVaUE9MIChUZXN0IC0gMTEvMTIvMjAyNSAxMDo1NDowNik=\" target=\"_blank\" rel=\"noopener\" title=\"https:\/\/newsletter.liberation.fr\/m\/ml\/200138\/551916\/5BJiMI5WEicYOmwEYDqeHpReVUh3za4zOeZqNhKtH-o=\/F6-zMvv8mcRoKFM54d0uvA0NG9R+NVLwShBo+Wjpr1c=\/AwlDSEVaUE9MIChUZXN0IC0gMTEvMTIvMjAyNSAxMDo1NDowNik=\">Florence Portelli s\u2019illustre depuis des semaines<\/a> en s\u2019opposant \u00e0 la d\u00e9rive de certains membres de sa famille politique, notamment Wauquiez \u2013 qu\u2019elle a soutenu face \u00e0 Retailleau \u2013 et son envie d\u2019organiser une primaire jusqu\u2019\u00e0 Reconqu\u00eate. Sur <a href=\"https:\/\/newsletter.liberation.fr\/m\/ml\/200138\/551916\/5BJiMI5WEicYOmwEYDqeHpReVUh3za4zOeZqNhKtH-o=\/F6-zMvv8mcRoKFM54d0uvA0NG9R+NVLwETfaggGwfTI=\/AwlDSEVaUE9MIChUZXN0IC0gMTEvMTIvMjAyNSAxMDo1NDowNik=\" target=\"_blank\" rel=\"noopener\" title=\"https:\/\/newsletter.liberation.fr\/m\/ml\/200138\/551916\/5BJiMI5WEicYOmwEYDqeHpReVUh3za4zOeZqNhKtH-o=\/F6-zMvv8mcRoKFM54d0uvA0NG9R+NVLwETfaggGwfTI=\/AwlDSEVaUE9MIChUZXN0IC0gMTEvMTIvMjAyNSAxMDo1NDowNik=\">France Info<\/a> ce jeudi, c\u2019est Sarkozy qui en prend pour son grade, toujours sur le m\u00eame th\u00e8me du No pasaran. Concernant le barrage, l\u2019ancien chef de l\u2019Etat a clairement l\u00e2ch\u00e9 la rampe, que ce soit dans son bouquin o\u00f9 il enterre l\u2019id\u00e9e de front r\u00e9publicain, o\u00f9 dans le Point ce matin o\u00f9 il explique sans fr\u00e9mir que Jordan Bardella, qu\u2019il a re\u00e7u dans son bureau, lui a fait penser \u00abau RPR au temps de Jacques Chirac\u00bb. Un Chirac qui, selon Florence Portelli, \u00abdoit faire des saltos arri\u00e8re dans sa tombe\u00bb. \u00abIl avait une constance dans sa vie, c\u2019est d\u2019\u00eatre farouchement oppos\u00e9 au FN, poursuit-elle. Oser se revendiquer de Chirac pour aller cautionner une capitulation du pays vers l\u2019extr\u00eame droite, je trouve \u00e7a lamentable. [\u2026] Il y a quelques ann\u00e9es, il a commenc\u00e9 \u00e0 tirer contre son propre camp en nous disant qu\u2019il fallait se prosterner devant Macron. Puis maintenant il nous explique qu\u2019il faut se prosterner devant Bardella. Juste, qu\u2019il nous laisse aller vers un autre chemin.\u00bb On est donc dans un moment o\u00f9 certains gens de droite sont plus critiques \u00e0 l\u2019adresse de Sarko que des membres de la macronie.<\/p>\n<p class=\"sc-cPiKLX AiZTS text-element\">Quelle ne fut pas notre surprise, \u00e0 la lecture de <a href=\"https:\/\/newsletter.liberation.fr\/m\/ml\/200138\/551915\/k3NogDEK7q2wonYsy79wGUiN9O6Kv8NxIclLhdMe8Og=\/v41WF7l50jNGWYScQUC2wmxCv-2DctDcDd4goVN6Ux0=\/wwVOTF9DaGV6X1BvbF9fMjAyNS0xMi0xMQ==\" target=\"_blank\" rel=\"noopener\" title=\"https:\/\/newsletter.liberation.fr\/m\/ml\/200138\/551915\/k3NogDEK7q2wonYsy79wGUiN9O6Kv8NxIclLhdMe8Og=\/v41WF7l50jNGWYScQUC2wmxCv-2DctDcDd4goVN6Ux0=\/wwVOTF9DaGV6X1BvbF9fMjAyNS0xMi0xMQ==\">Mediapart<\/a> mercredi, de d\u00e9couvrir que Carla Bruni est intervenue aupr\u00e8s de Darmanin pour obtenir le droit de rendre visite \u00e0 son prisonnier de mari plusieurs jours d\u2019affil\u00e9e. Selon le site d\u2019info, \u00abl\u2019ex-premi\u00e8re dame a notamment sollicit\u00e9 un parloir exceptionnel pour le samedi 1er novembre, jour de la Toussaint, alors qu\u2019aucun parloir n\u2019est organis\u00e9 pour les familles pendant les jours f\u00e9ri\u00e9s dans cette maison d\u2019arr\u00eat\u00bb. Sarkozy a b\u00e9n\u00e9fici\u00e9 de certaines facilit\u00e9s. Il a notamment eu un parloir avec son \u00e9pouse le jour m\u00eame de son incarc\u00e9ration. Bruni entrait dans la prison par \u00abun chemin dissimul\u00e9\u00bb, pr\u00e9cisait d\u00e8s la fin octobre le Figaro, sans passer par la queue et le portique de d\u00e9tection. Autre avantage : sa cellule \u00e9tait adapt\u00e9e aux personnes \u00e0 mobilit\u00e9 r\u00e9duite et \u00e9tait donc bien plus grande que les cellules ordinaires. On a donc \u00e9t\u00e9 surpris parce que dans son ouvrage, le m\u00eame Sarkozy affirme n\u2019avoir voulu jouir d\u2019aucun passe-droit. D\u00e8s la page 27, il le mart\u00e8le : \u00abJe pr\u00e9cisais m\u00eame [\u00e0 Macron] que je n\u2019accepterai \u201caucun traitement de faveur\u201d, toute modification \u00e9tant susceptible de provoquer une pol\u00e9mique. Je voulais me conformer strictement \u00e0 ce qui avait \u00e9t\u00e9 initialement convenu par les autorit\u00e9s judiciaires.\u00bb Mince, il aurait menti ?<\/p>\n<p class=\"sc-cPiKLX AiZTS text-element\">Le vote de 18 d\u00e9put\u00e9s LR en faveur du budget de la S\u00e9cu relance le sujet de la guerre plus chaude que froide entre Wauquiez et Bruno Retailleau. Car le patron du parti aurait voulu que ses troupes s\u2019opposent au PLFSS ou, a minima, n\u2019en permettent pas l\u2019adoption. Mais pourquoi les deux hommes n\u2019ont-ils pas accord\u00e9 leurs positions en amont ? R\u00e9ponse de Retailleau dans le Figaro : \u00abNous l\u2019avons fait. Mais je constate qu\u2019il y a eu des n\u00e9gociations de couloir avec le gouvernement.\u00bb Voil\u00e0 pour le chef des d\u00e9put\u00e9s de droite, \u00e0 qui le Vend\u00e9en reproche de jouer, via les d\u00e9bats budg\u00e9taires, \u00able deuxi\u00e8me tour de l\u2019\u00e9lection au parti\u00bb, qu\u2019il avait perdue avec 25 % des voix. Mais l\u2019ex-ministre de l\u2019Int\u00e9rieur ne tient pas Wauquiez pour seul responsable, ciblant frontalement Lecornu dont il assure qu\u2019il promettait au \u00absocle commun\u00bb de ne \u00abpas remettre en cause la r\u00e9forme des retraites\u00bb, avant donc de l\u00e2cher cette concession : \u00abTout au long des discussions budg\u00e9taires, il a choisi son interlocuteur : Wauquiez. Je comprends maintenant pourquoi\u2026\u00bb De son c\u00f4t\u00e9, l\u2019ancien pr\u00e9sident d\u2019Auvergne-Rh\u00f4ne-Alpes s\u2019interroge en priv\u00e9, selon l\u2019Opinion : \u00abPourquoi je prends la foudre ? [\u2026] Retailleau dit l\u2019inverse de ce qu\u2019il disait hier [sur les budgets Barnier et Bayrou] et tout le monde trouve qu\u2019il est d\u2019une coh\u00e9rence extraordinaire.\u00bb<\/p>\n<p class=\"sc-cPiKLX AiZTS text-element\">S\u2019il y a bien un domaine dans lequel la macronie excelle, c\u2019est celui du recasage des ex. Nouvelle illustration de cette capacit\u00e9 sp\u00e9ciale avec la nomination de <a href=\"https:\/\/newsletter.liberation.fr\/m\/ml\/200138\/551915\/k3NogDEK7q2wonYsy79wGUiN9O6Kv8NxIclLhdMe8Og=\/v41WF7l50jNGWYScQUC2ws97c5ySYaDWDd4goVN6Ux0=\/wwVOTF9DaGV6X1BvbF9fMjAyNS0xMi0xMQ==\" target=\"_blank\" rel=\"noopener\" title=\"https:\/\/newsletter.liberation.fr\/m\/ml\/200138\/551915\/k3NogDEK7q2wonYsy79wGUiN9O6Kv8NxIclLhdMe8Og=\/v41WF7l50jNGWYScQUC2ws97c5ySYaDWDd4goVN6Ux0=\/wwVOTF9DaGV6X1BvbF9fMjAyNS0xMi0xMQ==\">Clara Chappaz<\/a> en tant qu\u2019ambassadrice pour le num\u00e9rique et l\u2019intelligence artificielle. L\u2019ancienne directrice de la mission French Tech est r\u00e9compens\u00e9e apr\u00e8s avoir \u00e9t\u00e9 ministre d\u00e9l\u00e9gu\u00e9e au Num\u00e9rique sous Michel Barnier puis Fran\u00e7ois Bayrou. Autre recasage valid\u00e9 au Journal officiel ce matin : <a href=\"https:\/\/newsletter.liberation.fr\/m\/ml\/200138\/551915\/k3NogDEK7q2wonYsy79wGUiN9O6Kv8NxIclLhdMe8Og=\/v41WF7l50jNGWYScQUC2wvkZwHFR5rcwDd4goVN6Ux0=\/wwVOTF9DaGV6X1BvbF9fMjAyNS0xMi0xMQ==\" target=\"_blank\" rel=\"noopener\" title=\"https:\/\/newsletter.liberation.fr\/m\/ml\/200138\/551915\/k3NogDEK7q2wonYsy79wGUiN9O6Kv8NxIclLhdMe8Og=\/v41WF7l50jNGWYScQUC2wvkZwHFR5rcwDd4goVN6Ux0=\/wwVOTF9DaGV6X1BvbF9fMjAyNS0xMi0xMQ==\">Guillaume Vuilletet<\/a> est nomm\u00e9 \u00abd\u00e9l\u00e9gu\u00e9 interminist\u00e9riel \u00e0 la souverainet\u00e9 agricole des outre-mer\u00bb. L\u2019ex-d\u00e9put\u00e9 macroniste venu d\u2019EE-LV, battu en 2024, avait d\u00e9j\u00e0 trouv\u00e9 un nouveau point de chute depuis le d\u00e9but de l\u2019ann\u00e9e et son arriv\u00e9e \u00e0 l\u2019\u00c9lys\u00e9e comme conseiller outre-mer d\u2019Emmanuel Macron.<\/p>\n<p class=\"sc-cPiKLX AiZTS text-element\">Est-ce pour cela qu\u2019<a href=\"https:\/\/newsletter.liberation.fr\/m\/ml\/200138\/551915\/k3NogDEK7q2wonYsy79wGUiN9O6Kv8NxIclLhdMe8Og=\/v41WF7l50jNGWYScQUC2wlrVvNNLDubXDd4goVN6Ux0=\/wwVOTF9DaGV6X1BvbF9fMjAyNS0xMi0xMQ==\" target=\"_blank\" rel=\"noopener\" title=\"https:\/\/newsletter.liberation.fr\/m\/ml\/200138\/551915\/k3NogDEK7q2wonYsy79wGUiN9O6Kv8NxIclLhdMe8Og=\/v41WF7l50jNGWYScQUC2wlrVvNNLDubXDd4goVN6Ux0=\/wwVOTF9DaGV6X1BvbF9fMjAyNS0xMi0xMQ==\">il jure qu\u2019il ne compte pas revenir dans le jeu politique<\/a> ? Christophe Castaner n\u2019est pas \u00e9pargn\u00e9 par les pol\u00e9miques qui touchent Shein, dont l\u2019ancien ministre de l\u2019Int\u00e9rieur a \u00e9t\u00e9 conseiller de d\u00e9cembre 2024 \u00e0 octobre 2025. Dans l\u2019\u00e9mission Compl\u00e9ment d\u2019enqu\u00eate sur Shein, qui sera diffus\u00e9e ce jeudi soir, l\u2019ancienne ministre du Commerce V\u00e9ronique Louwagie explique comment celui qui pr\u00e9side d\u00e9sormais aux destin\u00e9es du Grand Port de Marseille l\u2019a approch\u00e9e pour tenter de \u00abd\u00e9diaboliser\u00bb la plateforme d\u2019ultra fast fashion asiatique. \u00abIl m\u2019a sollicit\u00e9e par SMS plusieurs fois, c\u2019\u00e9tait quand m\u00eame assez insistant\u00bb, raconte Louwagie dans cette enqu\u00eate r\u00e9alis\u00e9e en partenariat avec <a href=\"https:\/\/newsletter.liberation.fr\/m\/ml\/200138\/551915\/k3NogDEK7q2wonYsy79wGUiN9O6Kv8NxIclLhdMe8Og=\/v41WF7l50jNGWYScQUC2wisMxc5B4ankDd4goVN6Ux0=\/wwVOTF9DaGV6X1BvbF9fMjAyNS0xMi0xMQ==\" target=\"_blank\" rel=\"noopener\" title=\"https:\/\/newsletter.liberation.fr\/m\/ml\/200138\/551915\/k3NogDEK7q2wonYsy79wGUiN9O6Kv8NxIclLhdMe8Og=\/v41WF7l50jNGWYScQUC2wisMxc5B4ankDd4goVN6Ux0=\/wwVOTF9DaGV6X1BvbF9fMjAyNS0xMi0xMQ==\">le Nouvel Obs<\/a>. \u00abIl m\u2019indiquait que le pr\u00e9sident Tang [Donald Tang, pr\u00e9sident ex\u00e9cutif de Shein, ndlr] venait en France et qu\u2019\u00e0 cette occasion le pr\u00e9sident serait tr\u00e8s honor\u00e9 de me rencontrer\u00bb, raconte encore l\u2019ex-ministre. Elle dit avoir \u00abtoujours refus\u00e9\u00bb ces rencontres, que Shein \u00abutilisait pour se d\u00e9diaboliser\u00bb. \u00abC\u2019est une forme de lobbying, [\u2026] pour s\u2019incruster dans le paysage du monde du textile ou du monde du commerce en France\u00bb, estime-t-elle. Interrog\u00e9 par Compl\u00e9ment d\u2019enqu\u00eate, Castaner nie ces tentatives.<\/p>\n","protected":false},"excerpt":{"rendered":"Extrait de Chez Pol, notre newsletter politique r\u00e9serv\u00e9e \u00e0 nos abonn\u00e9s : d\u00e9couvrez-la gratuitement. Incroyable : certains \u00e0&hellip;\n","protected":false},"author":2,"featured_media":593684,"comment_status":"","ping_status":"","sticky":false,"template":"","format":"standard","meta":{"footnotes":""},"categories":[4],"tags":[11,1011,27,1077,3228,12,3091,25],"class_list":{"0":"post-593683","1":"post","2":"type-post","3":"status-publish","4":"format-standard","5":"has-post-thumbnail","7":"category-france","8":"tag-actualites","9":"tag-fr","10":"tag-france","11":"tag-jordan-bardella","12":"tag-lr","13":"tag-news","14":"tag-nicolas-sarkozy","15":"tag-republique-francaise"},"share_on_mastodon":{"url":"https:\/\/pubeurope.com\/@fr\/115703202789608306","error":""},"_links":{"self":[{"href":"https:\/\/www.europesays.com\/fr\/wp-json\/wp\/v2\/posts\/593683","targetHints":{"allow":["GET"]}}],"collection":[{"href":"https:\/\/www.europesays.com\/fr\/wp-json\/wp\/v2\/posts"}],"about":[{"href":"https:\/\/www.europesays.com\/fr\/wp-json\/wp\/v2\/types\/post"}],"author":[{"embeddable":true,"href":"https:\/\/www.europesays.com\/fr\/wp-json\/wp\/v2\/users\/2"}],"replies":[{"embeddable":true,"href":"https:\/\/www.europesays.com\/fr\/wp-json\/wp\/v2\/comments?post=593683"}],"version-history":[{"count":0,"href":"https:\/\/www.europesays.com\/fr\/wp-json\/wp\/v2\/posts\/593683\/revisions"}],"wp:featuredmedia":[{"embeddable":true,"href":"https:\/\/www.europesays.com\/fr\/wp-json\/wp\/v2\/media\/593684"}],"wp:attachment":[{"href":"https:\/\/www.europesays.com\/fr\/wp-json\/wp\/v2\/media?parent=593683"}],"wp:term":[{"taxonomy":"category","embeddable":true,"href":"https:\/\/www.europesays.com\/fr\/wp-json\/wp\/v2\/categories?post=593683"},{"taxonomy":"post_tag","embeddable":true,"href":"https:\/\/www.europesays.com\/fr\/wp-json\/wp\/v2\/tags?post=593683"}],"curies":[{"name":"wp","href":"https:\/\/api.w.org\/{rel}","templated":true}]}}