{"id":593690,"date":"2025-12-11T22:08:25","date_gmt":"2025-12-11T22:08:25","guid":{"rendered":"https:\/\/www.europesays.com\/fr\/593690\/"},"modified":"2025-12-11T22:08:25","modified_gmt":"2025-12-11T22:08:25","slug":"meurthe-et-moselle-huit-vehicules-impliques-dans-un-accident-sur-lautoroute-a33-a-laxou","status":"publish","type":"post","link":"https:\/\/www.europesays.com\/fr\/593690\/","title":{"rendered":"Meurthe-et-Moselle. Huit v\u00e9hicules impliqu\u00e9s dans un accident sur l\u2019autoroute A33 \u00e0 Laxou"},"content":{"rendered":"<p>Ce jeudi 11\u00a0d\u00e9cembre 2025, aux alentours de 17\u00a0h\u00a045, un accident &#8211; toujours en cours &#8211; a occasionn\u00e9 plus de 5 kilom\u00e8tres de bouchons et autres ralentissements sur l\u2019autoroute A33, dans le sens Lun\u00e9ville-Nancy.<\/p>\n<p>Le choc s\u2019est produit au niveau de l\u2019\u00e9changeur de Laxou. Huit v\u00e9hicules sont impliqu\u00e9s, deux personnes sont bless\u00e9es.<\/p>\n<p>Sur place, d\u2019importants moyens ont \u00e9t\u00e9 d\u00e9ploy\u00e9s avec des sapeurs-pompiers venus des casernes de Nancy-Gentilly, Vand\u0153uvre-l\u00e8s-Nancy et Pont-\u00e0-Mousson.<\/p>\n","protected":false},"excerpt":{"rendered":"Ce jeudi 11\u00a0d\u00e9cembre 2025, aux alentours de 17\u00a0h\u00a045, un accident &#8211; toujours en cours &#8211; a occasionn\u00e9 plus&hellip;\n","protected":false},"author":2,"featured_media":593691,"comment_status":"","ping_status":"","sticky":false,"template":"","format":"standard","meta":{"footnotes":""},"categories":[9635],"tags":[119,1111,11,1707,1704,1706,1705,1777,674,274,1011,27,775,10426,10262,3457,1702,12,25],"class_list":{"0":"post-593690","1":"post","2":"type-post","3":"status-publish","4":"format-standard","5":"has-post-thumbnail","7":"category-nancy","8":"tag-accident","9":"tag-actu","10":"tag-actualites","11":"tag-edition-luneville","12":"tag-edition-nancy-et-agglomeration","13":"tag-edition-pont-a-mousson","14":"tag-edition-toul","15":"tag-eu","16":"tag-europe","17":"tag-faits-divers-justice","18":"tag-fr","19":"tag-france","20":"tag-grand-est","21":"tag-laxou","22":"tag-metropole-du-grand-nancy-54b5","23":"tag-meurthe-et-moselle","24":"tag-nancy","25":"tag-news","26":"tag-republique-francaise"},"share_on_mastodon":{"url":"https:\/\/pubeurope.com\/@fr\/115703218535840299","error":""},"_links":{"self":[{"href":"https:\/\/www.europesays.com\/fr\/wp-json\/wp\/v2\/posts\/593690","targetHints":{"allow":["GET"]}}],"collection":[{"href":"https:\/\/www.europesays.com\/fr\/wp-json\/wp\/v2\/posts"}],"about":[{"href":"https:\/\/www.europesays.com\/fr\/wp-json\/wp\/v2\/types\/post"}],"author":[{"embeddable":true,"href":"https:\/\/www.europesays.com\/fr\/wp-json\/wp\/v2\/users\/2"}],"replies":[{"embeddable":true,"href":"https:\/\/www.europesays.com\/fr\/wp-json\/wp\/v2\/comments?post=593690"}],"version-history":[{"count":0,"href":"https:\/\/www.europesays.com\/fr\/wp-json\/wp\/v2\/posts\/593690\/revisions"}],"wp:featuredmedia":[{"embeddable":true,"href":"https:\/\/www.europesays.com\/fr\/wp-json\/wp\/v2\/media\/593691"}],"wp:attachment":[{"href":"https:\/\/www.europesays.com\/fr\/wp-json\/wp\/v2\/media?parent=593690"}],"wp:term":[{"taxonomy":"category","embeddable":true,"href":"https:\/\/www.europesays.com\/fr\/wp-json\/wp\/v2\/categories?post=593690"},{"taxonomy":"post_tag","embeddable":true,"href":"https:\/\/www.europesays.com\/fr\/wp-json\/wp\/v2\/tags?post=593690"}],"curies":[{"name":"wp","href":"https:\/\/api.w.org\/{rel}","templated":true}]}}