{"id":593696,"date":"2025-12-11T22:12:22","date_gmt":"2025-12-11T22:12:22","guid":{"rendered":"https:\/\/www.europesays.com\/fr\/593696\/"},"modified":"2025-12-11T22:12:22","modified_gmt":"2025-12-11T22:12:22","slug":"les-7-infos-rugby-quil-ne-fallait-pas-louper","status":"publish","type":"post","link":"https:\/\/www.europesays.com\/fr\/593696\/","title":{"rendered":"Les 7 infos rugby qu&rsquo;il ne fallait pas louper"},"content":{"rendered":"<p>                    Par<br \/>\n        <strong><br \/>\n            <a href=\"https:\/\/actu.fr\/auteur\/emilie-dudonfournier\" title=\"Consulter tous les articles de Emilie Dudon-Fournier\" target=\"_blank\" rel=\"noopener\">Emilie Dudon-Fournier<\/a><br \/>\n                    <\/strong><\/p>\n<p>        Publi\u00e9 le<\/p>\n<p>            11 d\u00e9c. 2025 \u00e0 18h23        <\/p>\n<p>Il se passe toujours quelque chose, quelque part, sur la plan\u00e8te <strong>rugby.\u00a0<\/strong><a href=\"https:\/\/actu.fr\/rugby\/\" target=\"_blank\" rel=\"noopener\">Actu Rugby<\/a>\u00a0 vous \u00e9vite de passer des heures \u00e0 scroller pour \u00eatre au parfum de tout ce qu\u2019il fallait savoir aujourd\u2019hui. Voici <strong>les 7 infos \u00e0 retenir<\/strong> en ce jeudi 11 d\u00e9cembre.<\/p>\n<p class=\" wall-content\">Janick Tarrit\u00a0ne rejouera pas avant le 4 janvier 2026. En effet, le talonneur du\u00a0Racing 92\u00a0a \u00e9cop\u00e9 de\u00a05 semaines de suspension\u00a0apr\u00e8s\u00a0son coup de t\u00eate\u00a0sur le Toulousain Efrain Elias lors de la d\u00e9faite de son \u00e9quipe (48-24) \u00e0 l\u2019occasion de la\u00a011e\u00a0journ\u00e9e de Top 14.<\/p>\n<p>Racing 92 : 5 semaines de suspension pour Tarrit<\/p>\n<p class=\" wall-content\">Janick Tarrit\u00a0ne rejouera pas avant le 4 janvier 2026. En effet, le talonneur du\u00a0Racing 92\u00a0a \u00e9cop\u00e9 de\u00a05 semaines de suspension\u00a0apr\u00e8s\u00a0son coup de t\u00eate\u00a0sur le Toulousain Efrain Elias lors de la d\u00e9faite de son \u00e9quipe (48-24) \u00e0 l\u2019occasion de la\u00a011e\u00a0journ\u00e9e de Top 14.<\/p>\n<p>Toulon : Albornoz arrive\u2026 tr\u00e8s vite !<\/p>\n<p class=\" wall-content\">Selon le journal italien La Tribuna Di Treviso, le demi d\u2019ouverture Tomas Albornoz va quitter Tr\u00e9vise pour rejoindre Toulon. Et ce, dans les plus brefs d\u00e9lais puisque le joueur argentin (28 ans, 25 s\u00e9lections) devrait poser ses valises sur les bords de la Rade d\u2019ici la fin du mois de d\u00e9cembre, apr\u00e8s avoir jou\u00e9 2 derniers matchs avec Benetton.<\/p>\n<p>Clermont : Un ouvreur de Pro D2 s\u2019engage<\/p>\n<p class=\" wall-content\">Clermont, qui cherchait une doublure \u00e0 Harry Plummer, a trouv\u00e9 son bonheur en Pro D2. Comme indiqu\u00e9 dans les colonnes de La Montagne, un accord a \u00e9t\u00e9 trouv\u00e9 avec l\u2019ouvreur d\u2019Oyonnax, Justin Bouraux. Le joueur de 23 ans s\u2019est engag\u00e9 pour 2 saisons. Il a \u00e9t\u00e9 titularis\u00e9 11 fois en 13 journ\u00e9es de Pro D2 cette saison.<\/p>\n<p>Votre r\u00e9gion, votre actu !<\/p>\n<p>Recevez chaque jour les infos qui comptent pour vous.<\/p>\n<p>\t<a href=\"https:\/\/actu.fr\/newsletter\" class=\"ac-btn ac-btn--corner ac-btn--medium ac-btn--blue800\" target=\"_blank\" rel=\"noopener\">S&rsquo;incrire<\/a><br \/>\nAffaire Narjissi : La famille r\u00e9agit apr\u00e8s les conclusions du Comit\u00e9 d\u2019\u00e9thique<\/p>\n<p class=\" wall-content\">La famille de Medhi Narjissi, disparu en mer lors d\u2019un stage avec l\u2019\u00e9quipe de France U18 en 2024, a r\u00e9agi apr\u00e8s les conclusions du Comit\u00e9 d\u2019\u00e9thique de la F\u00e9d\u00e9ration Fran\u00e7aise de Rugby rendues ce mercredi. L\u2019instance ind\u00e9pendante a estim\u00e9 que les manquements \u00e9voqu\u00e9s ne justifient pas de proc\u00e9dure disciplinaire.\u00a0<\/p>\n<p class=\" wall-content\">Dans un communiqu\u00e9, Val\u00e9rie et Jalil Narjissi se sont dits \u00ab\u00a0surpris. On rappellera que la mort de Medhi est survenue 14 mois apr\u00e8s l\u2019arriv\u00e9e d\u2019une nouvelle gouvernance \u00e0 la t\u00eate de la FFR sans que l\u2019on comprenne bien le lien entre sa mort tragique et la gouvernance de la FFR : pass\u00e9e, actuelle ou future (\u2026) La famille Narjissi exprime sa profonde incompr\u00e9hension face \u00e0 un avis \u00e9mis par un comit\u00e9 de la FFR qui ressemble davantage \u00e0 un bouclier institutionnel pour ses membres et ses dirigeants qu\u2019\u00e0 une volont\u00e9 manifeste de rechercher la v\u00e9rit\u00e9 dans les causes de la mort de Medhi. Nous esp\u00e9rons d\u00e9sormais que la justice p\u00e9nale se fasse et vienne sanctionner comme il se doit les auteurs et les complices de la mort de Medhi.\u00bb<\/p>\n<p>Pau : Montoya et Maddocks sur le flan<\/p>\n<p class=\" wall-content\">La Section paloise a annonc\u00e9 les blessures de deux internationaux : l\u2019arri\u00e8re australien Jack Maddocks et le talonneur argentin Juli\u00e1n Montoya souffrent tous les deux d\u2019une l\u00e9sion \u00e0 une cuisse et seront absents 4 \u00e0 6 semaines pour le premier, et 6 semaines pour le second.<\/p>\n<p class=\" wall-content\">Le jeune pilier Alexandre Etchebehere est pour sa part bless\u00e9 \u00e0 un pied et passe actuellement des examens.<\/p>\n<p>Vannes : Fin de carri\u00e8re \u00e0 28 ans pour Arrate<\/p>\n<p class=\" wall-content\">Alexandre Arrate est contraint, \u00e0 28 ans, de mettre un terme \u00e0 sa carri\u00e8re. Le trois-quarts centre, qui a jou\u00e9 un seul match avec Vannes cette saison en raison de probl\u00e8mes \u00e0 un genou, l\u2019a annonc\u00e9 ce jeudi dans une vid\u00e9o publi\u00e9e sur ses r\u00e9seaux sociaux. L\u2019ancien joueur de Biarritz, Paris et des XV de France U18 et U20, s\u2019est ainsi expliqu\u00e9 : \u00ab\u00a0Aujourd\u2019hui, mon corps me dit stop. Mais je pars avec le sentiment d\u2019avoir tout donn\u00e9. Mes forces, mes faiblesses, mes joies, mes doutes mais surtout mon amour pour ce sport\u00a0\u00bb.<\/p>\n<p class=\" wall-content\"><a href=\"https:\/\/www.instagram.com\/reel\/DSIJOyxiIZj\/embed\" title=\"Ouvrir le lien sur Instagram\" target=\"_blank\" rel=\"noopener\">Visualiser le contenu sur Instagram<\/a><\/p>\n<p>Bayonne : Moon s\u2019en va<\/p>\n<p class=\" wall-content\">Le deuxi\u00e8me ligne anglais Alexander Moon quitte le pays basque : arriv\u00e9e en 2024 \u00e0 Bayonne, le joueur de 29 ans va rejoindre l\u2019Union Bordeaux-B\u00e8gles la saison prochaine. Selon L\u2019\u00c9quipe, il a sign\u00e9 un contrat de trois ans avec le club champion d\u2019Europe.<\/p>\n<p class=\" wall-content\">Personnalisez votre actualit\u00e9 en ajoutant vos villes et m\u00e9dias en favori avec <a href=\"https:\/\/moncompte.actu.fr\" title=\"D\u00e9couvez Mon Actu\" rel=\"nofollow noopener\" data-trk=\"{&quot;cta&quot;:{&quot;action&quot;:&quot;https:\\\/\\\/moncompte.actu.fr&quot;,&quot;category&quot;:&quot;mon compte&quot;,&quot;from&quot;:&quot;article footer&quot;,&quot;name&quot;:&quot;Mon actu&quot;,&quot;type&quot;:&quot;cta&quot;}}\" target=\"_blank\">Mon Actu<\/a>.<\/p>\n<p>                    <script async src=\"\/\/www.instagram.com\/embed.js\"><\/script><\/p>\n","protected":false},"excerpt":{"rendered":"Par Emilie Dudon-Fournier Publi\u00e9 le 11 d\u00e9c. 2025 \u00e0 18h23 Il se passe toujours quelque chose, quelque part,&hellip;\n","protected":false},"author":2,"featured_media":593697,"comment_status":"","ping_status":"","sticky":false,"template":"","format":"standard","meta":{"footnotes":""},"categories":[9619],"tags":[1111,11,1777,674,1011,27,12,3788,882,25,479,60,2310],"class_list":{"0":"post-593696","1":"post","2":"type-post","3":"status-publish","4":"format-standard","5":"has-post-thumbnail","7":"category-toulon","8":"tag-actu","9":"tag-actualites","10":"tag-eu","11":"tag-europe","12":"tag-fr","13":"tag-france","14":"tag-news","15":"tag-pro","16":"tag-provence-alpes-cote-dazur","17":"tag-republique-francaise","18":"tag-rugby","19":"tag-sports","20":"tag-toulon"},"share_on_mastodon":{"url":"https:\/\/pubeurope.com\/@fr\/115703234142490010","error":""},"_links":{"self":[{"href":"https:\/\/www.europesays.com\/fr\/wp-json\/wp\/v2\/posts\/593696","targetHints":{"allow":["GET"]}}],"collection":[{"href":"https:\/\/www.europesays.com\/fr\/wp-json\/wp\/v2\/posts"}],"about":[{"href":"https:\/\/www.europesays.com\/fr\/wp-json\/wp\/v2\/types\/post"}],"author":[{"embeddable":true,"href":"https:\/\/www.europesays.com\/fr\/wp-json\/wp\/v2\/users\/2"}],"replies":[{"embeddable":true,"href":"https:\/\/www.europesays.com\/fr\/wp-json\/wp\/v2\/comments?post=593696"}],"version-history":[{"count":0,"href":"https:\/\/www.europesays.com\/fr\/wp-json\/wp\/v2\/posts\/593696\/revisions"}],"wp:featuredmedia":[{"embeddable":true,"href":"https:\/\/www.europesays.com\/fr\/wp-json\/wp\/v2\/media\/593697"}],"wp:attachment":[{"href":"https:\/\/www.europesays.com\/fr\/wp-json\/wp\/v2\/media?parent=593696"}],"wp:term":[{"taxonomy":"category","embeddable":true,"href":"https:\/\/www.europesays.com\/fr\/wp-json\/wp\/v2\/categories?post=593696"},{"taxonomy":"post_tag","embeddable":true,"href":"https:\/\/www.europesays.com\/fr\/wp-json\/wp\/v2\/tags?post=593696"}],"curies":[{"name":"wp","href":"https:\/\/api.w.org\/{rel}","templated":true}]}}