{"id":593698,"date":"2025-12-11T22:14:13","date_gmt":"2025-12-11T22:14:13","guid":{"rendered":"https:\/\/www.europesays.com\/fr\/593698\/"},"modified":"2025-12-11T22:14:13","modified_gmt":"2025-12-11T22:14:13","slug":"son-frere-devant-le-tribunal-le-mystere-du-tir-demeure","status":"publish","type":"post","link":"https:\/\/www.europesays.com\/fr\/593698\/","title":{"rendered":"son fr\u00e8re devant le tribunal, le myst\u00e8re du tir demeure"},"content":{"rendered":"<p>                    Par<br \/>\n        <strong><br \/>\n            <a href=\"https:\/\/actu.fr\/auteur\/metropoop\" title=\"Consulter tous les articles de R\u00e9daction M\u00e9tropolitain\" target=\"_blank\" rel=\"noopener\">R\u00e9daction M\u00e9tropolitain<\/a><br \/>\n                    <\/strong><\/p>\n<p>        Publi\u00e9 le<\/p>\n<p>            11 d\u00e9c. 2025 \u00e0 18h25        <\/p>\n<p><a href=\"https:\/\/actu.fr\/occitanie\/montpellier_34172\/nuit-agitee-a-montpellier-un-blesse-par-balles-son-frere-en-garde-a-vue_63556653.html\" target=\"_blank\" rel=\"noopener\">Un homme \u00e2g\u00e9 de 34 ans a \u00e9t\u00e9 bless\u00e9 par balle \u00e0 la jambe.<\/a> Son fr\u00e8re de 31 ans l\u2019a amen\u00e9 au CHU de Montpellier durant<strong> la nuit du mardi 9 au mercredi 10 d\u00e9cembre<\/strong>. Les policiers ont interpell\u00e9 ce dernier : il \u00e9tait interdit de s\u00e9jour \u00e0 Montpellier. La victime reste au centre des interrogations. Les enqu\u00eateurs n\u2019ont pas encore pu l\u2019entendre.<\/p>\n<p>    <a href=\"https:\/\/www.google.com\/maps\/embed?pb=!1m18!1m12!1m3!1d2887.9542343084217!2d3.851053476460837!3d43.628311471103295!2m3!1f0!2f0!3f0!3m2!1i1024!2i768!4f13.1!3m3!1m2!1s0x12b6aec219b0bc05%3A0xb381b763dd68d717!2sCentre%20Hospitalier%20Universitaire%20Lapeyronie!5e0!3m2!1sfr!2sfr!4v1765466355856!5m2!1sfr!2sfr\" title=\"Ouvrie le lien\" target=\"_blank\" rel=\"noopener\">Cliquez ici pour visualiser le contenu<\/a><\/p>\n<p>Une interpellation qui bascule vers une affaire parall\u00e8le<\/p>\n<p class=\" wall-content\">Les forces de l\u2019ordre ont constat\u00e9 chez le plus jeune un d\u00e9faut de permis de conduire. Ils ont aussi d\u00e9couvert des produits stup\u00e9fiants dans son v\u00e9hicule, pr\u00eat\u00e9 par un ami : dans l\u2019habitacle, les agents ont saisi environ 80 grammes de r\u00e9sine de cannabis. \u00c0 l\u2019issue de sa garde \u00e0 vue, il a \u00e9t\u00e9 d\u00e9f\u00e9r\u00e9 au parquet et fait l\u2019objet d\u2019une comparution imm\u00e9diate <strong>ce vendredi 12 d\u00e9cembre dans l\u2019apr\u00e8s-midi<\/strong>. Il devra r\u00e9pondre de l\u2019ensemble des faits devant le tribunal judiciaire.<\/p>\n<p class=\" wall-content\">Personnalisez votre actualit\u00e9 en ajoutant vos villes et m\u00e9dias en favori avec <a href=\"https:\/\/moncompte.actu.fr\" title=\"D\u00e9couvez Mon Actu\" rel=\"nofollow noopener\" data-trk=\"{&quot;cta&quot;:{&quot;action&quot;:&quot;https:\\\/\\\/moncompte.actu.fr&quot;,&quot;category&quot;:&quot;mon compte&quot;,&quot;from&quot;:&quot;article footer&quot;,&quot;name&quot;:&quot;Mon actu&quot;,&quot;type&quot;:&quot;cta&quot;}}\" target=\"_blank\">Mon Actu<\/a>.<\/p>\n","protected":false},"excerpt":{"rendered":"Par R\u00e9daction M\u00e9tropolitain Publi\u00e9 le 11 d\u00e9c. 2025 \u00e0 18h25 Un homme \u00e2g\u00e9 de 34 ans a \u00e9t\u00e9&hellip;\n","protected":false},"author":2,"featured_media":593699,"comment_status":"","ping_status":"","sticky":false,"template":"","format":"standard","meta":{"footnotes":""},"categories":[9599],"tags":[1111,11,15154,1052,1777,674,118,1011,27,303,2208,12,2680,25],"class_list":{"0":"post-593698","1":"post","2":"type-post","3":"status-publish","4":"format-standard","5":"has-post-thumbnail","7":"category-montpellier","8":"tag-actu","9":"tag-actualites","10":"tag-chu-de-montpellier","11":"tag-drogue","12":"tag-eu","13":"tag-europe","14":"tag-faits-divers","15":"tag-fr","16":"tag-france","17":"tag-justice","18":"tag-montpellier","19":"tag-news","20":"tag-occitanie","21":"tag-republique-francaise"},"share_on_mastodon":{"url":"https:\/\/pubeurope.com\/@fr\/115703242237227150","error":""},"_links":{"self":[{"href":"https:\/\/www.europesays.com\/fr\/wp-json\/wp\/v2\/posts\/593698","targetHints":{"allow":["GET"]}}],"collection":[{"href":"https:\/\/www.europesays.com\/fr\/wp-json\/wp\/v2\/posts"}],"about":[{"href":"https:\/\/www.europesays.com\/fr\/wp-json\/wp\/v2\/types\/post"}],"author":[{"embeddable":true,"href":"https:\/\/www.europesays.com\/fr\/wp-json\/wp\/v2\/users\/2"}],"replies":[{"embeddable":true,"href":"https:\/\/www.europesays.com\/fr\/wp-json\/wp\/v2\/comments?post=593698"}],"version-history":[{"count":0,"href":"https:\/\/www.europesays.com\/fr\/wp-json\/wp\/v2\/posts\/593698\/revisions"}],"wp:featuredmedia":[{"embeddable":true,"href":"https:\/\/www.europesays.com\/fr\/wp-json\/wp\/v2\/media\/593699"}],"wp:attachment":[{"href":"https:\/\/www.europesays.com\/fr\/wp-json\/wp\/v2\/media?parent=593698"}],"wp:term":[{"taxonomy":"category","embeddable":true,"href":"https:\/\/www.europesays.com\/fr\/wp-json\/wp\/v2\/categories?post=593698"},{"taxonomy":"post_tag","embeddable":true,"href":"https:\/\/www.europesays.com\/fr\/wp-json\/wp\/v2\/tags?post=593698"}],"curies":[{"name":"wp","href":"https:\/\/api.w.org\/{rel}","templated":true}]}}