{"id":593714,"date":"2025-12-11T22:27:54","date_gmt":"2025-12-11T22:27:54","guid":{"rendered":"https:\/\/www.europesays.com\/fr\/593714\/"},"modified":"2025-12-11T22:27:54","modified_gmt":"2025-12-11T22:27:54","slug":"a-strasbourg-quel-avenir-pour-le-wagon-souk","status":"publish","type":"post","link":"https:\/\/www.europesays.com\/fr\/593714\/","title":{"rendered":"\u00e0 Strasbourg, quel avenir pour le Wagon Souk ?"},"content":{"rendered":"<p><strong>Le jeudi 30 octobre, dans un arr\u00eat\u00e9 abondamment argument\u00e9, la Ville de Strasbourg ordonnait la fermeture du Wagon Souk. Cette d\u00e9cision intervient au milieu d\u2019une fermeture administrative de quatre mois, prononc\u00e9e par la pr\u00e9fecture fin ao\u00fbt. On fait le point sur les perspectives d\u2019avenir du tiers-lieu qui fait l\u2019objet de plusieurs pol\u00e9miques.\u00a0<\/strong><\/p>\n<p>Fin octobre, dans un arr\u00eat\u00e9, la Ville de Strasbourg ordonnait la fermeture du Wagon-Souk, un tiers-lieu bien connu des Strasbourgeois(es) et g\u00e9r\u00e9 par l\u2019association Sauver Le Monde. Dans le document en question, elle explique notamment que <strong>le b\u00e2timent n\u2019a pas \u00e9t\u00e9 mis en conformit\u00e9 par rapport aux exigences l\u00e9gales quant \u00e0 l\u2019accueil du public depuis son ouverture en 2022, dans la rue du Rempart.\u00a0<\/strong><\/p>\n<p>Un arr\u00eat\u00e9 qui s\u2019inscrit dans la continuit\u00e9 d\u2019un autre. En effet, apr\u00e8s plusieurs contr\u00f4les, courriers et mises en demeure de la part des services municipaux, <strong>c\u2019est la pr\u00e9fecture qui, la premi\u00e8re, prend un arr\u00eat\u00e9 de fermeture administrative de quatre mois, le 29 ao\u00fbt dernier. <\/strong>Une d\u00e9cision prise apr\u00e8s une\u00a0op\u00e9ration de contr\u00f4les qui avait notamment fait \u00e9tat <strong>de vente d\u2019alcool fort ill\u00e9gale<\/strong> et de manquements aux obligations de l\u2019employeur.<\/p>\n<p>                <a href=\"https:\/\/pokaa.fr\/2025\/09\/18\/accusations-de-violences-et-fermeture-administrative-a-strasbourg-le-wagon-souk-deraille\/\" target=\"_blank\" rel=\"noopener\"><br \/>\n                    <img width=\"450\" height=\"270\" src=\"https:\/\/www.europesays.com\/fr\/wp-content\/uploads\/2025\/09\/wagonsouk-85-450x270.png\" class=\"attachment-card-horizontal--same-subject size-card-horizontal--same-subject wp-post-image\" alt=\"\" decoding=\"async\" loading=\"lazy\"\/>                <\/a><\/p>\n<p>En parall\u00e8le, cet \u00e9t\u00e9, <strong>plusieurs personnes ont pris la parole et ont d\u00e9nonc\u00e9 des violences de la part du pr\u00e9sident de l\u2019association<\/strong>. Les accusations font cas d\u2019un \u00ab\u00a0climat de terreur\u00a0\u00bb interne et sont partag\u00e9es par plusieurs acteurs\/rices du secteur associatif et artistique. <strong>C\u2019en est trop pour la Ville, qui annonce mettre en pause son travail avec l\u2019association, <\/strong><a href=\"https:\/\/www.strasbourg.eu\/-\/situation-du-wagon-souk\" target=\"_blank\" rel=\"noopener\">par un communiqu\u00e9 le 1er septembre<\/a> \u2013 deux mois avant l\u2019arr\u00eat\u00e9 du 30 octobre.<\/p>\n<p><strong>Quel point d\u2019\u00e9tape peut-on dresser aujourd\u2019hui,<\/strong> un mois apr\u00e8s un arr\u00eat\u00e9 municipal qui ordonne la fermeture d\u2019un lieu\u2026 qui est d\u00e9j\u00e0 ferm\u00e9 ?<\/p>\n<p>                <img width=\"375\" height=\"500\" src=\"https:\/\/www.europesays.com\/fr\/wp-content\/uploads\/2025\/12\/img-9549-375x500.jpeg\" class=\"attachment-gallery size-gallery\" alt=\"Wagon Souk\" data-full-url=\"https:\/\/pokaa.fr\/wp-content\/uploads\/2024\/09\/22\/img-9549.jpeg\" decoding=\"async\" loading=\"lazy\"  \/>            <\/p>\n<p>                <img width=\"698\" height=\"500\" src=\"https:\/\/www.europesays.com\/fr\/wp-content\/uploads\/2025\/09\/eurometropole-strasbourg-pokaa-1.jpg\" class=\"attachment-gallery size-gallery\" alt=\"eurom\u00e9tropole strasbourg pokaa\" data-full-url=\"https:\/\/www.europesays.com\/fr\/wp-content\/uploads\/2025\/09\/eurometropole-strasbourg-pokaa-1.jpg\" decoding=\"async\" loading=\"lazy\"  \/>            <\/p>\n<p>                    1. \u00a9 Anthony Jilli \/ Pokaa ; 2. \u00a9 Nicolas Kaspar \/ Pokaa<\/p>\n<p>Que nous dit cet arr\u00eat\u00e9 ? <\/p>\n<p><strong>L\u2019acte administratif du 30 octobre 2025<\/strong> repose int\u00e9gralement sur des \u00e9l\u00e9ments li\u00e9s au b\u00e2timent, qui constitue l\u2019unique domaine de comp\u00e9tences de la municipalit\u00e9 \u00e0 ce sujet. Il ne concerne donc pas <a href=\"https:\/\/pokaa.fr\/2025\/09\/18\/accusations-de-violences-et-fermeture-administrative-a-strasbourg-le-wagon-souk-deraille\/\" target=\"_blank\" rel=\"noopener\">les pol\u00e9miques abord\u00e9es cet \u00e9t\u00e9<\/a>.<\/p>\n<blockquote><p>\n        Au sein du b\u00e2timent Du Guesclin, l\u2019exploitant exerce des activit\u00e9s et a investi des locaux suppl\u00e9mentaires (totalisant environ 750 m2) \u00e0 ceux autoris\u00e9s par le permis de construire accord\u00e9.     <\/p><\/blockquote>\n<p>            Extrait de l\u2019arr\u00eat\u00e9 municipal du 30 octobre 2025, ordonnant la fermeture de l\u2019\u00e9tablissement<\/p>\n<p>Dans un premier temps, l\u2019arr\u00eat\u00e9 donne un aper\u00e7u du \u00ab deal \u00bb de base, tel qu\u2019il est repris dans un permis de construire d\u00e9livr\u00e9 \u00e0 l\u2019exploitant en 2023. Par ailleurs, l\u2019existence m\u00eame de ce permis de construire implique des travaux qui devaient \u00eatre men\u00e9s.<\/p>\n<p><strong>On y lit que, malgr\u00e9 l\u2019octroi d\u2019environ 140 m2<\/strong> au rez-de-chauss\u00e9e de ce b\u00e2timent militaire, l\u2019association se serait \u00e9tendue sur 750 m2 suppl\u00e9mentaires. De plus, l\u00e0 o\u00f9 l\u2019accueil du public en int\u00e9rieur devait \u00eatre limit\u00e9 \u00e0 50 personnes dans le cadre d\u2019activit\u00e9s de vente, l\u2019association d\u00e9veloppe restauration, d\u00e9bit de boissons, concerts, et \u00ab activit\u00e9s assimilables \u00e0 une discoth\u00e8que \u00bb. Sauf que toutes ces activit\u00e9s rattachent l\u2019\u00e9tablissement \u00e0 un autre r\u00e9gime pour lequel la r\u00e8glementation est plus stricte. <strong>Selon l\u2019arr\u00eat\u00e9 municipal, aucune d\u00e9marche de mise en conformit\u00e9 avec cette r\u00e8glementation n\u2019aurait \u00e9t\u00e9 entreprise par l\u2019association. <\/strong><\/p>\n<p><a href=\"https:\/\/www.change.org\/p\/fermeture-du-wagon-souk-le-risque-en-cas-d-inaction-de-la-mairie-de-strasbourg\" target=\"_blank\" rel=\"noopener\">Dans sa p\u00e9tition mise en ligne au printemps 2025,<\/a><strong> l\u2019association s\u2019exprime \u00e0 ce sujet, assurant avoir toujours souhait\u00e9 mettre le b\u00e2timent en conformit\u00e9.<\/strong> Elle accuse la municipalit\u00e9 de ne pas avoir r\u00e9pondu \u00e0 ses sollicitations en ce sens et estime avoir \u00e9t\u00e9 victime de \u00ab discriminations des services de la Ville \u00bb. De son c\u00f4t\u00e9, la municipalit\u00e9 affirme avoir \u00e9t\u00e9 dans une optique de dialogue et d\u2019accompagnement.<\/p>\n<blockquote><p>\n        Au cours de leur mandat, nous avons \u00e9t\u00e9 confront\u00e9s \u00e0 de nombreux obstacles, difficult\u00e9s et actes de malveillance de leur part [l&rsquo;\u00e9quipe municipale].    <\/p><\/blockquote>\n<p>            Le Wagon Souk, joint par mail<\/p>\n<p>    <img width=\"800\" height=\"600\" src=\"https:\/\/www.europesays.com\/fr\/wp-content\/uploads\/2025\/12\/wagon-souk-credit-caroline-alonso-3-copie.jpg\" class=\"attachment-image-size-L size-image-size-L\" alt=\"Wagon Souk credit Caroline Alonso (3) \u2013 Copie\" decoding=\"async\" loading=\"lazy\"  \/>         Avant de s&rsquo;installer rue du Rempart, le Wagon Souk s&rsquo;\u00e9tait \u00e9tabli au parc Gr\u00fcber. \u00a9 Caroline Alonso \/ Pokaa <\/p>\n<p>D\u00e9but 2024, un premier contr\u00f4le de la Police du b\u00e2timent a lieu. Le rapport qui en d\u00e9coule explique que de \u00ab nombreux manquements \u00e0 la r\u00e9glementation applicable en mati\u00e8re de s\u00e9curit\u00e9 contre les risques d\u2019incendie et de panique ont \u00e9t\u00e9 constat\u00e9s \u00bb. <strong>Il pr\u00e9conise d\u00e9j\u00e0 une fermeture de l\u2019\u00e9tablissement <\/strong>et le rapport est assorti de 29 prescriptions.<\/p>\n<blockquote><p>\n        Un incendie dans cet \u00e9tablissement pourrait rapidement avoir des cons\u00e9quences dramatiques pour le public re\u00e7u et les secours intervenants.    <\/p><\/blockquote>\n<p>            Extrait du rapport de la Police du b\u00e2timent, f\u00e9vrier 2024<\/p>\n<p>Un dernier contr\u00f4le est effectu\u00e9 en octobre 2025. Le proc\u00e8s-verbal de celui-ci \u00e9tablit \u00ab\u00a0qu\u2019aucune des 29 prescriptions [\u2026] n\u2019a \u00e9t\u00e9 mise en \u0153uvre par l\u2019exploitant\u00a0\u00bb. <strong>Il met \u00e9galement en cause la serre ext\u00e9rieure, qui accueillait des \u00e9v\u00e9nements festifs, car ne r\u00e9pondant pas non plus aux exigences de s\u00e9curit\u00e9. <\/strong><\/p>\n<p>C\u2019est sur la base de ces \u00e9l\u00e9ments que l\u2019arr\u00eat\u00e9 justifie la d\u00e9cision municipale du 30 octobre de<strong> fermer l\u2019\u00e9tablissement au public \u00ab face \u00e0 la gravit\u00e9 et \u00e0 la persistance de la situation\u00a0\u00bb. <\/strong><\/p>\n<p>    <img width=\"800\" height=\"600\" src=\"https:\/\/www.europesays.com\/fr\/wp-content\/uploads\/2025\/12\/img-9553-800x600.jpeg\" class=\"attachment-image-size-L size-image-size-L\" alt=\"Wagon Souk mousse party\" decoding=\"async\" loading=\"lazy\"  \/>         La \u00ab serre \u00bb ext\u00e9rieure du Wagon Souk. \u00a9 Anthony Jilli \/ Pokaa <\/p>\n<p>Quels effets a cet arr\u00eat\u00e9 ?<\/p>\n<p>Par l\u2019\u00e9diction de ce document le 30 octobre 2025, <strong>la municipalit\u00e9 ordonne la fermeture imm\u00e9diate au public du b\u00e2timent exploit\u00e9 par le Wagon Souk<\/strong>\u2026 Sauf que la fermeture au public est d\u00e9j\u00e0 effective en raison de l\u2019arr\u00eat\u00e9 pr\u00e9fectoral pris fin ao\u00fbt.<\/p>\n<p><strong>Cette nouvelle d\u00e9cision est-elle inutile ?<\/strong><\/p>\n<p>    <img width=\"800\" height=\"474\" src=\"https:\/\/www.europesays.com\/fr\/wp-content\/uploads\/2025\/09\/wagonsouk-85-800x474.png\" class=\"attachment-image-size-L size-image-size-L\" alt=\"Wagon Souk\" decoding=\"async\" loading=\"lazy\"  \/>         \u00a9 Manon Jensen \/ Pokaa <\/p>\n<p>Dans un premier temps, l\u2019\u00e9ch\u00e9ance de la d\u00e9cision pr\u00e9fectorale n\u2019a plus d\u2019importance concr\u00e8te puisque <strong>le nouvel arr\u00eat\u00e9 implique une fermeture sine die.<\/strong><\/p>\n<p>Th\u00e9oriquement, <strong>l\u2019arr\u00eat\u00e9 de la Ville n\u2019exclut pas une \u00e9ventuelle r\u00e9ouverture,<\/strong> mais la conditionne \u00e0 la \u00ab r\u00e9alisation des travaux de mise en conformit\u00e9 \u00bb (ainsi qu\u2019\u00e0 la mise en \u0153uvre des 29 prescriptions) et \u00e0 leur v\u00e9rification par un organisme agr\u00e9\u00e9. La r\u00e9ouverture ne pourra \u00eatre autoris\u00e9e que par une d\u00e9cision municipale formalis\u00e9e par un nouvel arr\u00eat\u00e9.<\/p>\n<p>    <img width=\"800\" height=\"474\" src=\"https:\/\/www.europesays.com\/fr\/wp-content\/uploads\/2025\/06\/wagonsouk-92-800x474.png\" class=\"attachment-image-size-L size-image-size-L\" alt=\"Wagon Souk\" decoding=\"async\" loading=\"lazy\"  \/>         \u00a9 Manon Jensen \/ Pokaa <\/p>\n<p>Il faut ajouter \u00e0 cela le fait que, le b\u00e2timent appartenant \u00e0 la Ville, <strong>le contrat d\u2019occupation qui liait l\u2019association \u00e0 la collectivit\u00e9 est \u00e9chu depuis le printemps 2025.\u00a0<\/strong><\/p>\n<p>Contact\u00e9, Syamak Agha Babaei, premier adjoint \u00e0 la maire, est cat\u00e9gorique : <strong>\u00ab Notre relation contractuelle avec le Wagon Souk est termin\u00e9e. \u00bb<\/strong>\u00a0Il confirme que la municipalit\u00e9 n\u2019a plus de dialogue avec l\u2019association Sauver Le Monde et que cette derni\u00e8re n\u2019est d\u00e9sormais \u00ab plus titr\u00e9e pour occuper les lieux \u00bb.<\/p>\n<p>Mais l\u2019association n\u2019a pourtant pas quitt\u00e9 les lieux depuis le printemps 2025, et m\u00eame la fermeture, intervenue fin ao\u00fbt, ne concernait que le public. <strong>\u00ab C\u2019\u00e9tait une occupation pr\u00e9caire \u00bb, <\/strong>tranche l\u2019adjoint ; on n\u2019en saura pas plus quant \u00e0 sa d\u00e9finition.<\/p>\n<blockquote><p>\n        Il y a des aventures qui r\u00e9ussissent et des aventures qui ont de bons projets mais qui peuvent \u00e9chouer. L\u00e0, on a une aventure qui a \u00e9chou\u00e9.     <\/p><\/blockquote>\n<p>            Syamak Agha Babaei, 1er adjoint \u00e0 la maire<\/p>\n<p>Ce que \u00e7a veut dire, c\u2019est que m\u00eame si l\u2019arr\u00eat\u00e9 laisse une possibilit\u00e9 de r\u00e9ouverture \u00e0 l\u2019issue de travaux, dans les faits, <strong>l\u2019association Sauver Le Monde n\u2019aurait plus aucun titre lui octroyant le droit d\u2019occuper le lieu\u2026 ou d\u2019effectuer ces travaux. <\/strong><\/p>\n<p>Les conditions de r\u00e9ouverture s\u2019appliquent donc exclusivement au b\u00e2timent en vue de futurs projets, et ne concernent plus l\u2019association.<\/p>\n<p>Quel avenir pour le tiers-lieu ?<\/p>\n<p>Une chose parait \u00e9vidente : le Syamak Agha Babaei avec qui on a \u00e9chang\u00e9 ces derniers jours n\u2019est plus le m\u00eame que celui de mi-septembre, qui ne se cachait pas d\u2019\u00eatre passablement exc\u00e9d\u00e9 par ces affaires.<\/p>\n<p>D\u00e9sormais,<strong> l\u2019\u00e9lu a act\u00e9 la fin d\u2019un chapitre et semble r\u00e9solument tourn\u00e9 vers un avenir dans lequel il projette une nouvelle vision, offrant diverses possibilit\u00e9s. Aucune d\u2019entre elles n\u2019incluant le Wagon Souk. <\/strong><\/p>\n<p>                <img width=\"333\" height=\"500\" src=\"https:\/\/www.europesays.com\/fr\/wp-content\/uploads\/2025\/12\/syamak-agha-babaei-credit-photo-maria-fernandes-10.jpg\" class=\"attachment-gallery size-gallery\" alt=\"Syamak Agha Babaei\" data-full-url=\"https:\/\/www.europesays.com\/fr\/wp-content\/uploads\/2025\/12\/syamak-agha-babaei-credit-photo-maria-fernandes-10.jpg\" decoding=\"async\" loading=\"lazy\"  \/>            <\/p>\n<p>                <img width=\"375\" height=\"500\" src=\"https:\/\/www.europesays.com\/fr\/wp-content\/uploads\/2025\/12\/img-2526-375x500.jpg\" class=\"attachment-gallery size-gallery\" alt=\"wagon souk\" data-full-url=\"https:\/\/pokaa.fr\/wp-content\/uploads\/2024\/07\/30\/img-2526.jpg\" decoding=\"async\" loading=\"lazy\"  \/>            <\/p>\n<p>                    1. Syamak Agha Babaei. \u00a9 Maria Fernandes \/ Pokaa ; 2. \u00a9 Coraline Lafon \/ Pokaa<\/p>\n<p><strong>N\u00e9anmoins, rappelons une nouvelle fois que le Wagon Souk avait \u00e9t\u00e9 soutenu au printemps 2025 par une p\u00e9tition qui avait r\u00e9uni plusieurs milliers de signatures, car il \u00e9tait un lieu pl\u00e9biscit\u00e9 par une partie des Strasbourgeois(es).<\/strong><\/p>\n<p>De plus, en septembre dernier, les acteurs\/rices strasbourgeois(es) du milieu culturel et associatif interrog\u00e9(e)s dans nos colonnes avaient unanimement exprim\u00e9<strong> la qualit\u00e9 et la n\u00e9cessit\u00e9 d\u2019un tel lieu. Non seulement dans sa dimension interculturelle et solidaire, mais aussi dans sa lutte contre les discriminations<\/strong>, ind\u00e9pendamment des critiques faites \u00e0 l\u2019\u00e9gard de sa gouvernance.<\/p>\n<p>Aussi Syamak Agha Babaei affirme-t-il encore aujourd\u2019hui partager cette conviction. Il exprime le souhait de voir <strong>d\u2019autres acteurs\/rices <\/strong>porter un projet de ce genre \u00ab dans une gouvernance assainie, respectueuse du cadre l\u00e9gal et de l\u2019ensemble des personnes concern\u00e9es \u00bb.<\/p>\n<p>                <a href=\"https:\/\/pokaa.fr\/2025\/07\/15\/grand-projet-strasbourgeois-on-aura-bientot-une-gare-a-360-mais-ca-veut-dire-quoi\/\" target=\"_blank\" rel=\"noopener\"><br \/>\n                    <img width=\"450\" height=\"270\" src=\"https:\/\/www.europesays.com\/fr\/wp-content\/uploads\/2025\/07\/gare-de-strasbourg-exterieur-450x270.jpg\" class=\"attachment-card-horizontal--same-subject size-card-horizontal--same-subject wp-post-image\" alt=\"\" decoding=\"async\" loading=\"lazy\"\/>                <\/a><\/p>\n<p>On l\u2019a compris : <strong>la Ville n\u2019entend pas laisser le lieu vacant<\/strong>. Elle souhaite rebondir avec un nouveau projet qui s\u2019inscrit dans les transformations \u00e0 venir du quartier pour renforcer cet \u00ab axe cr\u00e9atif, culturel et alternatif\u00a0\u00bb. Un secteur qui compte d\u00e9j\u00e0 diff\u00e9rentes structures telles que la Semencerie, la Laiterie, le Molodo\u00ef, la Grenze.<\/p>\n<p>Dans l\u2019imm\u00e9diat, <strong>l\u2019\u00e9lu estime qu\u2019il faudra tout de m\u00eame plusieurs mois pour se projeter concr\u00e8tement sur un autre projet.<\/strong> Il faut d\u2019abord que le lieu soit pleinement disponible : \u00ab Il y a encore l\u2019ensemble des affaires qui sont l\u00e0, qui ont \u00e9t\u00e9 laiss\u00e9es [\u2026]. La Ville va r\u00e9cup\u00e9rer les cl\u00e9s et faire en sorte qu\u2019il n\u2019y ait plus d\u2019acc\u00e8s, puisqu\u2019il n\u2019y a plus de bail. \u00bb<\/p>\n<p>                <img width=\"667\" height=\"500\" src=\"https:\/\/www.europesays.com\/fr\/wp-content\/uploads\/2025\/05\/la-grenze14-francoisfreundlich-667x500.jpg\" class=\"attachment-gallery size-gallery\" alt=\"La Grenze\" data-full-url=\"https:\/\/pokaa.fr\/wp-content\/uploads\/2025\/04\/23\/la-grenze14-francoisfreundlich.jpg\" decoding=\"async\" loading=\"lazy\"  \/>            <\/p>\n<p>                <img width=\"667\" height=\"500\" src=\"https:\/\/www.europesays.com\/fr\/wp-content\/uploads\/2025\/12\/image00032-667x500.jpeg\" class=\"attachment-gallery size-gallery\" alt=\"Baptiste atelier la semencerie\" data-full-url=\"https:\/\/pokaa.fr\/wp-content\/uploads\/2023\/12\/26\/image00032.jpeg\" decoding=\"async\" loading=\"lazy\"  \/>            <\/p>\n<p>                    1. La Grenze. \u00a9 Fran\u00e7ois Freundlich \/ Document remis ; 2. \u00a9 La Semencerie. \u00a9 Bastien Pietronave \/ Pokaa<\/p>\n<p>Fait assez rare pour \u00eatre soulign\u00e9, la municipalit\u00e9 est d\u2019accord avec le Wagon Souk sur un point essentiel\u00a0: <strong>la rupture est consomm\u00e9e.<\/strong> Contact\u00e9, le tiers-lieu l\u2019affirme : \u00ab Oui, le Wagon Souk a la volont\u00e9 de continuer, mais pas si l\u2019actuelle \u00e9quipe municipale, avec \u00e0 sa t\u00eate Mme Jeanne Barseghian, demeure \u00e0 la gestion de notre ville.\u00a0\u00bb<\/p>\n<p>L\u00e0 o\u00f9 Syamak Agha Babaei nous parle de projets sur le long terme, il reste flou sur une \u00e9ch\u00e9ance, et non des moindres, dans laquelle l\u2019association Sauver Le Monde semble voir sa derni\u00e8re chance. En effet, le Wagon Souk mise sur un potentiel d\u00e9saveu de la municipalit\u00e9 actuelle lors du scrutin de 2026. <strong>Il appelle tr\u00e8s clairement ses soutiens \u00e0 se mobiliser. Le message est clair : les \u00e9colos ou le Wagon Souk.<\/strong><\/p>\n<blockquote><p>\n        Malgr\u00e9 notre d\u00e9sir et notre attachement \u00e0 poursuivre cette aventure \u00e0 Strasbourg, il ne nous sera pas possible de continuer dans ces conditions.     <\/p><\/blockquote>\n<p>            Le Wagon Souk, joint par mail<\/p>\n<p>    <img width=\"800\" height=\"535\" src=\"https:\/\/www.europesays.com\/fr\/wp-content\/uploads\/2025\/09\/musee-zoologique-dsc02377-800x535.jpeg\" class=\"attachment-image-size-L size-image-size-L\" alt=\"Jeanne Barseghian\" decoding=\"async\" loading=\"lazy\"  \/>         \u00a9 Anthony Jilli \/ Pokaa <\/p>\n<p>Vous l\u2019avez compris, si l\u2019association Sauver Le Monde a jusqu\u2019\u00e0 la fin de l\u2019ann\u00e9e civile pour contester la d\u00e9cision administrative, <strong>elle semble plut\u00f4t orienter l\u2019affaire vers une issue qu\u2019elle souhaite politique.<\/strong><\/p>\n<blockquote><p>\n        Nous appelons tous les Wagonistes \u00e0 agir afin de tourner la page de l&rsquo;actuelle \u00e9quipe municipale lors des \u00e9lections de mars.    <\/p><\/blockquote>\n<p>            Le Wagon Souk, joint par mail<\/p>\n<p>La municipalit\u00e9 comme le Wagon Souk partagent la volont\u00e9 de tourner une page : reste \u00e0 voir laquelle. <strong>Est-ce qu\u2019une autre municipalit\u00e9 serait plus encline \u00e0 relancer le projet dans ce b\u00e2timent ?\u00a0<\/strong><\/p>\n<p>S\u2019il est toujours possible de voir \u00e9merger un \u00ab Wagon Souk 3.0 \u00bb dans un futur plus ou moins proche, et logiquement aupr\u00e8s d\u2019un bailleur priv\u00e9,<strong> ce ne sera certainement pas dans ce b\u00e2timent de la rue du Rempart.<\/strong><\/p>\n","protected":false},"excerpt":{"rendered":"Le jeudi 30 octobre, dans un arr\u00eat\u00e9 abondamment argument\u00e9, la Ville de Strasbourg ordonnait la fermeture du Wagon&hellip;\n","protected":false},"author":2,"featured_media":593715,"comment_status":"","ping_status":"","sticky":false,"template":"","format":"standard","meta":{"footnotes":""},"categories":[2820],"tags":[1111,11,45610,1777,674,13624,1011,27,775,12,1062,25,640,15198],"class_list":{"0":"post-593714","1":"post","2":"type-post","3":"status-publish","4":"format-standard","5":"has-post-thumbnail","7":"category-strasbourg","8":"tag-actu","9":"tag-actualites","10":"tag-arrete-prefectoral","11":"tag-eu","12":"tag-europe","13":"tag-fermeture-administrative","14":"tag-fr","15":"tag-france","16":"tag-grand-est","17":"tag-news","18":"tag-polemique","19":"tag-republique-francaise","20":"tag-strasbourg","21":"tag-wagon-souk"},"share_on_mastodon":{"url":"https:\/\/pubeurope.com\/@fr\/115703300957826352","error":""},"_links":{"self":[{"href":"https:\/\/www.europesays.com\/fr\/wp-json\/wp\/v2\/posts\/593714","targetHints":{"allow":["GET"]}}],"collection":[{"href":"https:\/\/www.europesays.com\/fr\/wp-json\/wp\/v2\/posts"}],"about":[{"href":"https:\/\/www.europesays.com\/fr\/wp-json\/wp\/v2\/types\/post"}],"author":[{"embeddable":true,"href":"https:\/\/www.europesays.com\/fr\/wp-json\/wp\/v2\/users\/2"}],"replies":[{"embeddable":true,"href":"https:\/\/www.europesays.com\/fr\/wp-json\/wp\/v2\/comments?post=593714"}],"version-history":[{"count":0,"href":"https:\/\/www.europesays.com\/fr\/wp-json\/wp\/v2\/posts\/593714\/revisions"}],"wp:featuredmedia":[{"embeddable":true,"href":"https:\/\/www.europesays.com\/fr\/wp-json\/wp\/v2\/media\/593715"}],"wp:attachment":[{"href":"https:\/\/www.europesays.com\/fr\/wp-json\/wp\/v2\/media?parent=593714"}],"wp:term":[{"taxonomy":"category","embeddable":true,"href":"https:\/\/www.europesays.com\/fr\/wp-json\/wp\/v2\/categories?post=593714"},{"taxonomy":"post_tag","embeddable":true,"href":"https:\/\/www.europesays.com\/fr\/wp-json\/wp\/v2\/tags?post=593714"}],"curies":[{"name":"wp","href":"https:\/\/api.w.org\/{rel}","templated":true}]}}