{"id":593716,"date":"2025-12-11T22:29:32","date_gmt":"2025-12-11T22:29:32","guid":{"rendered":"https:\/\/www.europesays.com\/fr\/593716\/"},"modified":"2025-12-11T22:29:32","modified_gmt":"2025-12-11T22:29:32","slug":"une-boulette-catapulte-strasbourg-sur-le-trone-c4-j5-aberdeen-strasbourg-0-1","status":"publish","type":"post","link":"https:\/\/www.europesays.com\/fr\/593716\/","title":{"rendered":"Une boulette catapulte Strasbourg sur le tr\u00f4ne &#8211; C4 &#8211; J5 &#8211; Aberdeen-Strasbourg (0-1)"},"content":{"rendered":"<p>\t\t\t\u00a0<img decoding=\"async\" loading=\"lazy\" class=\"blason blason-grand\" src=\"https:\/\/www.europesays.com\/fr\/wp-content\/uploads\/2025\/12\/aberdeen.jpg\"\/> Aberdeen 0-1 Strasbourg <img decoding=\"async\" loading=\"lazy\" class=\"blason blason-grand\" src=\"https:\/\/www.europesays.com\/fr\/wp-content\/uploads\/2025\/12\/strasbourg.jpg\"\/><\/p>\n<p>But : Godo (35e)<\/p>\n<p>Leader !<\/p>\n<p>Ce jeudi soir, Strasbourg s\u2019est content\u00e9 d\u2019une petite victoire \u00e0 l\u2019occasion de la cinqui\u00e8me journ\u00e9e de la phase de poules de la Ligue Conf\u00e9rence pour s\u2019offrir la premi\u00e8re place du classement. \u00c0 Aberdeen, Martial Godo a profit\u00e9 d\u2019une m\u00e9sentente d\u00e9fensive adverse et d\u2019une boulette sign\u00e9e Nicky Delvin pour inscrire la seule r\u00e9alisation de la partie.<\/p>\n<p>Penders et Godo d\u00e9cisifs<\/p>\n<p>Suffisant pour assurer un succ\u00e8s important malgr\u00e9 plusieurs occasions en faveur des locaux, les Alsaciens pouvant compter sur Mike Penders pour s\u2019interposer quand il le fallait. Godo, lui, aurait pu planter un doubl\u00e9 si Dimitar Mitov s\u2019\u00e9tait montr\u00e9 un peu moins inspir\u00e9 en deuxi\u00e8me p\u00e9riode, tandis qu\u2019Isma\u00ebl Doukour\u00e9 s\u2019est permis de rater un penalty (obtenu par\u2026 Godo, et conc\u00e9d\u00e9 par Delvin !).<\/p>\n<p>Encore <a target=\"_blank\" href=\"https:\/\/www.sofoot.com\/breves\/en-ligue-conference-strasbourg-soffre-une-vraie-soiree-europeenne-contre-crystal-palace\" rel=\"noopener\">une belle soir\u00e9e continentale<\/a>.<\/p>\n<p>\t\t\t\t\t\t\t\t\t\t<a class=\"lien-connexe\" href=\"https:\/\/www.sofoot.com\/breves\/chelsea-craque-pour-mohamed-zongo-un-prodige-de-d3-du-burkina-faso\" target=\"_blank\" rel=\"noopener\">Chelsea craque pour un prodige du Burkina Faso<\/a>\t\t\t\t\t<\/p>\n","protected":false},"excerpt":{"rendered":"\u00a0 Aberdeen 0-1 Strasbourg But : Godo (35e) Leader ! Ce jeudi soir, Strasbourg s\u2019est content\u00e9 d\u2019une petite&hellip;\n","protected":false},"author":2,"featured_media":593717,"comment_status":"","ping_status":"","sticky":false,"template":"","format":"standard","meta":{"footnotes":""},"categories":[2820],"tags":[1111,47,11,61,69,65,64,1777,674,63,1011,27,775,68,66,12,62,70,25,67,640],"class_list":{"0":"post-593716","1":"post","2":"type-post","3":"status-publish","4":"format-standard","5":"has-post-thumbnail","7":"category-strasbourg","8":"tag-actu","9":"tag-actualite","10":"tag-actualites","11":"tag-actus-football","12":"tag-bundesliga","13":"tag-championnats-europeens","14":"tag-equipe-de-france","15":"tag-eu","16":"tag-europe","17":"tag-football","18":"tag-fr","19":"tag-france","20":"tag-grand-est","21":"tag-ligua","22":"tag-ligue-1","23":"tag-news","24":"tag-news-foot","25":"tag-premier-league","26":"tag-republique-francaise","27":"tag-serie-a","28":"tag-strasbourg"},"share_on_mastodon":{"url":"https:\/\/pubeurope.com\/@fr\/115703301643397285","error":""},"_links":{"self":[{"href":"https:\/\/www.europesays.com\/fr\/wp-json\/wp\/v2\/posts\/593716","targetHints":{"allow":["GET"]}}],"collection":[{"href":"https:\/\/www.europesays.com\/fr\/wp-json\/wp\/v2\/posts"}],"about":[{"href":"https:\/\/www.europesays.com\/fr\/wp-json\/wp\/v2\/types\/post"}],"author":[{"embeddable":true,"href":"https:\/\/www.europesays.com\/fr\/wp-json\/wp\/v2\/users\/2"}],"replies":[{"embeddable":true,"href":"https:\/\/www.europesays.com\/fr\/wp-json\/wp\/v2\/comments?post=593716"}],"version-history":[{"count":0,"href":"https:\/\/www.europesays.com\/fr\/wp-json\/wp\/v2\/posts\/593716\/revisions"}],"wp:featuredmedia":[{"embeddable":true,"href":"https:\/\/www.europesays.com\/fr\/wp-json\/wp\/v2\/media\/593717"}],"wp:attachment":[{"href":"https:\/\/www.europesays.com\/fr\/wp-json\/wp\/v2\/media?parent=593716"}],"wp:term":[{"taxonomy":"category","embeddable":true,"href":"https:\/\/www.europesays.com\/fr\/wp-json\/wp\/v2\/categories?post=593716"},{"taxonomy":"post_tag","embeddable":true,"href":"https:\/\/www.europesays.com\/fr\/wp-json\/wp\/v2\/tags?post=593716"}],"curies":[{"name":"wp","href":"https:\/\/api.w.org\/{rel}","templated":true}]}}