{"id":593724,"date":"2025-12-11T22:34:24","date_gmt":"2025-12-11T22:34:24","guid":{"rendered":"https:\/\/www.europesays.com\/fr\/593724\/"},"modified":"2025-12-11T22:34:24","modified_gmt":"2025-12-11T22:34:24","slug":"fc-nantes-angers-sco-le-premier-groupe-de-kantari-est-tombe-il-frappe-fort-dentree","status":"publish","type":"post","link":"https:\/\/www.europesays.com\/fr\/593724\/","title":{"rendered":"FC Nantes \u2013 Angers SCO\u00a0: le premier groupe de Kantari est tomb\u00e9, il frappe fort d&rsquo;entr\u00e9e\u00a0!"},"content":{"rendered":"<p><strong>Le nouveau coach du FC Nantes a fait ses choix pour la r\u00e9ception d\u2019Angers. Et une premi\u00e8re victime\u2026<\/strong><\/p>\n<p>Pour son premier match sur le banc du FC Nantes, ce vendredi 12\u00a0d\u00e9cembre (20\u00a0h\u00a045), \u00e0 Angers, Ahmed Kantari a retenu un groupe de 22\u00a0\u00e9l\u00e9ments dans lequel figure \u00e0 la surprise g\u00e9n\u00e9rale Francis Coquelin, qui \u00e9tait absent depuis le 20\u00a0septembre.\u00a0Coquelin \u00e9tait \u00e9loign\u00e9 des terrains par une blessure aux ischio-jambiers contract\u00e9e lors du derby contre le Stade Rennais.<\/p>\n<p>Coquelin in, Hong out<\/p>\n<p>Kantari a aussi d\u00e9cid\u00e9 d\u2019\u00e9largir son groupe puisqu\u2019il a retenu 22\u00a0joueurs. On notera l\u2019absence de\u00a0Hong Hyun-seok, tr\u00e8s d\u00e9cevant depuis son arriv\u00e9e cet \u00e9t\u00e9, ainsi que la pr\u00e9sence de <a href=\"https:\/\/www.ouest-france.fr\/sport\/football\/fc-nantes\/fc-nantes-deiver-machado-jai-beaucoup-de-choses-a-apporter-je-viens-pour-aider-le-club-a367a976-d5df-11f0-b394-5c54c9d4355d\" target=\"_blank\" rel=\"noopener\">la recrue Deiver Machado<\/a> qui pourrait bien d\u00e9buter sur le flanc gauche de la d\u00e9fense des Canaris, alors que Louis Leroux (cuisse) et Herba Guirassy (cuisse) sont tous les deux forfaits.<\/p>\n<p><a\/> <strong>Le groupe nantais pour recevoir le SCO<\/strong><\/p>\n<p>Lopes (g.), Carlgren (g.), Mirbach (g.), Amian, Centonze, Awaziem, Radakovic, Tati, Cozza, Machado, Kwon, Mwanga, Deuff, Tabibou, Lepenant, Coquelin, Lahdo, Camara, Abline, Mohamed, El Arabi, Benhattab<\/p>\n<blockquote class=\"twitter-tweet\">\n<p lang=\"fr\" dir=\"ltr\">Le groupe convoqu\u00e9 face \u00e0 Angers. <\/p>\n<p>\u231e 16\u00e8me journ\u00e9e de <a href=\"https:\/\/twitter.com\/Ligue1?ref_src=twsrc%5Etfw\" target=\"_blank\" rel=\"noopener\">@Ligue1<\/a>\ud83d\udccb <a href=\"https:\/\/twitter.com\/hashtag\/OnEstNantes?src=hash&amp;ref_src=twsrc%5Etfw\" target=\"_blank\" rel=\"noopener\">#OnEstNantes<\/a> <a href=\"https:\/\/t.co\/OWsBee0Eib\">pic.twitter.com\/OWsBee0Eib<\/a><\/p>\n<p>\u2014 FC Nantes (@FCNantes) <a href=\"https:\/\/twitter.com\/FCNantes\/status\/1999192463785759010?ref_src=twsrc%5Etfw\" target=\"_blank\" rel=\"noopener\">December 11, 2025<\/a><\/p><\/blockquote>\n<p><script async src=\"https:\/\/platform.twitter.com\/widgets.js\" charset=\"utf-8\"><\/script><\/p>\n","protected":false},"excerpt":{"rendered":"Le nouveau coach du FC Nantes a fait ses choix pour la r\u00e9ception d\u2019Angers. Et une premi\u00e8re victime\u2026&hellip;\n","protected":false},"author":2,"featured_media":593725,"comment_status":"","ping_status":"","sticky":false,"template":"","format":"standard","meta":{"footnotes":""},"categories":[2818],"tags":[1111,11,1777,674,1011,27,766,12,2636,25],"class_list":{"0":"post-593724","1":"post","2":"type-post","3":"status-publish","4":"format-standard","5":"has-post-thumbnail","7":"category-nantes","8":"tag-actu","9":"tag-actualites","10":"tag-eu","11":"tag-europe","12":"tag-fr","13":"tag-france","14":"tag-nantes","15":"tag-news","16":"tag-pays-de-la-loire","17":"tag-republique-francaise"},"share_on_mastodon":{"url":"https:\/\/pubeurope.com\/@fr\/115703320753474338","error":""},"_links":{"self":[{"href":"https:\/\/www.europesays.com\/fr\/wp-json\/wp\/v2\/posts\/593724","targetHints":{"allow":["GET"]}}],"collection":[{"href":"https:\/\/www.europesays.com\/fr\/wp-json\/wp\/v2\/posts"}],"about":[{"href":"https:\/\/www.europesays.com\/fr\/wp-json\/wp\/v2\/types\/post"}],"author":[{"embeddable":true,"href":"https:\/\/www.europesays.com\/fr\/wp-json\/wp\/v2\/users\/2"}],"replies":[{"embeddable":true,"href":"https:\/\/www.europesays.com\/fr\/wp-json\/wp\/v2\/comments?post=593724"}],"version-history":[{"count":0,"href":"https:\/\/www.europesays.com\/fr\/wp-json\/wp\/v2\/posts\/593724\/revisions"}],"wp:featuredmedia":[{"embeddable":true,"href":"https:\/\/www.europesays.com\/fr\/wp-json\/wp\/v2\/media\/593725"}],"wp:attachment":[{"href":"https:\/\/www.europesays.com\/fr\/wp-json\/wp\/v2\/media?parent=593724"}],"wp:term":[{"taxonomy":"category","embeddable":true,"href":"https:\/\/www.europesays.com\/fr\/wp-json\/wp\/v2\/categories?post=593724"},{"taxonomy":"post_tag","embeddable":true,"href":"https:\/\/www.europesays.com\/fr\/wp-json\/wp\/v2\/tags?post=593724"}],"curies":[{"name":"wp","href":"https:\/\/api.w.org\/{rel}","templated":true}]}}