{"id":593730,"date":"2025-12-11T22:37:16","date_gmt":"2025-12-11T22:37:16","guid":{"rendered":"https:\/\/www.europesays.com\/fr\/593730\/"},"modified":"2025-12-11T22:37:16","modified_gmt":"2025-12-11T22:37:16","slug":"toulouse-pourquoi-il-faut-absolument-aller-voir-lexpo-evenement-dediee-a-jean-charles-de-castelbajac","status":"publish","type":"post","link":"https:\/\/www.europesays.com\/fr\/593730\/","title":{"rendered":"Toulouse. Pourquoi il faut absolument aller voir l&rsquo;expo \u00e9v\u00e9nement d\u00e9di\u00e9e \u00e0 Jean-Charles de Castelbajac"},"content":{"rendered":"<p>                    Par<br \/>\n        <strong><br \/>\n            <a href=\"https:\/\/actu.fr\/auteur\/gabriel-kenedi\" title=\"Consulter tous les articles de Gabriel Kenedi\" target=\"_blank\" rel=\"noopener\">Gabriel Kenedi<\/a><br \/>\n                    <\/strong><\/p>\n<p>        Publi\u00e9 le<\/p>\n<p>            11 d\u00e9c. 2025 \u00e0 19h55        <\/p>\n<p>L\u2019art est-il une mode\u2009? <strong>Ou la mode est-elle un art\u2009?<\/strong> Voil\u00e0 l\u2019\u00e9pineuse question pos\u00e9e par <a href=\"https:\/\/actu.fr\/toulouse\/\" target=\"_blank\" rel=\"noopener\">le mus\u00e9e d\u2019art contemporain toulousain<\/a> qui cr\u00e9e l\u2019\u00e9v\u00e9nement en donnant carte blanche \u00e0 <strong>Jean-Charles de Castelbajac<\/strong>.<\/p>\n<p>Une exposition d\u00e9di\u00e9e \u00e0 un cr\u00e9ateur de g\u00e9nie<\/p>\n<p class=\" wall-content\">Chaque visiteur se fera son propre avis, mais une chose est s\u00fbre\u2009: cette<strong> exposition ambitieuse<\/strong>, color\u00e9e, passionnante et r\u00e9jouissante vous donnera du grain \u00e0 moudre\u2009! Sur le papier, tous les ingr\u00e9dients semblent r\u00e9unis pour que cette exposition \u2013 qui se tient du<strong> 12\u00a0d\u00e9cembre 2025 au 23\u00a0ao\u00fbt 2026<\/strong> \u2013 batte tous les records de visites.<\/p>\n<p class=\" wall-content\">Pourquoi un tel enthousiasme\u2009? Parce que cette r\u00e9trospective consacr\u00e9e \u00e0 ce cr\u00e9ateur de g\u00e9nie pourra parler aussi bien au tr\u00e8s grand public qu\u2019aux aficionados du c\u00e9l\u00e8bre couturier \u00e0 la <strong>gamme chromatique<\/strong> si reconnaissable.<\/p>\n<p>55\u00a0ans de carri\u00e8re<\/p>\n<p class=\" wall-content\">Aux Abattoirs, l\u2019iconoclaste Jean-Charles de Castelbajac retrace<strong> 55\u00a0ans de carri\u00e8re<\/strong> dans une exposition qui s\u2019\u00e9tale sur 900 m\u00b2 et qui m\u00eale<strong> installations, v\u00eatements, objets de design, dessins ou photographies. <\/strong>Avec une <strong>sc\u00e9nographie brillante<\/strong> qui met en lumi\u00e8re l\u2019audace et l\u2019inventivit\u00e9 sans limite de cette ic\u00f4ne de la mode\u2026 dont on s\u2019aper\u00e7oit, \u00e0 travers cette exposition, qu\u2019il est sans doute encore bien plus que \u00e7a\u2009!<\/p>\n<p class=\" wall-content\">\u00ab\u2009Lorsque Lauriane Gricourt (la directrice des Abattoirs, ndlr) m\u2019a dit qu\u2019elle me donnait carte blanche, j\u2019ai eu le sentiment que je pouvais <strong>enfin cristalliser mon archipel<\/strong>\u2009\u00bb, se r\u00e9jouit Jean-Charles de Castelbajac, qui a forg\u00e9 son art tr\u00e8s t\u00f4t, <strong>d\u00e8s l\u2019\u00e2ge de 17\u00a0ans<\/strong> (\u00abun refuge et une r\u00e9sistance\u2009\u00bb \u00e0 la duret\u00e9 de son enfance, aime-t-il \u00e0 dire) et qui a su sans cesse se renouveler \u00e0 travers ses diff\u00e9rentes cr\u00e9ations et collaborations.<\/p>\n<p>Vid\u00e9os : en ce moment sur Actu<br \/>\n    <img   decoding=\"async\" loading=\"lazy\" src=\"https:\/\/www.europesays.com\/fr\/wp-content\/uploads\/2025\/12\/expo-castelbajac-toulouse5-960x640.jpeg\" alt=\"Des pi\u00e8ces iconiques sont \u00e0 d\u00e9couvrir, comme ce manteau teddy bear. \" width=\"960\" height=\"640\"\/><br \/>\n    Des pi\u00e8ces iconiques sont \u00e0 d\u00e9couvrir, comme ce manteau teddy-bear. (\u00a9Gabriel Kenedi \/ Actu Toulouse)<\/p>\n<p>Votre r\u00e9gion, votre actu !<\/p>\n<p>Recevez chaque jour les infos qui comptent pour vous.<\/p>\n<p>\t<a href=\"https:\/\/actu.fr\/newsletter\" class=\"ac-btn ac-btn--corner ac-btn--medium ac-btn--blue800\" target=\"_blank\" rel=\"noopener\">S&rsquo;incrire<\/a><br \/>\nDes pi\u00e8ces iconiques<\/p>\n<p class=\" wall-content\">De cette grande r\u00e9trospective, qui propose <strong>pr\u00e8s de 300 \u0153uvres<\/strong> choisies avec soin par Jean-Charles de Castelbajac himself, on retrouve de <strong>nombreuses pi\u00e8ces iconiques<\/strong> (des fameux manteaux teddy-bear jusqu\u2019aux v\u00eatements liturgiques port\u00e9s dans le cadre de la r\u00e9ouverture de Notre Dame de Paris) mais aussi<strong> des facettes moins connues<\/strong> de cet artiste touche-\u00e0-tout, un terme qui l\u2019amuse.<\/p>\n<blockquote class=\"ac-article-quote wall-content\">\n<p>\u00ab\u00a0Anticiper, \u00e7a veut dire respirer l\u2019air du temps avant les autres. Et moi, j\u2019ai voulu respirer l\u2019air du temps avant les autres, parce que j\u2019aimais ce qui \u00e9tait bizarre, j\u2019aimais ce qui \u00e9tait alternatif, j\u2019aimais ce qui \u00e9tait \u00e0 contre-courant, j\u2019aimais ce qui \u00e9tait hors norme, j\u2019aimais ce qui \u00e9tait punk, j\u2019aimais ce qui \u00e9tait rock, j\u2019aimais les bidouillages, j\u2019aimais les artistes qui n\u2019\u00e9taient pas c\u00e9l\u00e9br\u00e9s, ceux qu\u2019on ne comprenait pas. Car ceux qu\u2019on ne comprend pas, ce sont des artistes qu\u2019on comprendra dans le futur\u00a0\u00bb.<\/p>\n<p>    <strong>Jean-Charles de Castelbajac<\/strong>\n            <\/p><\/blockquote>\n<p class=\" wall-content\"><strong>D\u00e9tournements <\/strong>et <strong>collaborations<\/strong> sont d\u2019ailleurs au c\u0153ur de sa pratique\u00a0qui s\u2019inscrit quelque part entre l\u2019art, la mode, la musique, entre l\u2019histoire, le sacr\u00e9, la pop culture et l\u2019enfance.<\/p>\n<p>\u00ab\u2009Une vision tr\u00e8s singuli\u00e8re de la mode\u2009\u00bb.<\/p>\n<p class=\" wall-content\">Pour<strong> Lauriane Gricourt<\/strong>, cette exposition est l\u00e0 pour<strong> \u00ab\u2009combler un certain manque\u2009\u00bb<\/strong>.<\/p>\n<p class=\" wall-content\">Elle s\u2019explique\u2009: \u00ab\u2009On conna\u00eet souvent le travail de Jean-Charles de Castelbajac \u00e0 travers une seule dimension, notamment \u00e0 travers ses pi\u00e8ces iconiques. Mais ce n\u2019est qu\u2019une vision tr\u00e8s partielle, d\u2019un travail extr\u00eamement riche, qui est multiple, prot\u00e9iforme et dont la<strong> vision de la mode est tr\u00e8s singuli\u00e8re<\/strong> et pionni\u00e8re. Il a inspir\u00e9 beaucoup de cr\u00e9ateurs sans que cela soit dit ou que cela ne soit su. On voulait montrer cela et mettre en avant sa vision tr\u00e8s singuli\u00e8re de la cr\u00e9ation en g\u00e9n\u00e9ral. Cette r\u00e9trospective porte un regard in\u00e9dit sur le travail de Jean-Charles de Castelbajac, qui n\u2019avait jamais \u00e9t\u00e9 pr\u00e9sent\u00e9 dans un mus\u00e9e d\u2019art contemporain\u2009\u00bb, souligne la directrice du mus\u00e9e, qui entend aussi casser \u00e0 sa mani\u00e8re les <strong>codes et les barri\u00e8res<\/strong> en proposant pour la premi\u00e8re fois<strong> \u00ab\u2009une exposition de mode\u2009\u00bb<\/strong> aux Abattoirs.<\/p>\n<p>Un voyage initiatique et une volont\u00e9 de transmission<br \/>\n    <img   decoding=\"async\" loading=\"lazy\" src=\"https:\/\/www.europesays.com\/fr\/wp-content\/uploads\/2025\/12\/whatsapp-image-2025-12-11-at-172624-960x640.jpeg\" alt=\"Jean-Charles de Castelbajac devant ses cr\u00e9ations imagin\u00e9es dans le cadre de la r\u00e9ouverture de Notre Dame de Paris\" width=\"960\" height=\"640\"\/><br \/>\n    Jean-Charles de Castelbajac devant ses cr\u00e9ations imagin\u00e9es dans le cadre de la r\u00e9ouverture de Notre Dame de Paris (\u00a9Gabriel Kenedi \/ Actu Toulouse)<\/p>\n<p class=\" wall-content\">Jean-Charles de Castelbajac, un artiste \u00ab<strong>\u2009tr\u00e8s poreux aux transformations de la soci\u00e9t\u00e9<\/strong>, aux vibrations du monde\u2009\u00bb, a su aussi se remettre en question au fil des d\u00e9cennies.<\/p>\n<p class=\" wall-content\">On ne d\u00e9voilera pas tout \u2013 <strong>un tr\u00e9sor qui le lie fortement \u00e0 Toulouse<\/strong> est notamment d\u00e9voil\u00e9 en fin d\u2019exposition \u2013 mais \u00e0 travers un parcours th\u00e9matique foisonnant et immersif, ponctu\u00e9 <strong>d\u2019installations r\u00e9alis\u00e9es sp\u00e9cialement pour les Abattoirs<\/strong>, Jean-Charles de Castelbajac propose un voyage presque initiatique dans son univers.<\/p>\n<p class=\" wall-content\">Ce qui est \u00e9mouvant, aussi et surtout, \u00e0 travers cette r\u00e9trospective Jean-Charles de Castelbajac, c\u2019est aussi <strong>cette volont\u00e9 transmission<\/strong> aux g\u00e9n\u00e9rations futures qui transpire chez le c\u00e9l\u00e8bre cr\u00e9ateur.<\/p>\n<p class=\" wall-content\">\u00ab\u2009J\u2019ai voulu transformer les Abattoirs en un ch\u00e2teau,<strong> un endroit immersif<\/strong>, un endroit o\u00f9 on peut s\u2019approprier les murs. Cette exposition est l\u00e0 pour transmettre et dire\u2009: \u2018regarde ce que j\u2019ai fait, utilise mes techniques, <strong>prends ma technique de d\u00e9tournement<\/strong>, impose-la\u2009!\u2019\u00bb.<\/p>\n<p class=\" wall-content\">Il ne reste plus qu\u2019\u00e0 aller voir !<\/p>\n<p>Du 12\u00a0d\u00e9cembre au 23\u00a0ao\u00fbt 2026. Infos et tarifs <a href=\"https:\/\/www.lesabattoirs.org\/\" target=\"_blank\" rel=\"noopener\">sur le site des Abattoirs<\/a>.<\/p>\n<p class=\" wall-content\">Personnalisez votre actualit\u00e9 en ajoutant vos villes et m\u00e9dias en favori avec <a href=\"https:\/\/moncompte.actu.fr\" title=\"D\u00e9couvez Mon Actu\" rel=\"nofollow noopener\" data-trk=\"{&quot;cta&quot;:{&quot;action&quot;:&quot;https:\\\/\\\/moncompte.actu.fr&quot;,&quot;category&quot;:&quot;mon compte&quot;,&quot;from&quot;:&quot;article footer&quot;,&quot;name&quot;:&quot;Mon actu&quot;,&quot;type&quot;:&quot;cta&quot;}}\" target=\"_blank\">Mon Actu<\/a>.<\/p>\n","protected":false},"excerpt":{"rendered":"Par Gabriel Kenedi Publi\u00e9 le 11 d\u00e9c. 2025 \u00e0 19h55 L\u2019art est-il une mode\u2009? Ou la mode est-elle&hellip;\n","protected":false},"author":2,"featured_media":593731,"comment_status":"","ping_status":"","sticky":false,"template":"","format":"standard","meta":{"footnotes":""},"categories":[2816],"tags":[1111,11,1777,674,1011,27,1652,7643,12,2680,25,1341,2312],"class_list":{"0":"post-593730","1":"post","2":"type-post","3":"status-publish","4":"format-standard","5":"has-post-thumbnail","7":"category-toulouse","8":"tag-actu","9":"tag-actualites","10":"tag-eu","11":"tag-europe","12":"tag-fr","13":"tag-france","14":"tag-loisirs-culture","15":"tag-musee-des-abattoirs","16":"tag-news","17":"tag-occitanie","18":"tag-republique-francaise","19":"tag-sortir-a-toulouse","20":"tag-toulouse"},"share_on_mastodon":{"url":"https:\/\/pubeurope.com\/@fr\/115703333847486548","error":""},"_links":{"self":[{"href":"https:\/\/www.europesays.com\/fr\/wp-json\/wp\/v2\/posts\/593730","targetHints":{"allow":["GET"]}}],"collection":[{"href":"https:\/\/www.europesays.com\/fr\/wp-json\/wp\/v2\/posts"}],"about":[{"href":"https:\/\/www.europesays.com\/fr\/wp-json\/wp\/v2\/types\/post"}],"author":[{"embeddable":true,"href":"https:\/\/www.europesays.com\/fr\/wp-json\/wp\/v2\/users\/2"}],"replies":[{"embeddable":true,"href":"https:\/\/www.europesays.com\/fr\/wp-json\/wp\/v2\/comments?post=593730"}],"version-history":[{"count":0,"href":"https:\/\/www.europesays.com\/fr\/wp-json\/wp\/v2\/posts\/593730\/revisions"}],"wp:featuredmedia":[{"embeddable":true,"href":"https:\/\/www.europesays.com\/fr\/wp-json\/wp\/v2\/media\/593731"}],"wp:attachment":[{"href":"https:\/\/www.europesays.com\/fr\/wp-json\/wp\/v2\/media?parent=593730"}],"wp:term":[{"taxonomy":"category","embeddable":true,"href":"https:\/\/www.europesays.com\/fr\/wp-json\/wp\/v2\/categories?post=593730"},{"taxonomy":"post_tag","embeddable":true,"href":"https:\/\/www.europesays.com\/fr\/wp-json\/wp\/v2\/tags?post=593730"}],"curies":[{"name":"wp","href":"https:\/\/api.w.org\/{rel}","templated":true}]}}