{"id":593732,"date":"2025-12-11T22:38:13","date_gmt":"2025-12-11T22:38:13","guid":{"rendered":"https:\/\/www.europesays.com\/fr\/593732\/"},"modified":"2025-12-11T22:38:13","modified_gmt":"2025-12-11T22:38:13","slug":"dermatose-plusieurs-blocages-menes-par-les-agriculteurs-autour-de-toulouse-ce-jeudi-soir","status":"publish","type":"post","link":"https:\/\/www.europesays.com\/fr\/593732\/","title":{"rendered":"Dermatose\u00a0: plusieurs blocages men\u00e9s par les agriculteurs autour de Toulouse ce jeudi soir"},"content":{"rendered":"<p>Alors que les gendarmes interviennent aux Bordes-sur-Arize (Ari\u00e8ge) aux abords de la ferme touch\u00e9e par la dermatose, o\u00f9 le troupeau doit \u00eatre totalement abattu, les agriculteurs ont men\u00e9 plusieurs op\u00e9rations \u00ab\u00a0coup de poing\u00a0\u00bb avec des blocages autour de Toulouse.<\/p>\n<p>La col\u00e8re des Bordes-sur-Arize commence \u00e0 faire t\u00e2che d&rsquo;huile un peu partout en Occitanie. Alors que les gendarmes interviennent sur la ferme ari\u00e9geoise touch\u00e9e par la dermatose, plusieurs actions de blocage sont men\u00e9es ce jeudi soir autour de Toulouse.<\/p>\n<p>Les Jeunes Agriculteurs ont appel\u00e9 \u00e0 la mobilisation, et les membres du syndicat agricole ont ainsi bloqu\u00e9 plusieurs autoroutes ou \u00e9changeurs en fin de journ\u00e9e. Une quarantaine d&rsquo;agriculteurs s&rsquo;est ainsi install\u00e9e <strong>\u00e0 la sortie de l&rsquo;A61 \u00e0 Villefranche-de-Lauragais<\/strong>, o\u00f9 le trafic a \u00e9t\u00e9 stopp\u00e9.<\/p>\n<p>Mobilisation aussi <strong>sur l&rsquo;A62 dans le secteur d&rsquo;Eurocentre<\/strong>, et sur <strong>l&rsquo;A645 (la bretelle de sortie de l&rsquo;A64 pr\u00e8s de Montr\u00e9jeau)<\/strong> dans le Comminges.\u00a0 Une trentaine d&rsquo;agriculteurs au volant de tracteurs s&rsquo;est aussi invit\u00e9e au niveau de Montastruc-la-Conseill\u00e8re sur <strong>l&rsquo;autoroute A68 dans le sens Albi-Toulouse<\/strong>. Selon un repr\u00e9sentant des Jeunes Agriculteurs sur place, cette mobilisation devait cesser dans la nuit, tout comme ailleurs en Haute-Garonne.<\/p>\n<p>Ce jeudi soir, le syndicat voulait mener des actions \u00ab\u00a0coup de poing\u00a0\u00bb pour prouver sa rapidit\u00e9 de mobilisation. Il n&rsquo;exclut pas une action beaucoup plus forte \u00e0 partir de lundi matin.<\/p>\n","protected":false},"excerpt":{"rendered":"Alors que les gendarmes interviennent aux Bordes-sur-Arize (Ari\u00e8ge) aux abords de la ferme touch\u00e9e par la dermatose, o\u00f9&hellip;\n","protected":false},"author":2,"featured_media":593733,"comment_status":"","ping_status":"","sticky":false,"template":"","format":"standard","meta":{"footnotes":""},"categories":[2816],"tags":[1111,11,1777,674,1011,27,12,2680,25,2312],"class_list":{"0":"post-593732","1":"post","2":"type-post","3":"status-publish","4":"format-standard","5":"has-post-thumbnail","7":"category-toulouse","8":"tag-actu","9":"tag-actualites","10":"tag-eu","11":"tag-europe","12":"tag-fr","13":"tag-france","14":"tag-news","15":"tag-occitanie","16":"tag-republique-francaise","17":"tag-toulouse"},"share_on_mastodon":{"url":"https:\/\/pubeurope.com\/@fr\/115703336484574369","error":""},"_links":{"self":[{"href":"https:\/\/www.europesays.com\/fr\/wp-json\/wp\/v2\/posts\/593732","targetHints":{"allow":["GET"]}}],"collection":[{"href":"https:\/\/www.europesays.com\/fr\/wp-json\/wp\/v2\/posts"}],"about":[{"href":"https:\/\/www.europesays.com\/fr\/wp-json\/wp\/v2\/types\/post"}],"author":[{"embeddable":true,"href":"https:\/\/www.europesays.com\/fr\/wp-json\/wp\/v2\/users\/2"}],"replies":[{"embeddable":true,"href":"https:\/\/www.europesays.com\/fr\/wp-json\/wp\/v2\/comments?post=593732"}],"version-history":[{"count":0,"href":"https:\/\/www.europesays.com\/fr\/wp-json\/wp\/v2\/posts\/593732\/revisions"}],"wp:featuredmedia":[{"embeddable":true,"href":"https:\/\/www.europesays.com\/fr\/wp-json\/wp\/v2\/media\/593733"}],"wp:attachment":[{"href":"https:\/\/www.europesays.com\/fr\/wp-json\/wp\/v2\/media?parent=593732"}],"wp:term":[{"taxonomy":"category","embeddable":true,"href":"https:\/\/www.europesays.com\/fr\/wp-json\/wp\/v2\/categories?post=593732"},{"taxonomy":"post_tag","embeddable":true,"href":"https:\/\/www.europesays.com\/fr\/wp-json\/wp\/v2\/tags?post=593732"}],"curies":[{"name":"wp","href":"https:\/\/api.w.org\/{rel}","templated":true}]}}