{"id":593734,"date":"2025-12-11T22:39:17","date_gmt":"2025-12-11T22:39:17","guid":{"rendered":"https:\/\/www.europesays.com\/fr\/593734\/"},"modified":"2025-12-11T22:39:17","modified_gmt":"2025-12-11T22:39:17","slug":"un-poids-lourd-en-panne-cree-de-gros-bouchons-a-la-sortie-de-lille","status":"publish","type":"post","link":"https:\/\/www.europesays.com\/fr\/593734\/","title":{"rendered":"un poids lourd en panne cr\u00e9e de gros bouchons \u00e0 la sortie de Lille"},"content":{"rendered":"<p>                    Par<br \/>\n        <strong><br \/>\n            <a href=\"https:\/\/actu.fr\/auteur\/nicolas-demollien\" title=\"Consulter tous les articles de Nicolas Demollien\" target=\"_blank\" rel=\"noopener\">Nicolas Demollien<\/a><br \/>\n                    <\/strong><\/p>\n<p>        Publi\u00e9 le<\/p>\n<p>            11 d\u00e9c. 2025 \u00e0 17h00<br \/>\n        ; mis \u00e0 jour le 11 d\u00e9c. 2025 \u00e0 17h05    <\/p>\n<p>Il va falloir prendre votre mal en patience. Ce <b>jeudi 11 d\u00e9cembre 2025<\/b>, d<b>\u2018importants bouchons<\/b> se sont cr\u00e9\u00e9s \u00e0 la sortie de <a href=\"https:\/\/actu.fr\/hauts-de-france\/lille_59350\" target=\"_blank\" rel=\"noopener\">Lille<\/a> (Nord) en raison d\u2019un <b>poids lourd en panne<\/b> sur l\u2019<b>autoroute A25<\/b>. La <a href=\"https:\/\/actu.fr\/tag\/circulation\" target=\"_blank\" rel=\"noopener\">circulation<\/a> est tr\u00e8s compliqu\u00e9e en raison des <b>r\u00e9percussions de cet incident sur la M652<\/b>.<\/p>\n<p>Gros bouchons \u00e0 la sortie de Lille ce jeudi 11 d\u00e9cembre<\/p>\n<p class=\" wall-content\">Le poids lourd est en effet en panne \u00e0 hauteur de <a href=\"https:\/\/actu.fr\/hauts-de-france\/ennetieres-en-weppes_59196\" target=\"_blank\" rel=\"noopener\">Enneti\u00e8res-en-Weppes<\/a>, dans le s<b>ens Lille \u2013 Dunkerque.<\/b> \u00ab\u00a0Il se trouve sur la <b>bande d\u2019arr\u00eat d\u2019urgence<\/b>. La voie de droite est neutralis\u00e9e\u00a0\u00bb, d\u00e9taille-t-on du c\u00f4t\u00e9 de la pr\u00e9fecture.<\/p>\n<p class=\" wall-content\">Un <b>bouchon de 8km<\/b>, en augmentation, s\u2019\u00e9tait form\u00e9 en amont de cet incident aux alentours de 16h45. Vers 17h05, l\u2019accident \u00e9tait termin\u00e9 mais 10 kilom\u00e8tres de bouchons demeuraient, avec une r\u00e9sorption lente en perspective.\u00a0<\/p>\n<p class=\" wall-content\">D\u2019autant que cela a engendr\u00e9 une <b>r\u00e9percussion de 4 km<\/b> qui s\u2019est form\u00e9e \u00e9galement sur la M652 depuis <a href=\"https:\/\/actu.fr\/hauts-de-france\/lambersart_59328\" target=\"_blank\" rel=\"noopener\">Lambersart<\/a>. Les autorit\u00e9s recommandaient d\u2019\u00e9viter ces secteurs.<\/p>\n<p class=\" wall-content\">Personnalisez votre actualit\u00e9 en ajoutant vos villes et m\u00e9dias en favori avec <a href=\"https:\/\/moncompte.actu.fr\" title=\"D\u00e9couvez Mon Actu\" rel=\"nofollow noopener\" data-trk=\"{&quot;cta&quot;:{&quot;action&quot;:&quot;https:\\\/\\\/moncompte.actu.fr&quot;,&quot;category&quot;:&quot;mon compte&quot;,&quot;from&quot;:&quot;article footer&quot;,&quot;name&quot;:&quot;Mon actu&quot;,&quot;type&quot;:&quot;cta&quot;}}\" target=\"_blank\">Mon Actu<\/a>.<\/p>\n","protected":false},"excerpt":{"rendered":"Par Nicolas Demollien Publi\u00e9 le 11 d\u00e9c. 2025 \u00e0 17h00 ; mis \u00e0 jour le 11 d\u00e9c. 2025&hellip;\n","protected":false},"author":2,"featured_media":593735,"comment_status":"","ping_status":"","sticky":false,"template":"","format":"standard","meta":{"footnotes":""},"categories":[2815],"tags":[1111,11,3542,1777,674,1011,27,811,1307,12,25,104],"class_list":{"0":"post-593734","1":"post","2":"type-post","3":"status-publish","4":"format-standard","5":"has-post-thumbnail","7":"category-lille","8":"tag-actu","9":"tag-actualites","10":"tag-circulation","11":"tag-eu","12":"tag-europe","13":"tag-fr","14":"tag-france","15":"tag-hauts-de-france","16":"tag-lille","17":"tag-news","18":"tag-republique-francaise","19":"tag-societe"},"share_on_mastodon":{"url":"https:\/\/pubeurope.com\/@fr\/115703340596724759","error":""},"_links":{"self":[{"href":"https:\/\/www.europesays.com\/fr\/wp-json\/wp\/v2\/posts\/593734","targetHints":{"allow":["GET"]}}],"collection":[{"href":"https:\/\/www.europesays.com\/fr\/wp-json\/wp\/v2\/posts"}],"about":[{"href":"https:\/\/www.europesays.com\/fr\/wp-json\/wp\/v2\/types\/post"}],"author":[{"embeddable":true,"href":"https:\/\/www.europesays.com\/fr\/wp-json\/wp\/v2\/users\/2"}],"replies":[{"embeddable":true,"href":"https:\/\/www.europesays.com\/fr\/wp-json\/wp\/v2\/comments?post=593734"}],"version-history":[{"count":0,"href":"https:\/\/www.europesays.com\/fr\/wp-json\/wp\/v2\/posts\/593734\/revisions"}],"wp:featuredmedia":[{"embeddable":true,"href":"https:\/\/www.europesays.com\/fr\/wp-json\/wp\/v2\/media\/593735"}],"wp:attachment":[{"href":"https:\/\/www.europesays.com\/fr\/wp-json\/wp\/v2\/media?parent=593734"}],"wp:term":[{"taxonomy":"category","embeddable":true,"href":"https:\/\/www.europesays.com\/fr\/wp-json\/wp\/v2\/categories?post=593734"},{"taxonomy":"post_tag","embeddable":true,"href":"https:\/\/www.europesays.com\/fr\/wp-json\/wp\/v2\/tags?post=593734"}],"curies":[{"name":"wp","href":"https:\/\/api.w.org\/{rel}","templated":true}]}}